{"id":32889,"date":"2026-03-14T22:38:14","date_gmt":"2026-03-14T21:38:14","guid":{"rendered":"https:\/\/imalanc.ro\/w\/?p=32889"},"modified":"2026-04-09T16:23:12","modified_gmt":"2026-04-09T14:23:12","slug":"mindazt-aki-magat-felmagasztalja-megalazzak-aki-pedig-megalazza-magat-azt-felmagasztaljak-2","status":"publish","type":"post","link":"https:\/\/imalanc.ro\/w\/mindazt-aki-magat-felmagasztalja-megalazzak-aki-pedig-megalazza-magat-azt-felmagasztaljak-2\/","title":{"rendered":"Mindazt, aki mag\u00e1t felmagasztalja, megal\u00e1zz\u00e1k, aki pedig megal\u00e1zza mag\u00e1t, azt felmagasztalj\u00e1k"},"content":{"rendered":"<p><em>Abban az id\u0151ben az elbizakodottaknak, akik magukat igaznak tartott\u00e1k, m\u00e1sokat pedig megvetettek, J\u00e9zus ezt a p\u00e9ldabesz\u00e9det mondta:<\/em><br \/>\n<!--more--><a href=\"https:\/\/imalanc.ro\/w\/wp-content\/uploads\/Gyontatas1.jpg\"><img loading=\"lazy\" decoding=\"async\" class=\"aligncenter wp-image-14268 size-full\" src=\"https:\/\/imalanc.ro\/w\/wp-content\/uploads\/Gyontatas1.jpg\" alt=\"Istenem, l\u00e9gy irgalmas nekem, b\u0171n\u00f6snek\" width=\"580\" height=\"344\" srcset=\"https:\/\/imalanc.ro\/w\/wp-content\/uploads\/Gyontatas1.jpg 580w, https:\/\/imalanc.ro\/w\/wp-content\/uploads\/Gyontatas1-300x178.jpg 300w\" sizes=\"auto, (max-width: 580px) 100vw, 580px\" \/><\/a><\/p>\n<p><em>\u201eK\u00e9t ember f\u00f6lment a templomba im\u00e1dkozni, az egyik farizeus volt, a m\u00e1sik v\u00e1mos.<\/em><\/p>\n<p><em>A farizeus meg\u00e1llt, \u00e9s \u00edgy im\u00e1dkozott mag\u00e1ban: \u00bbIstenem, h\u00e1l\u00e1t adok neked, hogy nem vagyok olyan, mint a t\u00f6bbi ember, rabl\u00f3, igazs\u00e1gtalan, h\u00e1zass\u00e1gt\u00f6r\u0151, mint ez a v\u00e1mos is. K\u00e9tszer b\u00f6jt\u00f6l\u00f6k hetenk\u00e9nt, \u00e9s tizedet adok mindenb\u0151l, amim van.\u00ab<\/em><\/p>\n<p><em>A v\u00e1mos pedig t\u00e1volabb \u00e1llt meg, \u00e9s a szem\u00e9t sem merte az \u00e9gre emelni, hanem a mell\u00e9t verve \u00edgy sz\u00f3lt: \u00bbIstenem, l\u00e9gy irgalmas nekem, b\u0171n\u00f6snek!\u00ab<\/em><\/p>\n<p><em>Mondom nektek, hogy ez megigazultan ment haza, amaz viszont nem. Mert mindazt, aki mag\u00e1t felmagasztalja, megal\u00e1zz\u00e1k, aki pedig megal\u00e1zza mag\u00e1t, azt felmagasztalj\u00e1k.\u201d<\/em><\/p>\n<p style=\"text-align: center;\"><strong><em>Luk\u00e1csEvang\u00e9liuma 18,9-14<\/em><\/strong><\/p>\n<p><strong><em>Lk 18, 11b<\/em><\/strong><br \/>\nAmikor a farizeus im\u00e1dkozni kezd, szavai els\u0151 hall\u00e1sra h\u00e1l\u00e1nak t\u0171nnek: \u201eIstenem, h\u00e1l\u00e1t adok neked\u2026\u201d. De val\u00f3j\u00e1ban ez az ima nem Istenr\u0151l sz\u00f3l, hanem \u00f6nmag\u00e1r\u00f3l. Nem k\u00e9r, nem al\u00e1zkodik meg, nem ismeri el saj\u00e1t gyenges\u00e9g\u00e9t. Ink\u00e1bb \u00f6sszehasonl\u00edt: \u201enem vagyok olyan, mint a t\u00f6bbi ember.\u201d Ez az ima a vall\u00e1soss\u00e1g egyik legfinomabb k\u00eds\u00e9rt\u00e9s\u00e9t t\u00e1rja fel: az \u00f6nigazults\u00e1got.<\/p>\n<p>A farizeus nem hazudik. Val\u00f3ban b\u00f6jt\u00f6l, tizedet ad, igyekszik a t\u00f6rv\u00e9nyt megtartani. M\u00e9gis valami alapvet\u0151en hib\u00e1s a sz\u00edv\u00e9ben: az er\u00e9ny\u00e9b\u0151l falat \u00e9p\u00edt Isten \u00e9s m\u00e1sok k\u00f6z\u00e9. Vall\u00e1soss\u00e1ga nem h\u00edd, hanem t\u00e1vols\u00e1g.<\/p>\n<p>Az emberi sz\u00edv gyakran m\u0171k\u00f6dik \u00edgy. Nem k\u00f6zvetlen\u00fcl mondjuk ki: \u201e<em>jobb vagyok<\/em>\u201d, hanem finomabb form\u00e1ban jelenik meg: \u00e9n legal\u00e1bb templomba j\u00e1rok, \u00e9n legal\u00e1bb im\u00e1dkozom, \u00e9n legal\u00e1bb nem vagyok olyan, mint \u0151.<\/p>\n<p>Ilyenkor az ima m\u00e1r nem Isten fel\u00e9 emel, hanem m\u00e1sokat tesz l\u00e9pcs\u0151fokk\u00e1 saj\u00e1t igazol\u00e1sunkhoz.<\/p>\n<p>A v\u00e1mos ezzel szemben nem hasonl\u00edtgat. Nem elemzi m\u00e1sok \u00e9let\u00e9t. Nem v\u00e9di mag\u00e1t. Csak ennyit mond: \u201e<em>Istenem, l\u00e9gy irgalmas nekem, b\u0171n\u00f6snek<\/em>.\u201dAz \u0151 im\u00e1j\u00e1ban nincs magyar\u00e1zat, csak igazs\u00e1g. \u00c9s \u00e9ppen ez\u00e9rt van benne tal\u00e1lkoz\u00e1s.<\/p>\n<p>J\u00e9zus Krisztus megd\u00f6bbent\u0151 kijelent\u00e9se szerint nem a vall\u00e1sos farizeus, hanem a b\u0171n\u00e9t felismer\u0151 v\u00e1mos t\u00e9r haza megigazulva. Ez nem azt jelenti, hogy a j\u00f3 cselekedetek \u00e9rt\u00e9ktelenek, hanem azt, hogy Isten el\u0151tt nem az \u00e9rdemeink, hanem az al\u00e1zatunk nyitja meg a sz\u00edvet.<\/p>\n<p>Ez a p\u00e9ldabesz\u00e9d k\u00fcl\u00f6n\u00f6sen vesz\u00e9lyes t\u00fckr\u00f6t tart azok el\u00e9, akik k\u00f6zel \u00e9lnek az egyh\u00e1zhoz, a hithez, a vall\u00e1si gyakorlatokhoz. Mert a hit \u00fatj\u00e1n haladva k\u00f6nnyen \u00e9szrev\u00e9tlen\u00fcl kialakulhat egy lelki g\u0151g: nem a b\u0171n\u00f6kben, hanem az er\u00e9nyekben val\u00f3 b\u00fcszkes\u00e9g.<\/p>\n<p>Az igazi ima ez\u00e9rt mindig \u00edgy kezd\u0151dik: nem m\u00e1sok hib\u00e1ival, hanem a saj\u00e1t sz\u00edvemmel. Tal\u00e1n a leg\u0151szint\u00e9bb ima az, amikor az ember nem tud sokat mondani, csak ezt: \u201e<em>Uram, irgalmazz.<\/em>\u201d \u00c9s ebben a r\u00f6vid mondatban t\u00f6bb igazs\u00e1g lehet, mint a leghosszabb \u00f6nigazol\u00f3 besz\u00e9dben.<\/p>\n<p style=\"text-align: right;\"><strong><em>Ft. R\u00e1duly Istv\u00e1n Zsolt, Torda<\/em><\/strong><\/p>\n","protected":false},"excerpt":{"rendered":"Abban az id\u0151ben az elbizakodottaknak, akik magukat igaznak tartott\u00e1k, m\u00e1sokat pedig megvetettek, J\u00e9zus ezt a p\u00e9ldabesz\u00e9det mondta:","protected":false},"author":2,"featured_media":7901,"comment_status":"closed","ping_status":"closed","sticky":false,"template":"","format":"standard","meta":{"footnotes":""},"categories":[6],"tags":[],"class_list":["post-32889","post","type-post","status-publish","format-standard","has-post-thumbnail","hentry","category-igehirdetesek"],"_links":{"self":[{"href":"https:\/\/imalanc.ro\/w\/wp-json\/wp\/v2\/posts\/32889","targetHints":{"allow":["GET"]}}],"collection":[{"href":"https:\/\/imalanc.ro\/w\/wp-json\/wp\/v2\/posts"}],"about":[{"href":"https:\/\/imalanc.ro\/w\/wp-json\/wp\/v2\/types\/post"}],"author":[{"embeddable":true,"href":"https:\/\/imalanc.ro\/w\/wp-json\/wp\/v2\/users\/2"}],"replies":[{"embeddable":true,"href":"https:\/\/imalanc.ro\/w\/wp-json\/wp\/v2\/comments?post=32889"}],"version-history":[{"count":1,"href":"https:\/\/imalanc.ro\/w\/wp-json\/wp\/v2\/posts\/32889\/revisions"}],"predecessor-version":[{"id":32890,"href":"https:\/\/imalanc.ro\/w\/wp-json\/wp\/v2\/posts\/32889\/revisions\/32890"}],"wp:featuredmedia":[{"embeddable":true,"href":"https:\/\/imalanc.ro\/w\/wp-json\/wp\/v2\/media\/7901"}],"wp:attachment":[{"href":"https:\/\/imalanc.ro\/w\/wp-json\/wp\/v2\/media?parent=32889"}],"wp:term":[{"taxonomy":"category","embeddable":true,"href":"https:\/\/imalanc.ro\/w\/wp-json\/wp\/v2\/categories?post=32889"},{"taxonomy":"post_tag","embeddable":true,"href":"https:\/\/imalanc.ro\/w\/wp-json\/wp\/v2\/tags?post=32889"}],"curies":[{"name":"wp","href":"https:\/\/api.w.org\/{rel}","templated":true}]}}