{"id":32883,"date":"2026-03-06T22:06:35","date_gmt":"2026-03-06T21:06:35","guid":{"rendered":"https:\/\/imalanc.ro\/w\/?p=32883"},"modified":"2026-04-09T16:23:56","modified_gmt":"2026-04-09T14:23:56","slug":"az-isten-orszagat-elveszik-toletek-es-olyan-nepnek-adjak-amely-majd-megtermi-annak-gyumolcset","status":"publish","type":"post","link":"https:\/\/imalanc.ro\/w\/az-isten-orszagat-elveszik-toletek-es-olyan-nepnek-adjak-amely-majd-megtermi-annak-gyumolcset\/","title":{"rendered":"Az Isten orsz\u00e1g\u00e1t elveszik t\u0151letek, \u00e9s olyan n\u00e9pnek adj\u00e1k, amely majd megtermi annak gy\u00fcm\u00f6lcs\u00e9t"},"content":{"rendered":"<p><em>Abban az id\u0151ben J\u00e9zus ezt mondta a f\u0151papoknak \u00e9s a n\u00e9p v\u00e9neinek;<\/em><br \/>\n<!--more--><a href=\"https:\/\/imalanc.ro\/w\/wp-content\/uploads\/Istennek-szolgalni-szeretettel.jpg\"><img loading=\"lazy\" decoding=\"async\" class=\"aligncenter wp-image-32887 size-full\" src=\"https:\/\/imalanc.ro\/w\/wp-content\/uploads\/Istennek-szolgalni-szeretettel.jpg\" alt=\"Isten nem a t\u00f6k\u00e9letess\u00e9get keresi benn\u00fcnk, hanem a term\u0151 \u00e9letet. Azt az \u00e9letet, amely nem csak kapni akar a sz\u0151l\u0151skertb\u0151l, hanem teremni is.\" width=\"580\" height=\"384\" srcset=\"https:\/\/imalanc.ro\/w\/wp-content\/uploads\/Istennek-szolgalni-szeretettel.jpg 580w, https:\/\/imalanc.ro\/w\/wp-content\/uploads\/Istennek-szolgalni-szeretettel-300x199.jpg 300w\" sizes=\"auto, (max-width: 580px) 100vw, 580px\" \/><\/a><\/p>\n<p><em>\u201eHallgassatok meg egy m\u00e1sik p\u00e9ldabesz\u00e9det! Volt egy gazdaember, aki sz\u0151l\u0151t telep\u00edtett, beker\u00edtette s\u00f6v\u00e9nnyel, bel\u00fcl pedig tapos\u00f3-g\u00f6dr\u00f6t \u00e1sott, \u00e9s \u0151rtornyot \u00e9p\u00edtett.<\/em><\/p>\n<p><em> Azt\u00e1n r\u00e1b\u00edzta a sz\u0151l\u0151t a munk\u00e1sokra, \u00e9s elutazott. Amikor elj\u00f6tt a sz\u00fcret ideje, elk\u00fcldte szolg\u00e1it a sz\u0151l\u0151munk\u00e1sokhoz, hogy a term\u00e9st \u00e1tvegy\u00e9k. \u00c1m a sz\u0151l\u0151munk\u00e1sok megragadt\u00e1k a szolg\u00e1it, s az egyiket \u00f6sszevert\u00e9k, a m\u00e1sikat meg\u00f6lt\u00e9k, a harmadikat pedig megk\u00f6vezt\u00e9k. Erre m\u00e1s szolg\u00e1kat k\u00fcld\u00f6tt, t\u00f6bbet, mint el\u0151sz\u00f6r, de ezekkel is ugyan\u00fagy b\u00e1ntak. <\/em><\/p>\n<p><em>V\u00e9g\u00fcl a fi\u00e1t k\u00fcldte el hozz\u00e1juk, mondv\u00e1n: \u00bbA fiamat csak megbecs\u00fclik!\u00ab Amikor azonban a sz\u0151l\u0151munk\u00e1sok megl\u00e1tt\u00e1k a fi\u00fat, \u00edgy sz\u00f3ltak egym\u00e1shoz: \u00bbEz itt az \u00f6r\u00f6k\u00f6s! Gyertek, \u00f6lj\u00fck meg, \u00e9s mi\u00e9nk lesz az \u00f6r\u00f6ks\u00e9ge!\u00ab Meg is ragadt\u00e1k \u0151t, kidobt\u00e1k a sz\u0151l\u0151b\u0151l, \u00e9s meg\u00f6lt\u00e9k.<\/em><\/p>\n<p><em>Amikor megj\u00f6n a sz\u0151l\u0151skert ura, ugyan mit tesz majd ezekkel a sz\u0151l\u0151munk\u00e1sokkal?\u201d<\/em><\/p>\n<p><em>Ezt v\u00e1laszolt\u00e1k: \u201eGonoszul elb\u00e1nik a gonoszokkal, a sz\u0151l\u0151t pedig m\u00e1s munk\u00e1sokra b\u00edzza, akik idej\u00e9ben \u00e1tadj\u00e1k neki a term\u00e9st.\u201d <\/em><\/p>\n<p><em>J\u00e9zus \u00edgy folytatta: \u201eNem olvast\u00e1tok soha az \u00edr\u00e1sokban: \u00bbA k\u0151, melyet az \u00e9p\u00edt\u0151k elvetettek, m\u00e9gis szegletk\u0151v\u00e9 lett, az \u00dar tette azz\u00e1, \u00e9s szem\u00fcnkben csod\u00e1latos ez!\u00ab<\/em><\/p>\n<p><em>Ez\u00e9rt mondom nektek: Az Isten orsz\u00e1g\u00e1t elveszik t\u0151letek, \u00e9s olyan n\u00e9pnek adj\u00e1k, amely majd megtermi annak gy\u00fcm\u00f6lcs\u00e9t.\u201d<\/em><br \/>\n<em>A f\u0151papok \u00e9s a farizeusok hallott\u00e1k a p\u00e9ldabesz\u00e9det, \u00e9s meg\u00e9rtett\u00e9k, hogy J\u00e9zus r\u00f3luk besz\u00e9l. El akart\u00e1k fogni, de f\u00e9ltek a n\u00e9pt\u0151l, mert mindenki pr\u00f3f\u00e9t\u00e1nak tartotta.<\/em><\/p>\n<p style=\"text-align: center;\"><strong><em>Mt 21,33-43.45-46<\/em><\/strong><\/p>\n<p>\u201e<em>Az Isten orsz\u00e1g\u00e1t elveszik t\u0151letek, \u00e9s olyan n\u00e9pnek adj\u00e1k, amely majd megtermi annak gy\u00fcm\u00f6lcs\u00e9t<\/em>.\u201d (<strong>Mt 21, 43<\/strong>)<\/p>\n<p>Ez a mondat els\u0151 hall\u00e1sra szinte ijeszt\u0151. \u00dagy hangzik, mintha Isten el akarn\u00e1 venni t\u0151l\u00fcnk az \u0150 orsz\u00e1g\u00e1t. De ha m\u00e9lyebbre n\u00e9z\u00fcnk, akkor r\u00e1j\u00f6v\u00fcnk: nem Isten veszi el \u2013 hanem az ember vesz\u00edti el, amikor nem terem gy\u00fcm\u00f6lcs\u00f6t.<\/p>\n<p>J\u00e9zus a p\u00e9ldabesz\u00e9dben egy sz\u0151l\u0151skert gazd\u00e1j\u00e1r\u00f3l besz\u00e9l. A gazda mindent megtesz: el\u00fclteti a sz\u0151l\u0151t, ker\u00edt\u00e9st \u00e9p\u00edt, tornyot emel, sajt\u00f3t k\u00e9sz\u00edt. Minden adott ahhoz, hogy a sz\u0151l\u0151 teremjen. A baj nem a sz\u0151l\u0151skerttel van, hanem a munk\u00e1sokkal. A sz\u0151l\u0151 megkapta az es\u00e9lyt, de nem hozta meg a gy\u00fcm\u00f6lcs\u00f6t.<\/p>\n<p>Isten ugyan\u00edgy aj\u00e1nd\u00e9kozta meg az embert: hitet adott, kegyelmet adott, k\u00f6z\u00f6ss\u00e9get adott. Megadta az Egyh\u00e1zat, az evang\u00e9liumot, a szents\u00e9geket. A k\u00e9rd\u00e9s azonban mindig ugyanaz marad: terem-e gy\u00fcm\u00f6lcs\u00f6t az \u00e9let\u00fcnk?<\/p>\n<p>Az Isten orsz\u00e1ga nem egy birtok, amit egyszer megkapunk \u00e9s \u00f6r\u00f6kre megtartunk. Az Isten orsz\u00e1ga kapcsolat. \u00c9l\u0151 kapcsolat Istennel. \u00c9s minden kapcsolat akkor \u00e9l, ha gy\u00fcm\u00f6lcs\u00f6t hoz: szeretetet, irgalmat, h\u0171s\u00e9get, igazs\u00e1got.<\/p>\n<p>Ez\u00e9rt J\u00e9zus szavai val\u00f3j\u00e1ban nem fenyeget\u00e9sek, hanem \u00e9breszt\u0151 szavak. Azt mondj\u00e1k: ne el\u00e9gedj\u00fcnk meg azzal, hogy a sz\u0151l\u0151skertben vagyunk. Nem el\u00e9g k\u00f6zel lenni Istenhez \u2013 Isten szerint kell \u00e9lni.<\/p>\n<p>A k\u00e9rd\u00e9s teh\u00e1t nem az, hogy Isten orsz\u00e1ga k\u00f6zel van-e hozz\u00e1nk. Mert k\u00f6zel van. A k\u00e9rd\u00e9s az: van-e gy\u00fcm\u00f6lcs az \u00e9let\u00fcnkben?<\/p>\n<p>Gy\u00fcm\u00f6lcs a csal\u00e1dban \u2013 t\u00fcrelem \u00e9s megbocs\u00e1t\u00e1s.<\/p>\n<p>Gy\u00fcm\u00f6lcs a k\u00f6z\u00f6ss\u00e9gben \u2013 szolg\u00e1lat \u00e9s figyelem.<\/p>\n<p>Gy\u00fcm\u00f6lcs a hitben \u2013 im\u00e1ds\u00e1g \u00e9s h\u0171s\u00e9g.<\/p>\n<p>Isten nem a t\u00f6k\u00e9letess\u00e9get keresi benn\u00fcnk, hanem a term\u0151 \u00e9letet. Azt az \u00e9letet, amely nem csak kapni akar a sz\u0151l\u0151skertb\u0151l, hanem teremni is.<\/p>\n<p>\u00c9s tal\u00e1n ez az evang\u00e9lium egyik legnagyobb rem\u00e9nye:<\/p>\n<p>Isten mindig \u00fajra keresi azokat, akik hajland\u00f3k gy\u00fcm\u00f6lcs\u00f6t hozni. Az \u0150 orsz\u00e1ga nem z\u00e1rul be \u2013 csak term\u0151 sz\u00edveket keres.<\/p>\n<p style=\"text-align: right;\"><strong><em>Ft. R\u00e1duly Istv\u00e1n Zsolt, Torda<\/em><\/strong><\/p>\n","protected":false},"excerpt":{"rendered":"Abban az id\u0151ben J\u00e9zus ezt mondta a f\u0151papoknak \u00e9s a n\u00e9p v\u00e9neinek;","protected":false},"author":2,"featured_media":26346,"comment_status":"closed","ping_status":"closed","sticky":false,"template":"","format":"standard","meta":{"footnotes":""},"categories":[6],"tags":[],"class_list":["post-32883","post","type-post","status-publish","format-standard","has-post-thumbnail","hentry","category-igehirdetesek"],"_links":{"self":[{"href":"https:\/\/imalanc.ro\/w\/wp-json\/wp\/v2\/posts\/32883","targetHints":{"allow":["GET"]}}],"collection":[{"href":"https:\/\/imalanc.ro\/w\/wp-json\/wp\/v2\/posts"}],"about":[{"href":"https:\/\/imalanc.ro\/w\/wp-json\/wp\/v2\/types\/post"}],"author":[{"embeddable":true,"href":"https:\/\/imalanc.ro\/w\/wp-json\/wp\/v2\/users\/2"}],"replies":[{"embeddable":true,"href":"https:\/\/imalanc.ro\/w\/wp-json\/wp\/v2\/comments?post=32883"}],"version-history":[{"count":1,"href":"https:\/\/imalanc.ro\/w\/wp-json\/wp\/v2\/posts\/32883\/revisions"}],"predecessor-version":[{"id":32888,"href":"https:\/\/imalanc.ro\/w\/wp-json\/wp\/v2\/posts\/32883\/revisions\/32888"}],"wp:featuredmedia":[{"embeddable":true,"href":"https:\/\/imalanc.ro\/w\/wp-json\/wp\/v2\/media\/26346"}],"wp:attachment":[{"href":"https:\/\/imalanc.ro\/w\/wp-json\/wp\/v2\/media?parent=32883"}],"wp:term":[{"taxonomy":"category","embeddable":true,"href":"https:\/\/imalanc.ro\/w\/wp-json\/wp\/v2\/categories?post=32883"},{"taxonomy":"post_tag","embeddable":true,"href":"https:\/\/imalanc.ro\/w\/wp-json\/wp\/v2\/tags?post=32883"}],"curies":[{"name":"wp","href":"https:\/\/api.w.org\/{rel}","templated":true}]}}