{"id":32881,"date":"2026-03-05T23:44:49","date_gmt":"2026-03-05T22:44:49","guid":{"rendered":"https:\/\/imalanc.ro\/w\/?p=32881"},"modified":"2026-04-09T14:26:30","modified_gmt":"2026-04-09T12:26:30","slug":"ha-a-halottak-kozul-tamad-is-fel-valaki-annak-sem-hisznek","status":"publish","type":"post","link":"https:\/\/imalanc.ro\/w\/ha-a-halottak-kozul-tamad-is-fel-valaki-annak-sem-hisznek\/","title":{"rendered":"Ha a halottak k\u00f6z\u00fcl t\u00e1mad is fel valaki, annak sem hisznek"},"content":{"rendered":"<p><em>Egy alkalommal J\u00e9zus ezt a p\u00e9ldabesz\u00e9det mondta el a farizeusoknak:<\/em><br \/>\n<!--more--><a href=\"https:\/\/imalanc.ro\/w\/wp-content\/uploads\/A-hazassag-celja-az-udvossegre-vezetes.jpg\"><img loading=\"lazy\" decoding=\"async\" class=\"aligncenter wp-image-10627 size-full\" src=\"https:\/\/imalanc.ro\/w\/wp-content\/uploads\/A-hazassag-celja-az-udvossegre-vezetes.jpg\" alt=\"Az \u00fcdv\u00f6ss\u00e9g sokszor nagyon egyszer\u0171 dolgokon m\u00falik: egy \u00e9szrevett emberen, egy darab keny\u00e9ren, egy irgalmas sz\u00edven.\" width=\"580\" height=\"435\" srcset=\"https:\/\/imalanc.ro\/w\/wp-content\/uploads\/A-hazassag-celja-az-udvossegre-vezetes.jpg 580w, https:\/\/imalanc.ro\/w\/wp-content\/uploads\/A-hazassag-celja-az-udvossegre-vezetes-300x225.jpg 300w\" sizes=\"auto, (max-width: 580px) 100vw, 580px\" \/><\/a><\/p>\n<p><em>\u201eVolt egy gazdag ember. B\u00edborba \u00e9s patyolatba \u00f6lt\u00f6zk\u00f6d\u00f6tt, \u00e9s mindennap d\u00fasan lakm\u00e1rozott. Volt egy L\u00e1z\u00e1r nev\u0171 koldus is, ez ott fek\u00fcdt a gazdag kapuja el\u0151tt, tele fek\u00e9llyel. Sz\u00edvesen j\u00f3llakott volna az \u00e9telmarad\u00e9kb\u00f3l, amely a gazdag ember asztal\u00e1r\u00f3l lehullott, de abb\u00f3l sem adtak neki. Csak a kuty\u00e1k j\u00f6ttek, \u00e9s nyalogatt\u00e1k a sebeit. Meghalt a koldus, \u00e9s az angyalok \u00c1brah\u00e1m kebel\u00e9re vitt\u00e9k. A gazdag is meghalt, \u00e9s eltemett\u00e9k. A pokolban, amikor nagy k\u00ednjai k\u00f6zt feltekintett, megl\u00e1tta messzir\u0151l \u00c1brah\u00e1mot \u00e9s a kebl\u00e9n L\u00e1z\u00e1rt.<\/em><\/p>\n<p><em>Felki\u00e1ltott: \u00bbAty\u00e1m, \u00c1brah\u00e1m! K\u00f6ny\u00f6r\u00fclj rajtam! K\u00fcldd el L\u00e1z\u00e1rt, hogy ujja hegy\u00e9t v\u00edzbe m\u00e1rtva h\u0171s\u00edtse nyelvemet. Iszony\u00faan gy\u00f6tr\u0151d\u00f6m ezekben a l\u00e1ngokban.\u00ab \u00bbFiam \u2013 felelte \u00c1brah\u00e1m \u2013, eml\u00e9kezz\u00e9l r\u00e1, hogy milyen j\u00f3 dolgod volt \u00e9letedben, L\u00e1z\u00e1rnak meg mennyi jutott a rosszb\u00f3l. Most \u0151 itt vigasztal\u00f3dik, te pedig oda\u00e1t gy\u00f6tr\u0151d\u00f6l.<\/em><\/p>\n<p><em>Azonfel\u00fcl k\u00f6zt\u00fcnk \u00e9s k\u00f6ztetek nagy szakad\u00e9k t\u00e1tong, hogy aki inn\u00e9t \u00e1t akarna menni hozz\u00e1tok, ne tudjon, se onn\u00e9t ne tudjon hozz\u00e1nk \u00e1tj\u00f6nni senki.\u00ab \u00bbAkkor arra k\u00e9rlek, aty\u00e1m \u2013 ki\u00e1ltotta \u00fajra \u2013, k\u00fcldd el \u0151t atyai h\u00e1zunkba, ahol m\u00e9g \u00f6t testv\u00e9rem \u00e9l. <\/em><\/p>\n<p><em>Tegyen bizonys\u00e1got el\u0151tt\u00fck, nehogy \u0151k is idejussanak a gy\u00f6trelmek hely\u00e9re.\u00ab<\/em><\/p>\n<p><em>\u00c1brah\u00e1m ezt felelte: \u00bbVan M\u00f3zes\u00fck \u00e9s vannak pr\u00f3f\u00e9t\u00e1ik. Azokra hallgassanak.\u00ab \u00c1m az er\u0151sk\u00f6d\u00f6tt: \u00bbNem teszik, aty\u00e1m, \u00c1brah\u00e1m! De ha valaki, a halottak k\u00f6z\u00fcl elmenne hozz\u00e1juk, b\u0171nb\u00e1natot tartan\u00e1nak.\u00ab<\/em><\/p>\n<p><em>\u0150 azonban \u00edgy felelt: \u00bbHa M\u00f3zesre \u00e9s a pr\u00f3f\u00e9t\u00e1kra nem hallgatnak, akkor m\u00e9g ha a halottak k\u00f6z\u00fcl t\u00e1mad is fel valaki, annak sem hisznek.\u00ab\u201d<\/em><\/p>\n<p style=\"text-align: center;\"><strong><em>Luk\u00e1cs Evang\u00e9liuma 16, 19\u201331<\/em><\/strong><\/p>\n<p>J\u00e9zus Krisztus egyik legmegrend\u00edt\u0151bb p\u00e9ldabesz\u00e9de a gazdag emberr\u0151l \u00e9s a szeg\u00e9ny L\u00e1z\u00e1rr\u00f3l sz\u00f3l. A t\u00f6rt\u00e9net els\u0151 l\u00e1t\u00e1sra a gazdags\u00e1gr\u00f3l \u00e9s a szeg\u00e9nys\u00e9gr\u0151l besz\u00e9l, de val\u00f3j\u00e1ban a sz\u00edv \u00e1llapot\u00e1r\u00f3l.<\/p>\n<p>A gazdag ember b\u00edborba \u00e9s patyolatba \u00f6lt\u00f6z\u00f6tt, \u00e9s nap mint nap f\u00e9nyesen lakom\u00e1zott. Kapuja el\u0151tt ott fek\u00fcdt L\u00e1z\u00e1r, tele sebekkel, \u00e9hesen, kiszolg\u00e1ltatva. A t\u00f6rt\u00e9netben az a legmegr\u00e1z\u00f3bb, hogy a gazdag ember nem b\u00e1ntotta L\u00e1z\u00e1rt, nem \u00fcld\u00f6zte, nem verte meg. Egyszer\u0171en nem vette \u00e9szre. Ez a p\u00e9ldabesz\u00e9d egyik legm\u00e9lyebb \u00fczenete: nem mindig a rosszindulat az ember legnagyobb b\u0171ne, hanem a k\u00f6z\u00f6ny.<\/p>\n<p>L\u00e1z\u00e1r neve jelent\u00e9st hordoz: \u201eIsten seg\u00edt.\u201d Az emberek nem seg\u00edtettek rajta, de Isten igen. Amikor meghal, \u00c1brah\u00e1m kebel\u00e9re ker\u00fcl, vagyis az \u00fcdv\u00f6ss\u00e9gbe. A gazdag ember viszont a szenved\u00e9s hely\u00e9re jut. A p\u00e9ldabesz\u00e9d ezzel nem egyszer\u0171en a f\u00f6ldi viszonyok megfordul\u00e1s\u00e1t mutatja meg, hanem azt, hogy Isten igazs\u00e1ga v\u00e9g\u00fcl felt\u00e1rja az ember \u00e9let\u00e9nek val\u00f3di tartalm\u00e1t.<\/p>\n<p>A gazdag ember a t\u00falvil\u00e1gon v\u00e9gre \u00e9szreveszi L\u00e1z\u00e1rt. De m\u00e1r k\u00e9s\u0151. Amit \u00e9let\u00e9ben nem tett meg \u2013 az irgalmass\u00e1got \u2013, azt m\u00e1r nem tudja p\u00f3tolni.<\/p>\n<p>A t\u00f6rt\u00e9net cs\u00facspontja, amikor a gazdag ember arra k\u00e9ri \u00c1brah\u00e1mot, hogy k\u00fcldje vissza L\u00e1z\u00e1rt figyelmeztetni testv\u00e9reit. \u00c1brah\u00e1m v\u00e1lasza \u00edgy hangzik: ha nem hallgatnak M\u00f3zesre \u00e9s a pr\u00f3f\u00e9t\u00e1kra, akkor m\u00e9g ha valaki felt\u00e1mad a hal\u00e1lb\u00f3l, annak sem hisznek. Ebben a mondatban m\u00e1r ott van a h\u00fasv\u00e9t titka is. Mert valaki val\u00f3ban felt\u00e1madt a hal\u00e1lb\u00f3l: J\u00e9zus Krisztus. \u00c9s m\u00e9gis sokan bez\u00e1rt sz\u00edvvel maradtak.<\/p>\n<p>A p\u00e9ldabesz\u00e9d ez\u00e9rt nemcsak a gazdag emberr\u0151l sz\u00f3l. R\u00f3lunk sz\u00f3l.<\/p>\n<p>A k\u00e9rd\u00e9s nem az, hogy gazdagok vagy szeg\u00e9nyek vagyunk-e, hanem az: \u00e9szrevessz\u00fck-e a kapunk el\u0151tt fekv\u0151 L\u00e1z\u00e1rokat, meghalljuk-e Isten szav\u00e1t a Szent\u00edr\u00e1sban, \u00e9s k\u00e9pesek vagyunk-e irgalommal \u00e9lni. Mert az \u00fcdv\u00f6ss\u00e9g sokszor nagyon egyszer\u0171 dolgokon m\u00falik: egy \u00e9szrevett emberen, egy darab keny\u00e9ren, egy irgalmas sz\u00edven.<\/p>\n<p style=\"text-align: right;\"><strong><em>Ft. R\u00e1duly Istv\u00e1n Zsolt, Torda<\/em><\/strong><\/p>\n","protected":false},"excerpt":{"rendered":"Egy alkalommal J\u00e9zus ezt a p\u00e9ldabesz\u00e9det mondta el a farizeusoknak:","protected":false},"author":2,"featured_media":21546,"comment_status":"closed","ping_status":"closed","sticky":false,"template":"","format":"standard","meta":{"footnotes":""},"categories":[6],"tags":[],"class_list":["post-32881","post","type-post","status-publish","format-standard","has-post-thumbnail","hentry","category-igehirdetesek"],"_links":{"self":[{"href":"https:\/\/imalanc.ro\/w\/wp-json\/wp\/v2\/posts\/32881","targetHints":{"allow":["GET"]}}],"collection":[{"href":"https:\/\/imalanc.ro\/w\/wp-json\/wp\/v2\/posts"}],"about":[{"href":"https:\/\/imalanc.ro\/w\/wp-json\/wp\/v2\/types\/post"}],"author":[{"embeddable":true,"href":"https:\/\/imalanc.ro\/w\/wp-json\/wp\/v2\/users\/2"}],"replies":[{"embeddable":true,"href":"https:\/\/imalanc.ro\/w\/wp-json\/wp\/v2\/comments?post=32881"}],"version-history":[{"count":1,"href":"https:\/\/imalanc.ro\/w\/wp-json\/wp\/v2\/posts\/32881\/revisions"}],"predecessor-version":[{"id":32882,"href":"https:\/\/imalanc.ro\/w\/wp-json\/wp\/v2\/posts\/32881\/revisions\/32882"}],"wp:featuredmedia":[{"embeddable":true,"href":"https:\/\/imalanc.ro\/w\/wp-json\/wp\/v2\/media\/21546"}],"wp:attachment":[{"href":"https:\/\/imalanc.ro\/w\/wp-json\/wp\/v2\/media?parent=32881"}],"wp:term":[{"taxonomy":"category","embeddable":true,"href":"https:\/\/imalanc.ro\/w\/wp-json\/wp\/v2\/categories?post=32881"},{"taxonomy":"post_tag","embeddable":true,"href":"https:\/\/imalanc.ro\/w\/wp-json\/wp\/v2\/tags?post=32881"}],"curies":[{"name":"wp","href":"https:\/\/api.w.org\/{rel}","templated":true}]}}