{"id":32876,"date":"2026-03-12T22:29:48","date_gmt":"2026-03-12T21:29:48","guid":{"rendered":"https:\/\/imalanc.ro\/w\/?p=32876"},"modified":"2026-04-09T14:31:50","modified_gmt":"2026-04-09T12:31:50","slug":"2026-03-12-szent-laszlo-kiraly-nemzeti-tavimaest-22-oratol","status":"publish","type":"post","link":"https:\/\/imalanc.ro\/w\/2026-03-12-szent-laszlo-kiraly-nemzeti-tavimaest-22-oratol\/","title":{"rendered":"2026.03.12. Szent L\u00e1szl\u00f3 kir\u00e1ly \u2013 nemzeti t\u00e1vimaest 22 \u00f3r\u00e1t\u00f3l."},"content":{"rendered":"<p><em>Nem \u00fclhet\u00fcnk ki az \u00fatsz\u00e9lre, hogy a zajl\u00f3 \u00e9let foly\u00e1s\u00e1t k\u00edv\u00fclr\u0151l figyelj\u00fck. <\/em><!--more--><a href=\"https:\/\/imalanc.ro\/w\/wp-content\/uploads\/Egyutt-veletek.jpg\"><img loading=\"lazy\" decoding=\"async\" class=\"aligncenter wp-image-32878 size-full\" src=\"https:\/\/imalanc.ro\/w\/wp-content\/uploads\/Egyutt-veletek.jpg\" alt=\"Hallgasd meg, Urunk, imasz\u00e1nd\u00e9kainkat, melyeket al\u00e1zattal hozunk el\u0151dbe!\" width=\"580\" height=\"384\" srcset=\"https:\/\/imalanc.ro\/w\/wp-content\/uploads\/Egyutt-veletek.jpg 580w, https:\/\/imalanc.ro\/w\/wp-content\/uploads\/Egyutt-veletek-300x199.jpg 300w\" sizes=\"auto, (max-width: 580px) 100vw, 580px\" \/><\/a><\/p>\n<p><em>Nem z\u00e1rk\u00f3zhatunk be a templomba sem, hogy azt, ami a piacokon t\u00f6rt\u00e9nik, ne l\u00e1ssuk. Az esem\u00e9nyek az \u00e9let\u00fcnk\u00f6n mennek kereszt\u00fcl, teh\u00e1t ami t\u00f6rt\u00e9nik, nemcsak a vil\u00e1g dolga, hanem a mi dolgunk is.<\/em> \u00a0 \u2013 <em><strong>Tiszteletrem\u00e9lt\u00f3 M\u00e1rton \u00c1ron<\/strong><\/em> \u2013<\/p>\n<p>A r\u00f3zsaf\u00fcz\u00e9r titkok a <strong>Vil\u00e1goss\u00e1g<\/strong> r\u00f3zsaf\u00fcz\u00e9r tizedeinek titkai. Az imasz\u00e1nd\u00e9kok erre az alkalomra a k\u00f6vetkez\u0151k:<\/p>\n<p>1. \u00daj\u00edtsd meg, Urunk, Nemzet\u00fcnket hitben, becs\u00fcletben, erk\u00f6lcsben \u00e9s a szeretet gyakorl\u00e1s\u00e1ban! \u00c1ldd meg Urunk a magyar csal\u00e1dokat szerte a vil\u00e1gon!<br \/>\n2. Add, Urunk, hogy v\u00e1lasztott vezet\u0151ink n\u00e9p\u00fcnk j\u00f3l\u00e9t\u00e9\u00e9rt sz\u00e1lljanak s\u00edkra \u00e9s tegyenek meg mindent, sorsunk jobbra fordul\u00e1s\u00e1\u00e9rt!<br \/>\n3. \u00c1ldd meg, Urunk, a kisk\u00f6z\u00f6ss\u00e9gek\u00e9rt v\u00e9gzett munk\u00e1t, add, hogy ez\u00e1ltal az emberek Istenbe vetett bizalomra \u00e9s lelki t\u00e1maszra tal\u00e1ljanak!<br \/>\n4. \u00c1ldd meg, Urunk, a Csin\u00f3don fel\u00e9p\u00fclt Gy\u00fcm\u00f6lcsolt\u00f3 Boldogasszony \u00f6kumenikus k\u00e1polna zar\u00e1ndokait!<br \/>\n5. Hallgasd meg, Urunk, imasz\u00e1nd\u00e9kainkat, melyeket al\u00e1zattal hozunk el\u0151dbe!<\/p>\n","protected":false},"excerpt":{"rendered":"Nem \u00fclhet\u00fcnk ki az \u00fatsz\u00e9lre, hogy a zajl\u00f3 \u00e9let foly\u00e1s\u00e1t k\u00edv\u00fclr\u0151l figyelj\u00fck.","protected":false},"author":2,"featured_media":32877,"comment_status":"closed","ping_status":"closed","sticky":false,"template":"","format":"standard","meta":{"footnotes":""},"categories":[5],"tags":[],"class_list":["post-32876","post","type-post","status-publish","format-standard","has-post-thumbnail","hentry","category-csutortoki-imaestek"],"_links":{"self":[{"href":"https:\/\/imalanc.ro\/w\/wp-json\/wp\/v2\/posts\/32876","targetHints":{"allow":["GET"]}}],"collection":[{"href":"https:\/\/imalanc.ro\/w\/wp-json\/wp\/v2\/posts"}],"about":[{"href":"https:\/\/imalanc.ro\/w\/wp-json\/wp\/v2\/types\/post"}],"author":[{"embeddable":true,"href":"https:\/\/imalanc.ro\/w\/wp-json\/wp\/v2\/users\/2"}],"replies":[{"embeddable":true,"href":"https:\/\/imalanc.ro\/w\/wp-json\/wp\/v2\/comments?post=32876"}],"version-history":[{"count":1,"href":"https:\/\/imalanc.ro\/w\/wp-json\/wp\/v2\/posts\/32876\/revisions"}],"predecessor-version":[{"id":32879,"href":"https:\/\/imalanc.ro\/w\/wp-json\/wp\/v2\/posts\/32876\/revisions\/32879"}],"wp:featuredmedia":[{"embeddable":true,"href":"https:\/\/imalanc.ro\/w\/wp-json\/wp\/v2\/media\/32877"}],"wp:attachment":[{"href":"https:\/\/imalanc.ro\/w\/wp-json\/wp\/v2\/media?parent=32876"}],"wp:term":[{"taxonomy":"category","embeddable":true,"href":"https:\/\/imalanc.ro\/w\/wp-json\/wp\/v2\/categories?post=32876"},{"taxonomy":"post_tag","embeddable":true,"href":"https:\/\/imalanc.ro\/w\/wp-json\/wp\/v2\/tags?post=32876"}],"curies":[{"name":"wp","href":"https:\/\/api.w.org\/{rel}","templated":true}]}}