{"id":32867,"date":"2026-03-02T21:59:57","date_gmt":"2026-03-02T20:59:57","guid":{"rendered":"https:\/\/imalanc.ro\/w\/?p=32867"},"modified":"2026-03-14T22:32:49","modified_gmt":"2026-03-14T21:32:49","slug":"legyetek-irgalmasok-amint-mennyei-atyatok-is-irgalmas","status":"publish","type":"post","link":"https:\/\/imalanc.ro\/w\/legyetek-irgalmasok-amint-mennyei-atyatok-is-irgalmas\/","title":{"rendered":"Legyetek irgalmasok, amint mennyei Aty\u00e1tok is irgalmas"},"content":{"rendered":"<p><em>A hegyi besz\u00e9d\u00e9ben J\u00e9zus \u00edgy sz\u00f3lt tan\u00edtv\u00e1nyaihoz:<\/em><br \/>\n<!--more--><a href=\"https:\/\/imalanc.ro\/w\/wp-content\/uploads\/Irgalmassag.jpg\"><img loading=\"lazy\" decoding=\"async\" class=\"aligncenter wp-image-11794 size-full\" src=\"https:\/\/imalanc.ro\/w\/wp-content\/uploads\/Irgalmassag.jpg\" alt=\"Az irgalom \u00edgy nem gyenges\u00e9g, hanem az Istenhez hasonl\u00f3 sz\u00edv ereje.\" width=\"580\" height=\"610\" srcset=\"https:\/\/imalanc.ro\/w\/wp-content\/uploads\/Irgalmassag.jpg 580w, https:\/\/imalanc.ro\/w\/wp-content\/uploads\/Irgalmassag-285x300.jpg 285w\" sizes=\"auto, (max-width: 580px) 100vw, 580px\" \/><\/a><\/p>\n<p><em>\u201eLegyetek irgalmasok, amint mennyei Aty\u00e1tok is irgalmas. Ne mondjatok \u00edt\u00e9letet senki f\u00f6l\u00f6tt, s akkor f\u00f6l\u00f6ttetek sem \u00edt\u00e9lkeznek. <\/em><\/p>\n<p><em>Ne \u00edt\u00e9ljetek el senkit, s akkor titeket sem \u00edt\u00e9lnek el. Bocs\u00e1ssatok meg, \u00e9s nektek is megbocs\u00e1tanak. Adjatok, \u00e9s akkor ti is kaptok. <\/em><\/p>\n<p><em>J\u00f3, t\u00f6m\u00f6tt, megr\u00e1zott \u00e9s t\u00falcsordul\u00f3 m\u00e9rt\u00e9kkel m\u00e9rnek \u00f6letekbe. Mert amilyen m\u00e9rt\u00e9kkel ti m\u00e9rtek, olyannal m\u00e9rnek majd nektek is.\u201d<\/em><\/p>\n<p style=\"text-align: center;\"><strong><em>Luk\u00e1cs Evang\u00e9liuma 6,36-38<\/em><\/strong><\/p>\n<p>\u201e<em>Legyetek irgalmasok, amint mennyei Aty\u00e1tok is irgalmas.<\/em>\u201d (<strong>Lk 6,36<\/strong>)<\/p>\n<p>J\u00e9zus ebben az egyetlen mondatban a kereszt\u00e9ny \u00e9let egyik legm\u00e9lyebb m\u00e9rc\u00e9j\u00e9t adja el\u00e9nk. Nem egyszer\u0171en azt mondja: legyetek j\u00f3k, t\u00fcrelmesek vagy igazs\u00e1gosak \u2014 hanem azt, hogy legyetek irgalmasok, m\u00e9gpedig \u00fagy, ahogyan maga az Isten az.<\/p>\n<p>Az irgalmass\u00e1g t\u00f6bb, mint sajn\u00e1lat. Nem puszta \u00e9rzelem, hanem d\u00f6nt\u00e9s: a m\u00e1sik emberre nem a hib\u00e1in kereszt\u00fcl tekinteni. Isten nem az\u00e9rt szeret minket, mert t\u00f6k\u00e9letesek vagyunk, hanem az\u00e9rt, mert az \u00f6v\u00e9i vagyunk. \u00dajra \u00e9s \u00fajra felemel, megbocs\u00e1t, es\u00e9lyt ad \u2014 akkor is, amikor mi m\u00e1r lemondan\u00e1nk magunkr\u00f3l.<\/p>\n<p>J\u00e9zus arra h\u00edv, hogy ezt az isteni tekintetet tanuljuk meg. Mert milyen k\u00f6nny\u0171 \u00edt\u00e9lni! K\u00f6nny\u0171 eml\u00e9kezni a s\u00e9relmekre, sz\u00e1montartani a b\u00e1nt\u00e1sokat, falakat \u00e9p\u00edteni a sz\u00edv\u00fcnkben. Az irgalmass\u00e1g azonban lebontja ezeket a falakat. Nem tagadja a rosszat, de nem engedi, hogy a rossz\u00e9 legyen az utols\u00f3 sz\u00f3.<\/p>\n<p>Az irgalmas ember tudja: \u0151 maga is irgalomb\u00f3l \u00e9l. Aki felismeri, mennyi t\u00fcrelmet kapott Istent\u0151l, az lassan megtanul t\u00fcrelmes lenni m\u00e1sokkal is. Az irgalom \u00edgy nem gyenges\u00e9g, hanem az Istenhez hasonl\u00f3 sz\u00edv ereje.<\/p>\n<p>Ma tal\u00e1n \u00e9ppen ott h\u00edv minket az \u00dar az irgalmass\u00e1gra, ahol a legnehezebb: egy r\u00e9gi s\u00e9relemben, egy neh\u00e9z kapcsolatban, vagy saj\u00e1t magunk elfogad\u00e1s\u00e1ban. Mert n\u00e9ha \u00f6nmagunkkal szemben vagyunk a legkem\u00e9nyebb b\u00edr\u00e1k.<\/p>\n<p>Ha irgalmasok vagyunk, akkor a vil\u00e1g egy kicsit jobban hasonl\u00edt arra az orsz\u00e1gra, amelyet J\u00e9zus hirdetett \u2014 ahol nem az \u00edt\u00e9let, hanem a szeretet gy\u0151z.<\/p>\n<p>Im\u00e1ds\u00e1g:<br \/>\nUrunk, tan\u00edts meg minket a Te sz\u00edved szerint l\u00e1tni. Add, hogy ne az \u00edt\u00e9let legyen az els\u0151 szavunk, hanem az irgalom. Form\u00e1ld sz\u00edv\u00fcnket, hogy m\u00e1sok sz\u00e1m\u00e1ra is megtapasztalhat\u00f3 legyen a Te j\u00f3s\u00e1god. \u00c1men.<\/p>\n<p style=\"text-align: right;\"><strong><em>Ft. R\u00e1duly Istv\u00e1n Zsolt, Torda<\/em><\/strong><\/p>\n","protected":false},"excerpt":{"rendered":"A hegyi besz\u00e9d\u00e9ben J\u00e9zus \u00edgy sz\u00f3lt tan\u00edtv\u00e1nyaihoz:","protected":false},"author":2,"featured_media":27282,"comment_status":"closed","ping_status":"closed","sticky":false,"template":"","format":"standard","meta":{"footnotes":""},"categories":[6],"tags":[],"class_list":["post-32867","post","type-post","status-publish","format-standard","has-post-thumbnail","hentry","category-igehirdetesek"],"_links":{"self":[{"href":"https:\/\/imalanc.ro\/w\/wp-json\/wp\/v2\/posts\/32867","targetHints":{"allow":["GET"]}}],"collection":[{"href":"https:\/\/imalanc.ro\/w\/wp-json\/wp\/v2\/posts"}],"about":[{"href":"https:\/\/imalanc.ro\/w\/wp-json\/wp\/v2\/types\/post"}],"author":[{"embeddable":true,"href":"https:\/\/imalanc.ro\/w\/wp-json\/wp\/v2\/users\/2"}],"replies":[{"embeddable":true,"href":"https:\/\/imalanc.ro\/w\/wp-json\/wp\/v2\/comments?post=32867"}],"version-history":[{"count":1,"href":"https:\/\/imalanc.ro\/w\/wp-json\/wp\/v2\/posts\/32867\/revisions"}],"predecessor-version":[{"id":32868,"href":"https:\/\/imalanc.ro\/w\/wp-json\/wp\/v2\/posts\/32867\/revisions\/32868"}],"wp:featuredmedia":[{"embeddable":true,"href":"https:\/\/imalanc.ro\/w\/wp-json\/wp\/v2\/media\/27282"}],"wp:attachment":[{"href":"https:\/\/imalanc.ro\/w\/wp-json\/wp\/v2\/media?parent=32867"}],"wp:term":[{"taxonomy":"category","embeddable":true,"href":"https:\/\/imalanc.ro\/w\/wp-json\/wp\/v2\/categories?post=32867"},{"taxonomy":"post_tag","embeddable":true,"href":"https:\/\/imalanc.ro\/w\/wp-json\/wp\/v2\/tags?post=32867"}],"curies":[{"name":"wp","href":"https:\/\/api.w.org\/{rel}","templated":true}]}}