{"id":32597,"date":"2025-12-26T11:21:23","date_gmt":"2025-12-26T10:21:23","guid":{"rendered":"https:\/\/imalanc.ro\/w\/?p=32597"},"modified":"2025-12-30T09:23:16","modified_gmt":"2025-12-30T08:23:16","slug":"kovacs-gergely-ersek-es-kerekes-laszlo-segedpuspok-karacsonyi-uzenete","status":"publish","type":"post","link":"https:\/\/imalanc.ro\/w\/kovacs-gergely-ersek-es-kerekes-laszlo-segedpuspok-karacsonyi-uzenete\/","title":{"rendered":"Kov\u00e1cs Gergely \u00e9rsek \u00e9s Kerekes L\u00e1szl\u00f3 seg\u00e9dp\u00fcsp\u00f6k kar\u00e1csonyi \u00fczenete"},"content":{"rendered":"<p>\u201eMilyen sz\u00e9p a hegyeken annak l\u00e1ba, aki \u00f6r\u00f6mh\u00edrt hoz!\u201d (Iz 52,7), olvassuk Izaj\u00e1s pr\u00f3f\u00e9ta szavait a kar\u00e1csonyi \u00fcnnepi szentmise els\u0151 olvasm\u00e1ny\u00e1ban.<!--more--><\/p>\n<p><a href=\"https:\/\/imalanc.ro\/w\/wp-content\/uploads\/Betlehem-gyulafehervar.jpg\"><img loading=\"lazy\" decoding=\"async\" class=\"aligncenter wp-image-32598 size-full\" title=\"Sok \u00edzben \u00e9s sokf\u00e9le m\u00f3don sz\u00f3lt Isten\u2026 most Fia \u00e1ltal sz\u00f3lt hozz\u00e1nk\u201d (Zsid 1,1\u20132).\" src=\"https:\/\/imalanc.ro\/w\/wp-content\/uploads\/Betlehem-gyulafehervar.jpg\" alt=\"\" width=\"580\" height=\"435\" srcset=\"https:\/\/imalanc.ro\/w\/wp-content\/uploads\/Betlehem-gyulafehervar.jpg 580w, https:\/\/imalanc.ro\/w\/wp-content\/uploads\/Betlehem-gyulafehervar-300x225.jpg 300w\" sizes=\"auto, (max-width: 580px) 100vw, 580px\" \/><\/a><\/p>\n<p>Ez az \u00f6r\u00f6mh\u00edr nem m\u00e1s, mint annak bizonyoss\u00e1ga, hogy Isten nem marad a t\u00e1vols\u00e1g biztons\u00e1g\u00e1ban. K\u00f6zel l\u00e9p az emberhez, megsz\u00f3lal, s\u0151t, testt\u00e9 lesz k\u00f6z\u00f6tt\u00fcnk. A Zsid\u00f3khoz \u00edrt lev\u00e9l \u00edgy foglalja \u00f6ssze a megv\u00e1lt\u00e1s nagy \u00fatj\u00e1t az \u00fcnnep szentleck\u00e9j\u00e9ben: \u201eSok \u00edzben \u00e9s sokf\u00e9le m\u00f3don sz\u00f3lt Isten\u2026 most Fia \u00e1ltal sz\u00f3lt hozz\u00e1nk\u201d (Zsid 1,1\u20132). J\u00e1nos evang\u00e9liuma pedig el\u00e9nk \u00e1ll\u00edtja a kinyilatkoztat\u00e1s cs\u00facs\u00e1t: \u201eAz Ige testt\u00e9 lett, \u00e9s k\u00f6z\u00f6tt\u00fcnk lakott\u201d (Jn 1,14).<\/p>\n<p>A jubileumi szent\u00e9v\u00fcnk megannyi lehet\u0151s\u00e9get k\u00edn\u00e1lt sz\u00e1munkra a J\u00e9zus Krisztussal val\u00f3 \u00e9l\u0151 tal\u00e1lkoz\u00e1sra. A szent\u00e9v kar\u00e1csony\u00e1nak \u00fcnnep\u00e9n is ez a mondat v\u00e1lik \u00e9l\u0151v\u00e9: a mindenhat\u00f3 Isten megtestes\u00fcl, belesz\u00fcletik vil\u00e1gunkba. Nem hatalm\u00e1val, hanem sebezhet\u0151s\u00e9g\u00e9ben t\u00e1rja fel \u00f6nmag\u00e1t: egy \u00fajsz\u00fcl\u00f6tt t\u00f6r\u00e9kenys\u00e9g\u00e9vel \u00e1ll el\u00e9nk. Nem f\u00f6l\u00fclr\u0151l ir\u00e1ny\u00edt, hanem mell\u00e9nk l\u00e9p. Nem k\u00e9nyszer\u00edt, hanem megh\u00edv. \u201eAz Ige Istenn\u00e9l volt (\u2026) \u0150benne \u00e9let volt, \u00e9s ez az \u00e9let volt az emberek vil\u00e1goss\u00e1ga (Jn 1,1.4).<\/p>\n<p>Ezt az \u00f6r\u00f6mh\u00edrt azonban nem m\u00falt id\u0151ben \u00fcnnepelj\u00fck. Nem egy r\u00e9gi, sz\u00e9p t\u00f6rt\u00e9netre eml\u00e9kez\u00fcnk, hanem egy jelenval\u00f3 val\u00f3s\u00e1got \u00fcnnepl\u00fcnk. Az Emberr\u00e9 lett Ige, J\u00e9zus Krisztus, ma is k\u00f6zt\u00fcnk j\u00e1r. Ma is fel\u00e9nk ford\u00edtja arc\u00e1t. Ma is bel\u00e9p a vil\u00e1g t\u00f6r\u00e9kenys\u00e9g\u00e9be. Akkor is jelen van, amikor nem \u00e9rezz\u00fck. Ott van a csendes j\u00f3s\u00e1gban, amelyet tal\u00e1n \u00e9szre sem vesz\u00fcnk. Ott van a megbocs\u00e1t\u00e1sban, amelyet valaki neh\u00e9z sz\u00edvvel, m\u00e9gis szeretetb\u0151l mond ki. Ott van minden b\u0171nb\u00e1natban, amikor az ember elismeri korl\u00e1tait \u00e9s \u00faj ir\u00e1nyt keres. Ott van az \u00fajrakezd\u00e9sben, amely rem\u00e9nyt ad ott is, ahol minden \u00f6sszet\u00f6rtnek l\u00e1tszik.<\/p>\n<p>\u201e\u00cdme, hit\u00fcnk szent titka!\u201d \u2013 mutat r\u00e1 minden szentmis\u00e9ben a pap az olt\u00e1ron keny\u00e9r \u00e9s bor sz\u00edn\u00e9ben val\u00f3s\u00e1gosan jelen lev\u0151 J\u00e9zus Krisztusra. Hissz\u00fck ezt igaz hittel? Az Ige a vil\u00e1gba j\u00f6tt, de \u00f6v\u00e9i nem ismert\u00e9k fel \u2013 mondja J\u00e1nos evang\u00e9lista Krisztus sz\u00fclet\u00e9s\u00e9r\u0151l, megtestes\u00fcl\u00e9s\u00e9r\u0151l. Mi felismerj\u00fck, hissz\u00fck, hogy az emberr\u00e9 lett Isten ma is k\u00f6zt\u00fcnk j\u00e1r?<\/p>\n<p>\u201eAmelyik kor v\u00e1rja \u00e9s ismeri Istent, abban megval\u00f3sul. Megval\u00f3sul olyan m\u00e9rt\u00e9kben, amilyen er\u0151s a hite \u00e9s cselekv\u0151 a szeretete az akkor \u00e9l\u0151 nemzed\u00e9knek. De ha egy nemzed\u00e9k visszautas\u00edtja, akkor visszah\u00faz\u00f3dik, \u00e9s az a kor kih\u0171l. A visszautas\u00edtott Istennel elt\u00e1vozik a szeretet, megfagy a l\u00e9lek, kih\u0171lnek a sz\u00edvek, kivonul a vil\u00e1gb\u00f3l a j\u00f3akarat, s vele egy\u00fctt a nyugalom, a rend \u00e9s a b\u00e9ke.\u201d (M\u00e1rton \u00c1ron,\u00a0<em>szentbesz\u00e9d 1963 kar\u00e1csony\u00e1n<\/em>).<\/p>\n<p>Kar\u00e1csony erre h\u00edv: felismerni Isten csendes jelenl\u00e9t\u00e9t, \u00e9s engedni, hogy az Ige benn\u00fcnk is testet \u00f6lts\u00f6n. Arra h\u00edv, hogy szavaink, d\u00f6nt\u00e9seink \u00e9s cselekedeteink m\u00e1sok sz\u00e1m\u00e1ra is rem\u00e9nny\u00e9 legyenek. Hiszen akkor v\u00e1lik teljess\u00e9 hit\u00fcnk szent titka, amikor a k\u00f6r\u00fcl\u00f6tt\u00fcnk \u00e9l\u0151k a mi \u00e9let\u00fcnkben is felfedezhetik: Isten ma is k\u00f6zt\u00fcnk lakik. Nem elvont igazs\u00e1gk\u00e9nt, hanem napjaink konkr\u00e9t t\u00f6rt\u00e9n\u00e9seiben. Nem csak a templomban, hanem a h\u00e9tk\u00f6znapok egyszer\u0171s\u00e9g\u00e9ben, a figyelmes tekintetben, az \u00e9szrevett sz\u00fcks\u00e9gben, a felk\u00edn\u00e1lt seg\u00edts\u00e9gben.<\/p>\n<p>Merj\u00fcnk hinni abban, kedves testv\u00e9reim, hogy Isten ma sem feledkezik meg r\u00f3lunk, \u00e9s nem feledkezik meg azokr\u00f3l sem, akik\u00e9rt agg\u00f3dunk. Vel\u00fcnk akar j\u00e1rni, \u00e1ltalunk akar rem\u00e9nyt kelteni, \u00e1ltalunk \u00e9s vel\u00fcnk akar vil\u00e1goss\u00e1got gy\u00fajtani a vil\u00e1gban. Hiszen kereszts\u00e9g\u00fcnk \u00f3ta Isten szeretett gyermekei vagyunk. Ez\u00e9rt szentelj\u00fck a k\u00f6vetkez\u0151 \u00e9vet a kereszts\u00e9g szents\u00e9g\u00e9nek, meghirdetve f\u0151egyh\u00e1zmegy\u00e9nkben a kereszts\u00e9g \u00e9v\u00e9t.<\/p>\n<p>K\u00edv\u00e1njuk, hogy kar\u00e1csony \u00fcnnepe er\u0151s\u00edtse meg mindannyiunkban azt a bizonyoss\u00e1got, hogy vil\u00e1gunk nem olyan z\u00e1rt t\u00e9r, ahol az ember mag\u00e1ra marad. A vil\u00e1g ma is Isten l\u00e1togat\u00e1s\u00e1nak, megtestes\u00fcl\u00e9s\u00e9nek helye. Fogadjuk \u0151t bizalommal, \u00e9s engedj\u00fck, hogy \u00e9let\u00fcnkben is megsz\u00fclessen az a vil\u00e1goss\u00e1g, amely m\u00e1sok \u00fatj\u00e1t is beragyogja.<\/p>\n<p>Kegyelemteljes, b\u00e9k\u00e9s kar\u00e1csonyt k\u00edv\u00e1nunk!<\/p>\n<p style=\"text-align: right;\"><em><strong>Kov\u00e1cs Gergely gyulafeh\u00e9rv\u00e1ri \u00e9rsek, \u00f6rm\u00e9ny apostoli korm\u00e1nyz\u00f3<br \/>\n<\/strong><strong>Kerekes L\u00e1szl\u00f3\u00a0gyulafeh\u00e9rv\u00e1ri\u00a0seg\u00e9dp\u00fcsp\u00f6k<\/strong><\/em><\/p>\n<p style=\"text-align: right;\"><em><strong>Forr\u00e1s: romkat.ro<\/strong><\/em><\/p>\n","protected":false},"excerpt":{"rendered":"\u201eMilyen sz\u00e9p a hegyeken annak l\u00e1ba, aki \u00f6r\u00f6mh\u00edrt hoz!\u201d (Iz 52,7), olvassuk Izaj\u00e1s pr\u00f3f\u00e9ta szavait a kar\u00e1csonyi \u00fcnnepi szentmise els\u0151&#8230;","protected":false},"author":2,"featured_media":32598,"comment_status":"closed","ping_status":"closed","sticky":false,"template":"","format":"standard","meta":{"footnotes":""},"categories":[8],"tags":[],"class_list":["post-32597","post","type-post","status-publish","format-standard","has-post-thumbnail","hentry","category-lelki-gyongyok"],"_links":{"self":[{"href":"https:\/\/imalanc.ro\/w\/wp-json\/wp\/v2\/posts\/32597","targetHints":{"allow":["GET"]}}],"collection":[{"href":"https:\/\/imalanc.ro\/w\/wp-json\/wp\/v2\/posts"}],"about":[{"href":"https:\/\/imalanc.ro\/w\/wp-json\/wp\/v2\/types\/post"}],"author":[{"embeddable":true,"href":"https:\/\/imalanc.ro\/w\/wp-json\/wp\/v2\/users\/2"}],"replies":[{"embeddable":true,"href":"https:\/\/imalanc.ro\/w\/wp-json\/wp\/v2\/comments?post=32597"}],"version-history":[{"count":2,"href":"https:\/\/imalanc.ro\/w\/wp-json\/wp\/v2\/posts\/32597\/revisions"}],"predecessor-version":[{"id":32628,"href":"https:\/\/imalanc.ro\/w\/wp-json\/wp\/v2\/posts\/32597\/revisions\/32628"}],"wp:featuredmedia":[{"embeddable":true,"href":"https:\/\/imalanc.ro\/w\/wp-json\/wp\/v2\/media\/32598"}],"wp:attachment":[{"href":"https:\/\/imalanc.ro\/w\/wp-json\/wp\/v2\/media?parent=32597"}],"wp:term":[{"taxonomy":"category","embeddable":true,"href":"https:\/\/imalanc.ro\/w\/wp-json\/wp\/v2\/categories?post=32597"},{"taxonomy":"post_tag","embeddable":true,"href":"https:\/\/imalanc.ro\/w\/wp-json\/wp\/v2\/tags?post=32597"}],"curies":[{"name":"wp","href":"https:\/\/api.w.org\/{rel}","templated":true}]}}