{"id":32581,"date":"2025-12-24T13:19:27","date_gmt":"2025-12-24T12:19:27","guid":{"rendered":"https:\/\/imalanc.ro\/w\/?p=32581"},"modified":"2025-12-26T11:28:20","modified_gmt":"2025-12-26T10:28:20","slug":"barsi-balazs-atya-ne-kapni-akarjunk-hanem-adni-ingyenesen","status":"publish","type":"post","link":"https:\/\/imalanc.ro\/w\/barsi-balazs-atya-ne-kapni-akarjunk-hanem-adni-ingyenesen\/","title":{"rendered":"Barsi Bal\u00e1zs atya \u2013 Ne kapni akarjunk, hanem adni \u2013 ingyenesen\u2026"},"content":{"rendered":"<div>A mai nap m\u00e9g nem Kar\u00e1csony, hanem az utols\u00f3 adventi nap: tele izgalommal, felforr\u00f3sodott v\u00e1rakoz\u00e1ssal, sokszor t\u00falhajtott tev\u00e9kenys\u00e9ggel.<\/div>\n<p><!--more--><\/p>\n<p class=\"yiv8130479195ydp49a713a5MsoNormal\"><a href=\"https:\/\/imalanc.ro\/w\/wp-content\/uploads\/Bartolome-Esteball-Murillo-Jezus-szuletese-Madrid\u2013Muzeum1-1.jpg\"><img loading=\"lazy\" decoding=\"async\" class=\"aligncenter wp-image-13180 size-full\" title=\"H\u00e1l\u00e1t adunk Neked, Aty\u00e1nk, az\u00e9rt az aj\u00e1nd\u00e9k\u00e9rt, melyet a Szentl\u00e9lek Isten k\u00e9sz\u00edt ma nek\u00fcnk, aki fel akarja ragyogtatni benn\u00fcnk a szents\u00e9ges megtestes\u00fcl\u00e9s titk\u00e1t, azt a miszt\u00e9riumot, hogy egysz\u00fcl\u00f6tt Fiad a testv\u00e9r\u00fcnkk\u00e9 lett, hogy mi az \u0151 testv\u00e9rei s a Te fiaid lehess\u00fcnk!\" src=\"https:\/\/imalanc.ro\/w\/wp-content\/uploads\/Bartolome-Esteball-Murillo-Jezus-szuletese-Madrid\u2013Muzeum1-1.jpg\" alt=\"\" width=\"580\" height=\"267\" srcset=\"https:\/\/imalanc.ro\/w\/wp-content\/uploads\/Bartolome-Esteball-Murillo-Jezus-szuletese-Madrid\u2013Muzeum1-1.jpg 580w, https:\/\/imalanc.ro\/w\/wp-content\/uploads\/Bartolome-Esteball-Murillo-Jezus-szuletese-Madrid\u2013Muzeum1-1-300x138.jpg 300w\" sizes=\"auto, (max-width: 580px) 100vw, 580px\" \/><\/a><\/p>\n<p class=\"yiv8130479195ydp49a713a5MsoNormal\">Miel\u0151tt ma az utols\u00f3 adventi szentmise szent\u00edr\u00e1si \u00fczenet\u00e9n elm\u00e9lkedn\u00e9nk, k\u00e9sz\u00fclj\u00fcnk fel az esetleges \u00f6rd\u00f6gi t\u00e1mad\u00e1sokra, mert J\u00e9zus sz\u00fclet\u00e9s\u00e9nek \u00fcnnepe nem egyszer\u0171en eml\u00e9knap, hanem \u00faj sz\u00fclet\u00e9s, \u00e9s ilyenkor az alvil\u00e1g azokra t\u00e1mad, akikben a megtestes\u00fclt Ige lak\u00e1st szeretne venni.<\/p>\n<p class=\"yiv8130479195ydp49a713a5MsoNormal\">J\u00f3 adni, dolog csod\u00e1latos aj\u00e1nd\u00e9kozni! Ha ma nem aj\u00e1nd\u00e9kozn\u00e1nk meg szeretteinket, akkor tal\u00e1n nem is szeretn\u00e9nk \u0151ket. Ne kapni akarjunk, hanem adni \u2013 ingyenesen&#8230; De b\u00e1rmit k\u00e9sz\u00fcl\u00fcnk is adni, b\u00e1rmilyen nagylelk\u0171 \u00e9s szent elhat\u00e1roz\u00e1st tesz\u00fcnk is Isten el\u0151tt, mint D\u00e1vid kir\u00e1ly, ne feledj\u00fck, hogy az Urat nem m\u00falhatjuk fel\u00fcl nagylelk\u0171s\u00e9gben.<\/p>\n<p class=\"yiv8130479195ydp49a713a5MsoNormal\">Ha a lehet\u0151 legnagyobbat: \u00f6nmagunkat aj\u00e1nd\u00e9kozzuk neki a most k\u00f6vetkez\u0151 \u00e9jszak\u00e1n mintegy n\u00e1szaj\u00e1nd\u00e9kul, \u0151 v\u00e9gtelen\u00fcl t\u00f6bbet fog adni nek\u00fcnk: \u00f6r\u00f6kk\u00e9val\u00f3 \u00f6nmag\u00e1t most a szent\u00e1ldoz\u00e1sban \u00e9s egykor az \u00f6r\u00f6k Kar\u00e1csonyban.<\/p>\n<p class=\"yiv8130479195ydp49a713a5MsoNormal\"><strong><em>H\u00e1l\u00e1t adunk Neked, Aty\u00e1nk, az\u00e9rt az aj\u00e1nd\u00e9k\u00e9rt, melyet a Szentl\u00e9lek Isten k\u00e9sz\u00edt ma nek\u00fcnk, aki fel akarja ragyogtatni benn\u00fcnk a szents\u00e9ges megtestes\u00fcl\u00e9s titk\u00e1t, azt a miszt\u00e9riumot, hogy egysz\u00fcl\u00f6tt Fiad a testv\u00e9r\u00fcnkk\u00e9 lett, hogy mi az \u0151 testv\u00e9rei s a Te fiaid lehess\u00fcnk! <\/em><\/strong><\/p>\n<p class=\"yiv8130479195ydp49a713a5MsoNormal\"><strong><em>Szeretn\u00e9nk m\u00e9lt\u00f3k lenni erre az aj\u00e1nd\u00e9kra, de al\u00e1zattal megvalljuk \u00e9rdemtelens\u00e9g\u00fcnket: szents\u00e9g\u00fcnk messze elmarad att\u00f3l, amilyenek szeretn\u00e9nk lenni; nagylelk\u0171s\u00e9g\u00fcnk messze elmarad att\u00f3l, amire ma ind\u00edttat\u00e1st kaptunk T\u0151led; s szeretet\u00fcnk messze elmarad att\u00f3l, ahogyan ma szeretn\u00e9nk szeretni T\u00e9ged \u00e9s testv\u00e9reinket Te\u00e9rted. <\/em><\/strong><\/p>\n<p class=\"yiv8130479195ydp49a713a5MsoNormal\"><strong><em>K\u00e9r\u00fcnk, hogy kegyelmed tartsa t\u00e1vol t\u0151l\u00fcnk a gonosz mesterked\u00e9seit, ne engedje fell\u00e1ngolni k\u00f6zt\u00fcnk a poklot cs\u00edp\u0151s szavakban, kicsinyes vitatkoz\u00e1sokban, szeretetlen veszeked\u00e9sekben, de seg\u00edtsen J\u00e9zus m\u00f3dj\u00e1ra szeretni, aki nem csup\u00e1n el\u0151bb szeretett, hanem felt\u00e9tel \u00e9s viszonz\u00e1s n\u00e9lk\u00fcl is szeretett minket!<\/em><\/strong><\/p>\n<p style=\"text-align: right;\"><strong><em>K\u00e9sz\u00fclt Barsi Bal\u00e1zs \u2013 Telek P\u00e9ter-P\u00e1l: \u00daj Magass\u00e1g \u00e9s M\u00e9lys\u00e9g c. k\u00f6nyve alapj\u00e1n.<\/em><\/strong><\/p>\n","protected":false},"excerpt":{"rendered":"A mai nap m\u00e9g nem Kar\u00e1csony, hanem az utols\u00f3 adventi nap: tele izgalommal, felforr\u00f3sodott v\u00e1rakoz\u00e1ssal, sokszor t\u00falhajtott tev\u00e9kenys\u00e9ggel.","protected":false},"author":2,"featured_media":13144,"comment_status":"closed","ping_status":"closed","sticky":false,"template":"","format":"standard","meta":{"footnotes":""},"categories":[8],"tags":[],"class_list":["post-32581","post","type-post","status-publish","format-standard","has-post-thumbnail","hentry","category-lelki-gyongyok"],"_links":{"self":[{"href":"https:\/\/imalanc.ro\/w\/wp-json\/wp\/v2\/posts\/32581","targetHints":{"allow":["GET"]}}],"collection":[{"href":"https:\/\/imalanc.ro\/w\/wp-json\/wp\/v2\/posts"}],"about":[{"href":"https:\/\/imalanc.ro\/w\/wp-json\/wp\/v2\/types\/post"}],"author":[{"embeddable":true,"href":"https:\/\/imalanc.ro\/w\/wp-json\/wp\/v2\/users\/2"}],"replies":[{"embeddable":true,"href":"https:\/\/imalanc.ro\/w\/wp-json\/wp\/v2\/comments?post=32581"}],"version-history":[{"count":1,"href":"https:\/\/imalanc.ro\/w\/wp-json\/wp\/v2\/posts\/32581\/revisions"}],"predecessor-version":[{"id":32582,"href":"https:\/\/imalanc.ro\/w\/wp-json\/wp\/v2\/posts\/32581\/revisions\/32582"}],"wp:featuredmedia":[{"embeddable":true,"href":"https:\/\/imalanc.ro\/w\/wp-json\/wp\/v2\/media\/13144"}],"wp:attachment":[{"href":"https:\/\/imalanc.ro\/w\/wp-json\/wp\/v2\/media?parent=32581"}],"wp:term":[{"taxonomy":"category","embeddable":true,"href":"https:\/\/imalanc.ro\/w\/wp-json\/wp\/v2\/categories?post=32581"},{"taxonomy":"post_tag","embeddable":true,"href":"https:\/\/imalanc.ro\/w\/wp-json\/wp\/v2\/tags?post=32581"}],"curies":[{"name":"wp","href":"https:\/\/api.w.org\/{rel}","templated":true}]}}