{"id":32485,"date":"2025-12-04T22:45:53","date_gmt":"2025-12-04T21:45:53","guid":{"rendered":"https:\/\/imalanc.ro\/w\/?p=32485"},"modified":"2025-12-13T20:36:17","modified_gmt":"2025-12-13T19:36:17","slug":"bojte-csaba-advent-az-ujjaszuletes-ideje","status":"publish","type":"post","link":"https:\/\/imalanc.ro\/w\/bojte-csaba-advent-az-ujjaszuletes-ideje\/","title":{"rendered":"B\u00f6jte Csaba \u2013 Advent az \u00fajj\u00e1sz\u00fclet\u00e9s ideje"},"content":{"rendered":"<div class=\"post-header\">\n<p class=\"cim entry-title\">A helyes, Isten szerinti m\u00e9rt\u00e9ket, az arany k\u00f6z\u00e9putat \u00e9rdemes megtal\u00e1lnunk \u00e9let\u00fcnk minden ter\u00fclet\u00e9n az adventi b\u0171nb\u00e1nat id\u0151szak\u00e1ban, ha szemben\u00e9z\u00fcnk \u00f6nmagunkkal, az az \u00fajj\u00e1sz\u00fclet\u00e9s alapja.<\/p>\n<\/div>\n<p><!--more--><\/p>\n<div class=\"post-entry\">\n<p><a href=\"https:\/\/imalanc.ro\/w\/wp-content\/uploads\/Adventben-Krisztusunkat-varjuk-nagy-figyelemmel.jpg\"><img loading=\"lazy\" decoding=\"async\" class=\"aligncenter wp-image-5806 size-full\" title=\"A b\u0171nnel szemben az ember k\u00e9t \u00faton indulhat el. Az egyik J\u00fad\u00e1s \u00fatja, aki elz\u00e1rk\u00f3zik, mag\u00e1ba z\u00e1rja, nem osztja meg a seb\u00e9t, nem megy seg\u00edts\u00e9get k\u00e9rni, sem J\u00e9zushoz, sem az apostolokhoz, a bar\u00e1taihoz, \u00e9s ez a b\u0171n \u0151t elem\u00e9szti, \u00f6nmaga ellen fordul \u00e9s meghal. M\u00e1ria Magdolna szint\u00e9n sebzett, \u00e9rzi a b\u0171n\u00e9nek s\u00faly\u00e1t, \u00e9s elmegy J\u00e9zus Krisztushoz.\" src=\"https:\/\/imalanc.ro\/w\/wp-content\/uploads\/Adventben-Krisztusunkat-varjuk-nagy-figyelemmel.jpg\" alt=\"\" width=\"580\" height=\"301\" srcset=\"https:\/\/imalanc.ro\/w\/wp-content\/uploads\/Adventben-Krisztusunkat-varjuk-nagy-figyelemmel.jpg 580w, https:\/\/imalanc.ro\/w\/wp-content\/uploads\/Adventben-Krisztusunkat-varjuk-nagy-figyelemmel-300x155.jpg 300w\" sizes=\"auto, (max-width: 580px) 100vw, 580px\" \/><\/a><\/p>\n<p>Advent van. A megt\u00e9r\u00e9s, az \u00fajrakezd\u00e9s, a b\u0171nb\u00e1nat ideje. K\u00e9sz\u00fcl\u00fcnk kar\u00e1csony szent \u00fcnnep\u00e9re, a Krisztussal val\u00f3 szem\u00e9lyes tal\u00e1lkoz\u00e1sra. Ezen az \u00faton M\u00e1ria Magdoln\u00e1t h\u00edvtuk seg\u00edts\u00e9g\u00fcl mentornak, vezet\u0151nek. Mi\u00e9rt pont M\u00e1ria Magdoln\u00e1t? Azt gondolom, mindannyian b\u0171n\u00f6s\u00f6k vagyunk. Kisebb-nagyobb m\u00e9rt\u00e9kben, de sajnos sebzettek vagyunk mindannyian.<\/p>\n<p>A b\u0171nnel szemben az ember k\u00e9t \u00faton indulhat el. Az egyik J\u00fad\u00e1s \u00fatja, aki elz\u00e1rk\u00f3zik, mag\u00e1ba z\u00e1rja, nem osztja meg a seb\u00e9t, nem megy seg\u00edts\u00e9get k\u00e9rni, sem J\u00e9zushoz, sem az apostolokhoz, a bar\u00e1taihoz, \u00e9s ez a b\u0171n \u0151t elem\u00e9szti, \u00f6nmaga ellen fordul \u00e9s meghal. M\u00e1ria Magdolna szint\u00e9n sebzett, \u00e9rzi a b\u0171n\u00e9nek s\u00faly\u00e1t, \u00e9s elmegy J\u00e9zus Krisztushoz.<\/p>\n<p style=\"text-align: center;\"><em><strong>Megvallja hib\u00e1j\u00e1t, b\u0171n\u00e9t, seg\u00edts\u00e9get k\u00e9r \u00e9s kap:<\/strong><\/em><\/p>\n<p>\u201esok b\u0171ne bocs\u00e1natot nyert, mert nagyon szeretett\u201d. Mi szeretn\u00e9nk M\u00e1ria Magdolna \u00fatj\u00e1n elindulni.<\/p>\n<p>Az egyh\u00e1zunk k\u00e9tezer \u00e9ves tan\u00edt\u00e1sa szerint a b\u0171nb\u00e1nat, a szentgy\u00f3n\u00e1s, az \u00fajrakezd\u00e9s nagyon egyszer\u0171. Az egyik kulcseleme ennek az \u00f6nismeret, hogy szemben\u00e9zz\u00fcnk magunkkal. Hol, mit v\u00e9tett\u00fcnk, milyen gondokat, bajokat, b\u0171n\u00f6ket k\u00f6vett\u00fcnk el.<\/p>\n<p>\u00d6nismeret. Ha megn\u00e9zz\u00fck magunkat, l\u00e1tjuk, van test\u00fcnk, szem\u00fcnkkel l\u00e1tunk egy vil\u00e1got, v\u00e1gyakat \u00e9rz\u00fcnk magunkban. \u00c9s van az \u00f6ntudatunk. Szent J\u00e1nos evang\u00e9lista szerint h\u00e1rom dolog visz minket b\u0171nre legink\u00e1bb: a szem k\u00edv\u00e1ns\u00e1ga, a test k\u00edv\u00e1ns\u00e1ga \u00e9s a kev\u00e9lys\u00e9g.<\/p>\n<p>Vegy\u00fck sorba! Test k\u00edv\u00e1ns\u00e1ga. \u00c9hes vagyok, korog a gyomrom. Szomjas vagyok. Elf\u00e1radtam. Szeretn\u00e9k egy kicsit sz\u00f3rakozni, a testem \u00e9rzi a v\u00e1gyat, hogy felpezsd\u00fclj\u00f6n. J\u00e9zus nem z\u00e1rk\u00f3zik el ezekt\u0151l. \u0150 maga ad kenyeret, megszapor\u00edtja, m\u00e9g tizenk\u00e9t kos\u00e1rral marad is, jut mindenkinek. F\u00f6lt\u00e1mad\u00e1s ut\u00e1n a Galilei-tenger partj\u00e1n halat s\u00fct, kenyeret, \u00e9s megh\u00edvja az apostolait reggelizni. Teh\u00e1t J\u00e9zus Krisztus nem a t\u00e1pl\u00e1lkoz\u00e1s ellen van. Nem akarja, hogy nyomorogjunk, fak\u00edrok legy\u00fcnk.<\/p>\n<p>A k\u00e1nai menyegz\u0151n itallal is megaj\u00e1nd\u00e9koz, s\u0151t, min\u0151s\u00e9gi borral. Azt mondja a n\u00e1sz\u00far, hogy h\u00e1t m\u00e1shol a rossz, gyeng\u00e9bb bort hagyj\u00e1k k\u00e9s\u0151bbre, n\u00e1lad pont ford\u00edtva volt ez. Mi\u00e9rt van \u00edgy? Amikor l\u00e1tja J\u00e9zus, hogy a tan\u00edtv\u00e1nyai f\u00e1radtak, rosszkedv\u0171ek, azt mondja,\u00a0<em>gyertek mag\u00e1nyos helyre, hogy fel\u00fcd\u00edtselek titeket<\/em>. J\u00e9zus nem a pihen\u00e9s, a kikapcsol\u00f3d\u00e1s ellen van, azt szeretn\u00e9, hogy j\u00f3l \u00e9rezz\u00fck magunkat.<\/p>\n<p style=\"text-align: center;\"><em><strong>Igaz\u00e1b\u00f3l a hat\u00e1rral van probl\u00e9ma.<\/strong><\/em><\/p>\n<p>A szemek k\u00edv\u00e1ns\u00e1ga ugyanez. Az ember l\u00e1t sok mindent, M\u00e1ria Magdolna is. Val\u00f3sz\u00edn\u0171leg l\u00e1tott sz\u00e9p ruh\u00e1kat, \u00e9kszereket, meg akarta \u0151ket szerezni. Pontosan nem \u00edrja le a Szent\u00edr\u00e1s, hogy milyen b\u0171n\u00f6ket k\u00f6vetett el, \u00e9s hogy mi t\u00f6rt\u00e9nt M\u00e1ria Magdolna \u00e9let\u00e9vel, de biztos, hogy bev\u00e1llalt olyan tetteket is, amelyek nem a szeretetb\u0151l, nem a j\u00f3s\u00e1gb\u00f3l, hanem \u00e9rdekb\u0151l sz\u00fclettek.<\/p>\n<p>Csak arra k\u00e9ne figyelj\u00fcnk, mint az aut\u00f3p\u00e1ly\u00e1n, ahol 130 a sebess\u00e9ghat\u00e1r, af\u00f6l\u00f6tt m\u00e1r nem biztons\u00e1gos. Valahogy ezt neh\u00e9z a mai embernek megtal\u00e1lni, hogy t\u00e1pl\u00e1lkoz\u00e1sb\u00f3l, sz\u00f3rakoz\u00e1sb\u00f3l, anyagi javak gy\u0171jt\u00e9s\u00e9b\u0151l hol van ez a hat\u00e1r? Ami Isten el\u0151tt kedves, az belef\u00e9r, s ami af\u00f6l\u00f6tt van, az m\u00e1r b\u0171n\u00f6s.<\/p>\n<p>Sok olyan embert l\u00e1ttam, aki a t\u00e1pl\u00e1lkoz\u00e1s miatt, az alkohol miatt, vagy az anyagi javak gy\u0171jt\u00e9se miatt ker\u00fclt nagyon rossz helyzetbe, probl\u00e9m\u00e1k k\u00f6z\u00e9.<\/p>\n<p style=\"text-align: center;\"><em><strong>Adn\u00e1 az Isten, hogy megtal\u00e1ljuk ezeket a hat\u00e1rokat!<\/strong><\/em><\/p>\n<p>Van m\u00e9g egy \u00fat, ahol a b\u0171n be tud sziv\u00e1rogni a lelk\u00fcnkbe. A kev\u00e9lys\u00e9g. Isten \u00fagy osztott el mindent, hogy sokan \u00fagy \u00e9rzik, hogy valamib\u0151l keveset kaptak, m\u00e1s bezzeg t\u00f6bbet. De van egy dolog, amit \u00fagy tudott elosztani a J\u00f3isten, hogy mindenki meg van el\u00e9gedve vele: az \u00e9sz, az \u00e9ntudat. \u00dagy \u00e9rzi a legt\u00f6bb ember, hogy ebb\u0151l tal\u00e1n t\u00f6bbet is kapott, mint b\u00e1rki m\u00e1s. \u00c9s itt kezd\u0151dik a baj, amikor kezdj\u00fck egym\u00e1st len\u00e9zni, megsz\u00f3lni, m\u00e1sokat r\u00e1ngatni, \u00e9s az \u00e9n\u00fcnk burj\u00e1nzik.<\/p>\n<p>Porb\u00f3l sz\u00fclett\u00fcnk. Nem kellene nagyon b\u00fcszk\u00e9k legy\u00fcnk magunkra. Persze az se j\u00f3, ha az ember len\u00e9zi, le\u00e9rt\u00e9keli saj\u00e1t mag\u00e1t. Eg\u00e9szs\u00e9ges \u00e9ntudatra van sz\u00fcks\u00e9g. Ilyenkor, amikor adventben b\u0171nb\u00e1natot akarunk tartani, ezt az arany k\u00f6z\u00e9putat kellene megtal\u00e1lnunk mindenb\u0151l. Arra biztatn\u00e9k mindenkit, hogy pr\u00f3b\u00e1ljuk be\u00e1ll\u00edtani magukat. Egyik v\u00e9glet sem Isten akarata szerint val\u00f3.<\/p>\n<p style=\"text-align: center;\"><em><strong>Tal\u00e1ljuk meg azt a helyet, azt a biztos utat, ami val\u00f3ban keskeny, meredek, aminek a v\u00e9g\u00e9n val\u00f3ban egy sz\u0171k kapu van, de ami m\u00f6g\u00f6tt a mi Urunk, J\u00e9zus Krisztus v\u00e1r benn\u00fcnket.<\/strong><\/em><\/p>\n<\/div>\n","protected":false},"excerpt":{"rendered":"A helyes, Isten szerinti m\u00e9rt\u00e9ket, az arany k\u00f6z\u00e9putat \u00e9rdemes megtal\u00e1lnunk \u00e9let\u00fcnk minden ter\u00fclet\u00e9n az adventi b\u0171nb\u00e1nat id\u0151szak\u00e1ban, ha szemben\u00e9z\u00fcnk \u00f6nmagunkkal,&#8230;","protected":false},"author":2,"featured_media":5806,"comment_status":"closed","ping_status":"closed","sticky":false,"template":"","format":"standard","meta":{"footnotes":""},"categories":[8],"tags":[],"class_list":["post-32485","post","type-post","status-publish","format-standard","has-post-thumbnail","hentry","category-lelki-gyongyok"],"_links":{"self":[{"href":"https:\/\/imalanc.ro\/w\/wp-json\/wp\/v2\/posts\/32485","targetHints":{"allow":["GET"]}}],"collection":[{"href":"https:\/\/imalanc.ro\/w\/wp-json\/wp\/v2\/posts"}],"about":[{"href":"https:\/\/imalanc.ro\/w\/wp-json\/wp\/v2\/types\/post"}],"author":[{"embeddable":true,"href":"https:\/\/imalanc.ro\/w\/wp-json\/wp\/v2\/users\/2"}],"replies":[{"embeddable":true,"href":"https:\/\/imalanc.ro\/w\/wp-json\/wp\/v2\/comments?post=32485"}],"version-history":[{"count":1,"href":"https:\/\/imalanc.ro\/w\/wp-json\/wp\/v2\/posts\/32485\/revisions"}],"predecessor-version":[{"id":32486,"href":"https:\/\/imalanc.ro\/w\/wp-json\/wp\/v2\/posts\/32485\/revisions\/32486"}],"wp:featuredmedia":[{"embeddable":true,"href":"https:\/\/imalanc.ro\/w\/wp-json\/wp\/v2\/media\/5806"}],"wp:attachment":[{"href":"https:\/\/imalanc.ro\/w\/wp-json\/wp\/v2\/media?parent=32485"}],"wp:term":[{"taxonomy":"category","embeddable":true,"href":"https:\/\/imalanc.ro\/w\/wp-json\/wp\/v2\/categories?post=32485"},{"taxonomy":"post_tag","embeddable":true,"href":"https:\/\/imalanc.ro\/w\/wp-json\/wp\/v2\/tags?post=32485"}],"curies":[{"name":"wp","href":"https:\/\/api.w.org\/{rel}","templated":true}]}}