{"id":32461,"date":"2025-12-02T12:42:33","date_gmt":"2025-12-02T11:42:33","guid":{"rendered":"https:\/\/imalanc.ro\/w\/?p=32461"},"modified":"2025-12-04T22:46:22","modified_gmt":"2025-12-04T21:46:22","slug":"derus-bolcsessegek","status":"publish","type":"post","link":"https:\/\/imalanc.ro\/w\/derus-bolcsessegek\/","title":{"rendered":"Der\u0171s b\u00f6lcsess\u00e9gek"},"content":{"rendered":"<div class=\"xdj266r x14z9mp xat24cr x1lziwak x1vvkbs x126k92a\">\n<div dir=\"auto\">Sokan akarnak Istennek szolg\u00e1lni, de csak mint tan\u00e1csad\u00f3k.<\/div>\n<\/div>\n<p><!--more--><\/p>\n<div class=\"x14z9mp xat24cr x1lziwak x1vvkbs xtlvy1s x126k92a\">\n<div dir=\"auto\">\n<p><a href=\"https:\/\/imalanc.ro\/w\/wp-content\/uploads\/Novekedett-bolcsessegben-es-kedvessegben.jpg\"><img loading=\"lazy\" decoding=\"async\" class=\"aligncenter wp-image-19912 size-full\" title=\"Isten nem a t\u00f6k\u00e9leteseket h\u00edvja meg, hanem a megh\u00edvottakat t\u00f6k\u00e9letes\u00edti.\" src=\"https:\/\/imalanc.ro\/w\/wp-content\/uploads\/Novekedett-bolcsessegben-es-kedvessegben.jpg\" alt=\"\" width=\"580\" height=\"434\" srcset=\"https:\/\/imalanc.ro\/w\/wp-content\/uploads\/Novekedett-bolcsessegben-es-kedvessegben.jpg 580w, https:\/\/imalanc.ro\/w\/wp-content\/uploads\/Novekedett-bolcsessegben-es-kedvessegben-300x224.jpg 300w\" sizes=\"auto, (max-width: 580px) 100vw, 580px\" \/><\/a><\/p>\n<p>K\u00f6nnyebb t\u00edz szentbesz\u00e9det elmondani, mint egyet megval\u00f3s\u00edtani.<\/p>\n<p>Isten semmit sem teremtett \u00e9rtelmes c\u00e9l n\u00e9lk\u00fcl, de az\u00e9rt a sz\u00fanyog hat\u00e1reset\u2026<\/p>\n<p>Furcs\u00e1k az emberek: a buszban el\u00f6l akarnak \u00fclni, a moziban k\u00f6z\u00e9pen, a templomban h\u00e1tul.<\/p>\n<p>Ne szidd az egyh\u00e1zat: ha t\u00f6k\u00e9letes volna, nem lehetn\u00e9l tagja.<\/p>\n<p>Isten senkit sem \u00edt\u00e9l meg a hal\u00e1la el\u0151tt. Te mi\u00e9rt tenn\u00e9d?<\/p>\n<p>Ha a h\u00edvek jobb papot szeretn\u00e9nek, csak im\u00e1dkozniuk kell a papjuk\u00e9rt.<\/p>\n<p>A b\u00e9ke sokszor egy mosollyal kezd\u0151dik.<\/p>\n<p>Isten tan\u00fanak h\u00edvott meg, nem \u00fcgyv\u00e9dnek vagy b\u00edr\u00f3nak.<\/p>\n<p>Ne tegy\u00e9l k\u00e9rd\u0151jelet oda, ahov\u00e1 Isten pontot tett!<\/p>\n<p>Isten nem a t\u00f6k\u00e9leteseket h\u00edvja meg, hanem a megh\u00edvottakat t\u00f6k\u00e9letes\u00edti.<\/p>\n<\/div>\n<\/div>\n<div class=\"x14z9mp xat24cr x1lziwak x1vvkbs xtlvy1s x126k92a\">\n<div dir=\"auto\">\n<p>Isten nem zavartalan utaz\u00e1st, hanem biztos c\u00e9lba \u00e9r\u00e9st \u00edg\u00e9r.<\/p>\n<\/div>\n<\/div>\n<div class=\"x14z9mp xat24cr x1lziwak x1vvkbs xtlvy1s x126k92a\">\n<div dir=\"auto\">\n<p style=\"text-align: right;\"><strong><em>Forr\u00e1s: parKatt.hu &#8211; ismeretlen szerz\u0151<\/em><\/strong><\/p>\n<\/div>\n<\/div>\n","protected":false},"excerpt":{"rendered":"Sokan akarnak Istennek szolg\u00e1lni, de csak mint tan\u00e1csad\u00f3k.","protected":false},"author":2,"featured_media":19912,"comment_status":"closed","ping_status":"closed","sticky":false,"template":"","format":"standard","meta":{"footnotes":""},"categories":[8],"tags":[],"class_list":["post-32461","post","type-post","status-publish","format-standard","has-post-thumbnail","hentry","category-lelki-gyongyok"],"_links":{"self":[{"href":"https:\/\/imalanc.ro\/w\/wp-json\/wp\/v2\/posts\/32461","targetHints":{"allow":["GET"]}}],"collection":[{"href":"https:\/\/imalanc.ro\/w\/wp-json\/wp\/v2\/posts"}],"about":[{"href":"https:\/\/imalanc.ro\/w\/wp-json\/wp\/v2\/types\/post"}],"author":[{"embeddable":true,"href":"https:\/\/imalanc.ro\/w\/wp-json\/wp\/v2\/users\/2"}],"replies":[{"embeddable":true,"href":"https:\/\/imalanc.ro\/w\/wp-json\/wp\/v2\/comments?post=32461"}],"version-history":[{"count":1,"href":"https:\/\/imalanc.ro\/w\/wp-json\/wp\/v2\/posts\/32461\/revisions"}],"predecessor-version":[{"id":32472,"href":"https:\/\/imalanc.ro\/w\/wp-json\/wp\/v2\/posts\/32461\/revisions\/32472"}],"wp:featuredmedia":[{"embeddable":true,"href":"https:\/\/imalanc.ro\/w\/wp-json\/wp\/v2\/media\/19912"}],"wp:attachment":[{"href":"https:\/\/imalanc.ro\/w\/wp-json\/wp\/v2\/media?parent=32461"}],"wp:term":[{"taxonomy":"category","embeddable":true,"href":"https:\/\/imalanc.ro\/w\/wp-json\/wp\/v2\/categories?post=32461"},{"taxonomy":"post_tag","embeddable":true,"href":"https:\/\/imalanc.ro\/w\/wp-json\/wp\/v2\/tags?post=32461"}],"curies":[{"name":"wp","href":"https:\/\/api.w.org\/{rel}","templated":true}]}}