{"id":32258,"date":"2025-10-06T03:21:29","date_gmt":"2025-10-06T01:21:29","guid":{"rendered":"https:\/\/imalanc.ro\/w\/?p=32258"},"modified":"2025-10-11T22:53:34","modified_gmt":"2025-10-11T20:53:34","slug":"en-vagyok-az-elet-kenyere","status":"publish","type":"post","link":"https:\/\/imalanc.ro\/w\/en-vagyok-az-elet-kenyere\/","title":{"rendered":"\u00c9n vagyok az \u00e9let kenyere"},"content":{"rendered":"<p>Az \u00c9let Ig\u00e9je &#8211; okt\u00f3ber<\/p>\n<p>\u201e\u00c9n vagyok az \u00e9let kenyere. Aki hozz\u00e1m j\u00f6n, nem fog \u00e9hezni, \u00e9s aki bennem hisz, sohasem szomjazik meg.\u201d (Jn 6,35)<\/p>\n<p><!--more--><a href=\"https:\/\/imalanc.ro\/w\/wp-content\/uploads\/Mindennapi-kenyer1.jpg\"><img loading=\"lazy\" decoding=\"async\" class=\"aligncenter wp-image-8216 size-full\" title=\"\u00c9n vagyok az \u00e9let kenyere. Aki hozz\u00e1m j\u00f6n, nem fog \u00e9hezni, \u00e9s aki bennem hisz, sohasem szomjazik meg.\" src=\"https:\/\/imalanc.ro\/w\/wp-content\/uploads\/Mindennapi-kenyer1.jpg\" alt=\"\" width=\"580\" height=\"313\" srcset=\"https:\/\/imalanc.ro\/w\/wp-content\/uploads\/Mindennapi-kenyer1.jpg 580w, https:\/\/imalanc.ro\/w\/wp-content\/uploads\/Mindennapi-kenyer1-300x162.jpg 300w\" sizes=\"auto, (max-width: 580px) 100vw, 580px\" \/><\/a><\/p>\n<p>J\u00e1nos le\u00edrja evang\u00e9lium\u00e1ban, hogy J\u00e9zus a keny\u00e9rszapor\u00edt\u00e1s ut\u00e1n, Kafarnaumban tartott nagy besz\u00e9d\u00e9ben t\u00f6bbek k\u00f6z\u00f6tt ezt is mondta: \u201eNe az\u00e9rt az eledel\u00e9rt f\u00e1radozzatok, mely veszendo, hanem az\u00e9rt az eledel\u00e9rt, amely megmarad az \u00f6r\u00f6k \u00e9letre, amelyet majd az Emberfia ad nektek\u201d (Jn 6,27).<\/p>\n<p>Hallgat\u00f3i sz\u00e1m\u00e1ra egy\u00e9rtelmu, hogy a mann\u00e1ra utal, s ez egyben a \u201em\u00e1sodik\u201d mann\u00e1ra val\u00f3 v\u00e1rakoz\u00e1st is jelenti, mely a Megv\u00e1lt\u00f3 elj\u00f6vetelekor sz\u00e1ll majd al\u00e1 a mennybol.<\/p>\n<p>Nem sokkal ezut\u00e1n, ugyanebben a besz\u00e9dben J\u00e9zus \u00fagy mutatkozik be a t\u00f6megnek \u2013 mely m\u00e9g nem \u00e9rti Ot \u2013, hogy O maga a mennybol al\u00e1sz\u00e1llott igazi keny\u00e9r, s ezt a hit\u00fcnkkel kell elfogadnunk:<br \/>\n\u201e\u00c9n vagyok az \u00e9let kenyere. Aki hozz\u00e1m j\u00f6n, nem fog \u00e9hezni, \u00e9s aki bennem hisz, sohasem szomjazik meg.\u201d<br \/>\nJ\u00e9zus m\u00e1r \u00fagy l\u00e1tja \u00f6nmag\u00e1t, mint a kenyeret. Ez ugyanis f\u00f6ldi \u00e9let\u00e9nek legfobb c\u00e9lja. Keny\u00e9rr\u00e9 lenni, hogy megegy\u00e9k. Keny\u00e9rr\u00e9 lenni, hogy \u00e1tadja nek\u00fcnk \u00e9let\u00e9t, hogy \u00f6nmag\u00e1v\u00e1 alak\u00edtson minket. Eddig teh\u00e1t vil\u00e1gos ennek az ig\u00e9nek a lelki tartalma, az \u00f3sz\u00f6vets\u00e9gi vonatkoz\u00e1saival egy\u00fctt. Szavai azonban titokzatosabb\u00e1 \u00e9s kellemetlenebb\u00e9 v\u00e1lnak, amikor J\u00e9zus ezt mondja mag\u00e1r\u00f3l: \u201eA keny\u00e9r pedig, amit \u00e9n adok, az \u00e9n testem a vil\u00e1g \u00e9let\u00e9\u00e9rt\u201d (Jn 6,51b) \u00e9s \u201eHa nem eszitek az Emberfia test\u00e9t \u00e9s nem issz\u00e1tok az o v\u00e9r\u00e9t, nem lesz \u00e9let tibennetek\u201d (Jn 6,53).<\/p>\n<p>Az Eucharisztia h\u00edr\u00fclad\u00e1sa ez, ami sok tan\u00edtv\u00e1nyt megbotr\u00e1nkoztatott \u00e9s elt\u00e1vol\u00edtott J\u00e9zust\u00f3l. Pedig \u00e9ppen ez a legnagyobb aj\u00e1nd\u00e9k, melyet az emberis\u00e9gnek akar adni: saj\u00e1t jelenl\u00e9t\u00e9t az Eucharisztia szents\u00e9g\u00e9ben, mely bet\u00f6lti a test \u00e9s a l\u00e9lek szomj\u00fas\u00e1g\u00e1t, s a J\u00e9zussal val\u00f3 bensos\u00e9ges egys\u00e9g \u00e1ltal az \u00f6r\u00f6m teljess\u00e9g\u00e9ben r\u00e9szes\u00edt minket.<\/p>\n<p>Ha ezzel a keny\u00e9rrel t\u00e1pl\u00e1lkozunk, nem v\u00e1gyunk semmilyen m\u00e1s eledelre. Minden szeretet \u00e9s igazs\u00e1g ut\u00e1ni v\u00e1gyunkat kiel\u00e9g\u00edti az, aki maga a Szeretet, aki maga az Igazs\u00e1g.<br \/>\n\u201e\u00c9n vagyok az \u00e9let kenyere. Aki hozz\u00e1m j\u00f6n, nem fog \u00e9hezni, \u00e9s aki bennem hisz, sohasem szomjazik meg.\u201d<br \/>\nEz a keny\u00e9r teh\u00e1t Vele t\u00e1pl\u00e1l m\u00e1r itt lent, de az\u00e9rt kaptuk, hogy mi viszont a benn\u00fcnket k\u00f6r\u00fclvevo emberis\u00e9g lelki \u00e9s fizikai \u00e9hs\u00e9g\u00e9t csillap\u00edtsuk.<\/p>\n<p>Krisztus \u00fczenet\u00e9t nem annyira az Eucharisztia \u00e1ltal ismeri meg a vil\u00e1g, hanem sokkal ink\u00e1bb a kereszt\u00e9nyek \u00e9let\u00e9bol, akik az Olt\u00e1riszents\u00e9gbol \u00e9s az Ig\u00e9bol t\u00e1pl\u00e1lkoznak, akik \u00e9let\u00fckkel \u00e9s szavaikkal adj\u00e1k h\u00edr\u00fcl az evang\u00e9liumot, s ez \u00e1ltal teremtik meg Krisztus jelenl\u00e9t\u00e9t az emberek k\u00f6z\u00f6tt.<\/p>\n<p>A kereszt\u00e9ny k\u00f6z\u00f6ss\u00e9g \u00e9lete az Euchariszti\u00e1nak k\u00f6sz\u00f6nhetoen v\u00e1lik J\u00e9zus \u00e9let\u00e9v\u00e9, vagyis olyan \u00e9lett\u00e9, amely k\u00e9pes Isten szeretet\u00e9t \u00e9s \u00e9let\u00e9t adni a t\u00f6bbieknek.<br \/>\n\u201e\u00c9n vagyok az \u00e9let kenyere. Aki hozz\u00e1m j\u00f6n, nem fog \u00e9hezni, \u00e9s aki bennem hisz, sohasem szomjazik meg.\u201d<br \/>\nA keny\u00e9r hasonlat\u00e1val J\u00e9zus megtan\u00edt minket a testv\u00e9r ir\u00e1nti szeretet igazabb, \u201ekereszt\u00e9nyibb\u201d m\u00f3dj\u00e1ra.<\/p>\n<p>Mit jelent ugyanis szeretni?<\/p>\n<p>Szeretni annyit jelent, hogy \u201eeggy\u00e9 v\u00e1lunk\u201d mindenkivel, eggy\u00e9 v\u00e1lunk mindabban, amire a t\u00f6bbiek v\u00e1gynak, a legkisebb \u00e9s a legjelent\u00e9ktelenebb dolgokban, azokban is, melyek sz\u00e1munkra kev\u00e9sb\u00e9 fontosak, de a t\u00f6bbieket \u00e9rdeklik.<\/p>\n<p>J\u00e9zus az\u00e1ltal, hogy keny\u00e9rr\u00e9 lett sz\u00e1munkra, ragyog\u00f3 p\u00e9ld\u00e1j\u00e1t adta ennek a szeretetnek. Keny\u00e9rr\u00e9 v\u00e1lik, hogy behatoljon mindenkibe, hogy ehetov\u00e9 v\u00e1lj\u00e9k, hogy eggy\u00e9 v\u00e1ljon mindenkivel, szolg\u00e1ljon, szeressen mindenkit.<\/p>\n<p>Egysz\u00f3val, v\u00e1ljunk eggy\u00e9 mi is, eg\u00e9szen addig, hogy egy falat keny\u00e9r legy\u00fcnk a m\u00e1sik sz\u00e1m\u00e1ra.<\/p>\n<p style=\"text-align: left;\">Ez a szeretet: oly m\u00f3don eggy\u00e9 v\u00e1lni a t\u00f6bbiekkel, hogy \u00e9rezz\u00e9k, szeretet\u00fcnk t\u00e1pl\u00e1lja, megvigasztalja, felemeli \u00e9s meg\u00e9rti oket.<\/p>\n<p style=\"text-align: right;\"><em><strong>Chiara Lubich<\/strong><\/em><\/p>\n","protected":false},"excerpt":{"rendered":"Az \u00c9let Ig\u00e9je &#8211; okt\u00f3ber \u201e\u00c9n vagyok az \u00e9let kenyere. Aki hozz\u00e1m j\u00f6n, nem fog \u00e9hezni, \u00e9s aki bennem hisz,&#8230;","protected":false},"author":2,"featured_media":7876,"comment_status":"closed","ping_status":"closed","sticky":false,"template":"","format":"standard","meta":{"footnotes":""},"categories":[8],"tags":[],"class_list":["post-32258","post","type-post","status-publish","format-standard","has-post-thumbnail","hentry","category-lelki-gyongyok"],"_links":{"self":[{"href":"https:\/\/imalanc.ro\/w\/wp-json\/wp\/v2\/posts\/32258","targetHints":{"allow":["GET"]}}],"collection":[{"href":"https:\/\/imalanc.ro\/w\/wp-json\/wp\/v2\/posts"}],"about":[{"href":"https:\/\/imalanc.ro\/w\/wp-json\/wp\/v2\/types\/post"}],"author":[{"embeddable":true,"href":"https:\/\/imalanc.ro\/w\/wp-json\/wp\/v2\/users\/2"}],"replies":[{"embeddable":true,"href":"https:\/\/imalanc.ro\/w\/wp-json\/wp\/v2\/comments?post=32258"}],"version-history":[{"count":1,"href":"https:\/\/imalanc.ro\/w\/wp-json\/wp\/v2\/posts\/32258\/revisions"}],"predecessor-version":[{"id":32259,"href":"https:\/\/imalanc.ro\/w\/wp-json\/wp\/v2\/posts\/32258\/revisions\/32259"}],"wp:featuredmedia":[{"embeddable":true,"href":"https:\/\/imalanc.ro\/w\/wp-json\/wp\/v2\/media\/7876"}],"wp:attachment":[{"href":"https:\/\/imalanc.ro\/w\/wp-json\/wp\/v2\/media?parent=32258"}],"wp:term":[{"taxonomy":"category","embeddable":true,"href":"https:\/\/imalanc.ro\/w\/wp-json\/wp\/v2\/categories?post=32258"},{"taxonomy":"post_tag","embeddable":true,"href":"https:\/\/imalanc.ro\/w\/wp-json\/wp\/v2\/tags?post=32258"}],"curies":[{"name":"wp","href":"https:\/\/api.w.org\/{rel}","templated":true}]}}