{"id":32166,"date":"2025-08-25T17:41:09","date_gmt":"2025-08-25T15:41:09","guid":{"rendered":"https:\/\/imalanc.ro\/w\/?p=32166"},"modified":"2025-10-07T03:22:15","modified_gmt":"2025-10-07T01:22:15","slug":"krisztussal-megszentelodott-szivunk-szeretetet-valtsuk-tettekre","status":"publish","type":"post","link":"https:\/\/imalanc.ro\/w\/krisztussal-megszentelodott-szivunk-szeretetet-valtsuk-tettekre\/","title":{"rendered":"Krisztussal megszentel\u0151d\u00f6tt sz\u00edv\u00fcnk szeretet\u00e9t v\u00e1ltsuk tettekre"},"content":{"rendered":"<p>A 14 \u00e9ve felszentelt D\u00f3n\u00e1t \u00fati Szent Istv\u00e1n templom b\u00facs\u00fas \u00fcnnepe szerves r\u00e9sz\u00e9v\u00e9 v\u00e1lt a Kolozsv\u00e1ri Magyar Napoknak.<!--more--><a href=\"https:\/\/imalanc.ro\/w\/wp-content\/uploads\/Ujmisesek-bevonulnak.jpg\"><img loading=\"lazy\" decoding=\"async\" class=\"alignnone size-medium wp-image-32167\" src=\"https:\/\/imalanc.ro\/w\/wp-content\/uploads\/Ujmisesek-bevonulnak-300x199.jpg\" alt=\"\" width=\"300\" height=\"199\" srcset=\"https:\/\/imalanc.ro\/w\/wp-content\/uploads\/Ujmisesek-bevonulnak-300x199.jpg 300w, https:\/\/imalanc.ro\/w\/wp-content\/uploads\/Ujmisesek-bevonulnak.jpg 580w\" sizes=\"auto, (max-width: 300px) 100vw, 300px\" \/><\/a><a href=\"https:\/\/imalanc.ro\/w\/wp-content\/uploads\/Bevonulva-kezdodik-a-szentmise.jpg\"><img loading=\"lazy\" decoding=\"async\" class=\"alignnone size-medium wp-image-32168\" src=\"https:\/\/imalanc.ro\/w\/wp-content\/uploads\/Bevonulva-kezdodik-a-szentmise-300x199.jpg\" alt=\"\" width=\"300\" height=\"199\" srcset=\"https:\/\/imalanc.ro\/w\/wp-content\/uploads\/Bevonulva-kezdodik-a-szentmise-300x199.jpg 300w, https:\/\/imalanc.ro\/w\/wp-content\/uploads\/Bevonulva-kezdodik-a-szentmise.jpg 580w\" sizes=\"auto, (max-width: 300px) 100vw, 300px\" \/><\/a><a href=\"https:\/\/imalanc.ro\/w\/wp-content\/uploads\/A-fusttel-hozzad-szall-imank.jpg\"><img loading=\"lazy\" decoding=\"async\" class=\"alignnone size-medium wp-image-32169\" src=\"https:\/\/imalanc.ro\/w\/wp-content\/uploads\/A-fusttel-hozzad-szall-imank-300x199.jpg\" alt=\"\" width=\"300\" height=\"199\" srcset=\"https:\/\/imalanc.ro\/w\/wp-content\/uploads\/A-fusttel-hozzad-szall-imank-300x199.jpg 300w, https:\/\/imalanc.ro\/w\/wp-content\/uploads\/A-fusttel-hozzad-szall-imank.jpg 580w\" sizes=\"auto, (max-width: 300px) 100vw, 300px\" \/><\/a><\/p>\n<p>A templom alapk\u00f6v\u00e9t m\u00e1r 34 \u00e9vvel ezel\u0151tt, 1991. janu\u00e1r 23-\u00e1n tett\u00e9k le, majd hossz\u00fa \u00e9veken kereszt\u00fcl k\u00e9sz\u00fclt, hogy bet\u00f6lthesse feladat\u00e1t: szolg\u00e1lja Isten dics\u0151s\u00e9g\u00e9t \u00e9s befogadja azokat az embereket, kik Istent keresik \u00e9s hozz\u00e1 foh\u00e1szkodnak.<!--more--><a href=\"https:\/\/imalanc.ro\/w\/wp-content\/uploads\/Sokan.jpg\"><img loading=\"lazy\" decoding=\"async\" class=\"alignnone size-medium wp-image-32170\" src=\"https:\/\/imalanc.ro\/w\/wp-content\/uploads\/Sokan-300x199.jpg\" alt=\"\" width=\"300\" height=\"199\" srcset=\"https:\/\/imalanc.ro\/w\/wp-content\/uploads\/Sokan-300x199.jpg 300w, https:\/\/imalanc.ro\/w\/wp-content\/uploads\/Sokan.jpg 580w\" sizes=\"auto, (max-width: 300px) 100vw, 300px\" \/><\/a><a href=\"https:\/\/imalanc.ro\/w\/wp-content\/uploads\/Ahitattal-imadkozva.jpg\"><img loading=\"lazy\" decoding=\"async\" class=\"alignnone size-medium wp-image-32171\" src=\"https:\/\/imalanc.ro\/w\/wp-content\/uploads\/Ahitattal-imadkozva-300x199.jpg\" alt=\"\" width=\"300\" height=\"199\" srcset=\"https:\/\/imalanc.ro\/w\/wp-content\/uploads\/Ahitattal-imadkozva-300x199.jpg 300w, https:\/\/imalanc.ro\/w\/wp-content\/uploads\/Ahitattal-imadkozva.jpg 580w\" sizes=\"auto, (max-width: 300px) 100vw, 300px\" \/><\/a><a href=\"https:\/\/imalanc.ro\/w\/wp-content\/uploads\/Korus-ertetek.jpg\"><img loading=\"lazy\" decoding=\"async\" class=\"alignnone size-medium wp-image-32172\" src=\"https:\/\/imalanc.ro\/w\/wp-content\/uploads\/Korus-ertetek-300x199.jpg\" alt=\"\" width=\"300\" height=\"199\" srcset=\"https:\/\/imalanc.ro\/w\/wp-content\/uploads\/Korus-ertetek-300x199.jpg 300w, https:\/\/imalanc.ro\/w\/wp-content\/uploads\/Korus-ertetek.jpg 580w\" sizes=\"auto, (max-width: 300px) 100vw, 300px\" \/><\/a><\/p>\n<p>Az \u00fcnnepl\u0151 h\u00edvekkel megtelt a padsorok k\u00f6z\u00f6tt vonult be az \u00e9ppen 14 szem\u00e9lyt sz\u00e1ml\u00e1l\u00f3 paps\u00e1g, egy diak\u00f3nus \u00e9s az assziszt\u00e1l\u00f3 ministr\u00e1nsok.<!--more--><a href=\"https:\/\/imalanc.ro\/w\/wp-content\/uploads\/Olvasmany1.jpg\"><img loading=\"lazy\" decoding=\"async\" class=\"alignnone size-medium wp-image-32173\" src=\"https:\/\/imalanc.ro\/w\/wp-content\/uploads\/Olvasmany1-300x199.jpg\" alt=\"\" width=\"300\" height=\"199\" srcset=\"https:\/\/imalanc.ro\/w\/wp-content\/uploads\/Olvasmany1-300x199.jpg 300w, https:\/\/imalanc.ro\/w\/wp-content\/uploads\/Olvasmany1.jpg 580w\" sizes=\"auto, (max-width: 300px) 100vw, 300px\" \/><\/a><a href=\"https:\/\/imalanc.ro\/w\/wp-content\/uploads\/Jo-nekunk-itt-lenni-a-Szentseg-korul.jpg\"><img loading=\"lazy\" decoding=\"async\" class=\"alignnone size-medium wp-image-32174\" src=\"https:\/\/imalanc.ro\/w\/wp-content\/uploads\/Jo-nekunk-itt-lenni-a-Szentseg-korul-300x199.jpg\" alt=\"\" width=\"300\" height=\"199\" srcset=\"https:\/\/imalanc.ro\/w\/wp-content\/uploads\/Jo-nekunk-itt-lenni-a-Szentseg-korul-300x199.jpg 300w, https:\/\/imalanc.ro\/w\/wp-content\/uploads\/Jo-nekunk-itt-lenni-a-Szentseg-korul.jpg 580w\" sizes=\"auto, (max-width: 300px) 100vw, 300px\" \/><\/a><a href=\"https:\/\/imalanc.ro\/w\/wp-content\/uploads\/Zsoltarokat-enekelve.jpg\"><img loading=\"lazy\" decoding=\"async\" class=\"alignnone size-medium wp-image-32175\" src=\"https:\/\/imalanc.ro\/w\/wp-content\/uploads\/Zsoltarokat-enekelve-300x199.jpg\" alt=\"\" width=\"300\" height=\"199\" srcset=\"https:\/\/imalanc.ro\/w\/wp-content\/uploads\/Zsoltarokat-enekelve-300x199.jpg 300w, https:\/\/imalanc.ro\/w\/wp-content\/uploads\/Zsoltarokat-enekelve.jpg 580w\" sizes=\"auto, (max-width: 300px) 100vw, 300px\" \/><\/a><\/p>\n<p>L\u00e1szl\u00f3 Attila kolozs-dobokai f\u0151esperes bevezet\u0151 besz\u00e9d\u00e9ben k\u00e9rte a benn\u00fcnket v\u00e9gtelen\u00fcl szeret\u0151 Istent, hogy tegye teljess\u00e9 kegyelm\u00e9vel az egybegy\u0171ltek im\u00e1j\u00e1t, k\u00fcl\u00f6n\u00f6sen a papok\u00e9t, kik az idetartoz\u00f3 k\u00f6z\u00f6ss\u00e9g\u00e9rt foh\u00e1szkodnak. \u00d6r\u00f6mmel vil\u00e1g\u00edtott r\u00e1 arra, hogy az olt\u00e1r k\u00f6r\u00fcl a szolg\u00e1latot teljes\u00edt\u0151k k\u00f6z\u00f6tt h\u00e1rman is az id\u00e9n r\u00e9szes\u00fcltek a felszentel\u00e9sben: L\u00e1z\u00e1r Hunor, l\u00f6v\u00e9tei sz\u00e1rmaz\u00e1s\u00fa kispapot m\u00e1jusban diak\u00f3nusss\u00e1 szentelt\u00e9k (kit m\u00e1r ismernek a kolozsv\u00e1riak a Szent Mih\u00e1ly pl\u00e9b\u00e1ni\u00e1n t\u00f6lt\u00f6tt gyakorlati f\u00e9l\u00e9ve kapcs\u00e1n); a sz\u00e9kelykereszt\u00fari Bal\u00e1zs Barnab\u00e1st j\u00falius 5-\u00e9n Kov\u00e1cs Gergyely p\u00fcsp\u00f6k k\u00e9zr\u00e1t\u00e9tele \u00e1ltal r\u00e9szes\u00edtette a paps\u00e1g szents\u00e9g\u00e9ben sz\u00fcl\u0151f\u00f6ldj\u00e9n, jelenleg Zetelak\u00e1n teljes\u00edt szolg\u00e1latot \u00e9s Chrysantus Yvesimbom Njungba, a K\u00f6z\u00e9p-Afrik\u00e1b\u00f3l j\u00f6v\u0151 piarist\u00e1t j\u00faliusban sz\u00fcl\u0151f\u00f6ldj\u00e9n, Bamenda r\u00e9gi\u00f3ban r\u00e9szes\u00edtett\u00e9k a paps\u00e1g szents\u00e9g\u00e9ben (\u0151 \u00f6t gyermekes csal\u00e1db\u00f3l sz\u00e1rmazik, Kolozsv\u00e1ron tavaly okt\u00f3bert\u0151l a piarista rend r\u00e9v\u00e9n franci\u00e1ul \u00e9s angolul diak\u00f3nusi szolg\u00e1latot teljes\u00edtett, de ugyanakkor a magyar k\u00f6z\u00f6ss\u00e9gben is, mert befogad\u00f3 papi k\u00f6z\u00f6ss\u00e9ge a magyar nyelv elsaj\u00e1t\u00edt\u00e1s\u00e1ban is otthonoss\u00e1 form\u00e1lta).<!--more--><a href=\"https:\/\/imalanc.ro\/w\/wp-content\/uploads\/Huseggel-Istennek-Medrea-Eniko.jpg\"><img loading=\"lazy\" decoding=\"async\" class=\"alignnone size-medium wp-image-32176\" src=\"https:\/\/imalanc.ro\/w\/wp-content\/uploads\/Huseggel-Istennek-Medrea-Eniko-300x199.jpg\" alt=\"\" width=\"300\" height=\"199\" srcset=\"https:\/\/imalanc.ro\/w\/wp-content\/uploads\/Huseggel-Istennek-Medrea-Eniko-300x199.jpg 300w, https:\/\/imalanc.ro\/w\/wp-content\/uploads\/Huseggel-Istennek-Medrea-Eniko.jpg 580w\" sizes=\"auto, (max-width: 300px) 100vw, 300px\" \/><\/a><a href=\"https:\/\/imalanc.ro\/w\/wp-content\/uploads\/Lazar-Hunor-az-ambonal.jpg\"><img loading=\"lazy\" decoding=\"async\" class=\"alignnone size-medium wp-image-32177\" src=\"https:\/\/imalanc.ro\/w\/wp-content\/uploads\/Lazar-Hunor-az-ambonal-300x199.jpg\" alt=\"\" width=\"300\" height=\"199\" srcset=\"https:\/\/imalanc.ro\/w\/wp-content\/uploads\/Lazar-Hunor-az-ambonal-300x199.jpg 300w, https:\/\/imalanc.ro\/w\/wp-content\/uploads\/Lazar-Hunor-az-ambonal.jpg 580w\" sizes=\"auto, (max-width: 300px) 100vw, 300px\" \/><\/a><a href=\"https:\/\/imalanc.ro\/w\/wp-content\/uploads\/Bucsun-erdeklodessel.jpg\"><img loading=\"lazy\" decoding=\"async\" class=\"alignnone size-medium wp-image-32178\" src=\"https:\/\/imalanc.ro\/w\/wp-content\/uploads\/Bucsun-erdeklodessel-300x199.jpg\" alt=\"\" width=\"300\" height=\"199\" srcset=\"https:\/\/imalanc.ro\/w\/wp-content\/uploads\/Bucsun-erdeklodessel-300x199.jpg 300w, https:\/\/imalanc.ro\/w\/wp-content\/uploads\/Bucsun-erdeklodessel.jpg 580w\" sizes=\"auto, (max-width: 300px) 100vw, 300px\" \/><\/a><\/p>\n<p>A szentbesz\u00e9dben Bal\u00e1zs Barnab\u00e1s \u00fajmis\u00e9s a r\u00e9gm\u00falt id\u0151kre kalauzolta az \u00fcnnepl\u0151ket, akkorra amikor m\u00e9g nem voltak felszentelt templomok, hanem a kereszt\u00e9nyek Istent otthonaikban dics\u00e9rt\u00e9k. \u00cdgy v\u00e1ltak az egyszer\u0171 otthonok csal\u00e1di szent\u00e9lly\u00e9. Lak\u00f3ik pedig, h\u00e1zigazd\u00e1ikkal egy\u00fctt befogad\u00f3 kereszt\u00e9ny k\u00f6z\u00f6ss\u00e9gg\u00e9 form\u00e1l\u00f3dtak az oda bet\u00e9r\u0151kkel egy\u00fctt. A D\u00f3n\u00e1t \u00fati templom jelenlegi befogad\u00f3 h\u00e1zigazd\u00e1j\u00e1nak nevezte Szent Istv\u00e1nt, mert \u0151 az, aki a jelenlev\u0151ket ide v\u00e1rta, k\u00e9zen fogva bevezette az Istenel val\u00f3 tal\u00e1lkoz\u00e1s hely\u00e9re.<!--more--><a href=\"https:\/\/imalanc.ro\/w\/wp-content\/uploads\/Balazs-Barnabas-iget-hirdet.jpg\"><img loading=\"lazy\" decoding=\"async\" class=\"alignnone size-medium wp-image-32179\" src=\"https:\/\/imalanc.ro\/w\/wp-content\/uploads\/Balazs-Barnabas-iget-hirdet-300x199.jpg\" alt=\"\" width=\"300\" height=\"199\" srcset=\"https:\/\/imalanc.ro\/w\/wp-content\/uploads\/Balazs-Barnabas-iget-hirdet-300x199.jpg 300w, https:\/\/imalanc.ro\/w\/wp-content\/uploads\/Balazs-Barnabas-iget-hirdet.jpg 580w\" sizes=\"auto, (max-width: 300px) 100vw, 300px\" \/><\/a><a href=\"https:\/\/imalanc.ro\/w\/wp-content\/uploads\/Husveti-gyertya-Krisztus-jelkee.jpg\"><img loading=\"lazy\" decoding=\"async\" class=\"alignnone size-medium wp-image-32180\" src=\"https:\/\/imalanc.ro\/w\/wp-content\/uploads\/Husveti-gyertya-Krisztus-jelkee-300x199.jpg\" alt=\"\" width=\"300\" height=\"199\" srcset=\"https:\/\/imalanc.ro\/w\/wp-content\/uploads\/Husveti-gyertya-Krisztus-jelkee-300x199.jpg 300w, https:\/\/imalanc.ro\/w\/wp-content\/uploads\/Husveti-gyertya-Krisztus-jelkee.jpg 580w\" sizes=\"auto, (max-width: 300px) 100vw, 300px\" \/><\/a><a href=\"https:\/\/imalanc.ro\/w\/wp-content\/uploads\/Szolgalni-Istent-szeretetbol.jpg\"><img loading=\"lazy\" decoding=\"async\" class=\"alignnone size-medium wp-image-32181\" src=\"https:\/\/imalanc.ro\/w\/wp-content\/uploads\/Szolgalni-Istent-szeretetbol-300x199.jpg\" alt=\"\" width=\"300\" height=\"199\" srcset=\"https:\/\/imalanc.ro\/w\/wp-content\/uploads\/Szolgalni-Istent-szeretetbol-300x199.jpg 300w, https:\/\/imalanc.ro\/w\/wp-content\/uploads\/Szolgalni-Istent-szeretetbol.jpg 580w\" sizes=\"auto, (max-width: 300px) 100vw, 300px\" \/><\/a><\/p>\n<p>Erd\u00e9lyi J\u00f3zsef, Baumgarten-d\u00edjas magyar k\u00f6lt\u0151, <em>Rege<\/em> c\u00edm\u0171 vers\u00e9nek sorait id\u00e9zve b\u00e1tor\u00edtotta az \u00fajmis\u00e9s \u00e9s Istenhez ir\u00e1ny\u00edtotta a b\u00facs\u00fara j\u00f6tteket, hogy egy\u00fctt dics\u0151\u00edthess\u00e9k az Aty\u00e1t. <em>Egy sz\u00e9p reggelre gondolok,\/ \u00e9s mosolygok \u00e9s meghalok.\/ K\u00e9klett az \u00e9g, s\u00fct\u00f6tt a nap;\/ mentem s\u00f6t\u00e9t feny\u0151k alatt.\/ Kezemet fogta j\u00f3 ap\u00e1m;\/ s\u00e1rgarig\u00f3 f\u00fcty\u00f6lt a f\u00e1n.\/ S\u00e1rga rig\u00f3, huncut rig\u00f3,\/ azt f\u00fcty\u00f6lte, hogy \u00e9lni j\u00f3;\/ hogy \u00e9lni j\u00f3, hogy \u00e9lni sz\u00e9p,\/ ha fogj\u00e1k az ember kez\u00e9t.<\/em> P\u00e1rhuzamot vont Szent Istv\u00e1n kir\u00e1ly \u00e9s a j\u00f3 apa k\u00f6z\u00f6tt, mert Szent Istv\u00e1n \u00e9let\u00e9ld\u00e1j\u00e1val, sz\u00edvb\u0151l j\u00f6v\u0151, Istent szolg\u00e1l\u00f3 tetteivel fogta k\u00e9zen \u00e9s vezette ide e modern \u00e9p\u00edt\u00e9szeti st\u00edlus\u00fa Isten-h\u00e1z\u00e1ba a jelenlev\u0151ket, hogy a sz\u00edvb\u0151l j\u00f6v\u0151 Isten- \u00e9s emberszeretetet tettekre v\u00e1lts\u00e1k.<!--more--><a href=\"https:\/\/imalanc.ro\/w\/wp-content\/uploads\/Vilagi-eloljarok-a-bucsus-szentmisen.jpg\"><img loading=\"lazy\" decoding=\"async\" class=\"alignnone size-medium wp-image-32182\" src=\"https:\/\/imalanc.ro\/w\/wp-content\/uploads\/Vilagi-eloljarok-a-bucsus-szentmisen-300x199.jpg\" alt=\"\" width=\"300\" height=\"199\" srcset=\"https:\/\/imalanc.ro\/w\/wp-content\/uploads\/Vilagi-eloljarok-a-bucsus-szentmisen-300x199.jpg 300w, https:\/\/imalanc.ro\/w\/wp-content\/uploads\/Vilagi-eloljarok-a-bucsus-szentmisen.jpg 580w\" sizes=\"auto, (max-width: 300px) 100vw, 300px\" \/><\/a><a href=\"https:\/\/imalanc.ro\/w\/wp-content\/uploads\/A-csalad-egyutt-a-szentmisen.jpg\"><img loading=\"lazy\" decoding=\"async\" class=\"alignnone size-medium wp-image-32183\" src=\"https:\/\/imalanc.ro\/w\/wp-content\/uploads\/A-csalad-egyutt-a-szentmisen-300x199.jpg\" alt=\"\" width=\"300\" height=\"199\" srcset=\"https:\/\/imalanc.ro\/w\/wp-content\/uploads\/A-csalad-egyutt-a-szentmisen-300x199.jpg 300w, https:\/\/imalanc.ro\/w\/wp-content\/uploads\/A-csalad-egyutt-a-szentmisen.jpg 580w\" sizes=\"auto, (max-width: 300px) 100vw, 300px\" \/><\/a><a href=\"https:\/\/imalanc.ro\/w\/wp-content\/uploads\/Zalan-enekles-utan-elmelyulve.jpg\"><img loading=\"lazy\" decoding=\"async\" class=\"alignnone size-medium wp-image-32184\" src=\"https:\/\/imalanc.ro\/w\/wp-content\/uploads\/Zalan-enekles-utan-elmelyulve-300x199.jpg\" alt=\"\" width=\"300\" height=\"199\" srcset=\"https:\/\/imalanc.ro\/w\/wp-content\/uploads\/Zalan-enekles-utan-elmelyulve-300x199.jpg 300w, https:\/\/imalanc.ro\/w\/wp-content\/uploads\/Zalan-enekles-utan-elmelyulve.jpg 580w\" sizes=\"auto, (max-width: 300px) 100vw, 300px\" \/><\/a><\/p>\n<p>Szent Istv\u00e1n kir\u00e1lyunk az, aki felismerte, hogy J\u00e9zus Krisztus eg\u00e9szen k\u00f6zel van hozz\u00e1nk, mert az emberek sz\u00edv\u00e9ben van jelen. T\u00falmutat a politik\u00e1n, a gazdags\u00e1gon, az orsz\u00e1ghat\u00e1rokon, kusza gondolatainkon, \u00e9rz\u00e9seinken, eml\u00e9keinken. Ez\u00e9rt a besz\u00e9l\u0151 \u00f3vatoss\u00e1gra intette a h\u00edv\u0151 k\u00f6z\u00f6ss\u00e9get, mert nem mindegy, hogy mivel t\u00e1pl\u00e1lja sz\u00edv\u00e9t. Tan\u00e1csolta, hogy figyeljen a sz\u00edvben lak\u00f3 Krisztusra, de az apostolfejedelem, Szent P\u00e1l efezusiaknak \u00edrt szavaira is, hogy ne \u00fagy \u00e9ljenek, mint a pog\u00e1nyok, kik hi\u00e1baval\u00f3s\u00e1gokon j\u00e1ratj\u00e1k az esz\u00fcket, hanem engedj\u00e9k k\u00f6zel Krisztust sz\u00edv\u00fckh\u00f6z, hogy figyelmes emberr\u00e9 v\u00e1ljanak.<!--more--><a href=\"https:\/\/imalanc.ro\/w\/wp-content\/uploads\/Enekkel-lelekkel-a-liturgiaban.jpg\"><img loading=\"lazy\" decoding=\"async\" class=\"alignnone size-medium wp-image-32185\" src=\"https:\/\/imalanc.ro\/w\/wp-content\/uploads\/Enekkel-lelekkel-a-liturgiaban-300x199.jpg\" alt=\"\" width=\"300\" height=\"199\" srcset=\"https:\/\/imalanc.ro\/w\/wp-content\/uploads\/Enekkel-lelekkel-a-liturgiaban-300x199.jpg 300w, https:\/\/imalanc.ro\/w\/wp-content\/uploads\/Enekkel-lelekkel-a-liturgiaban.jpg 580w\" sizes=\"auto, (max-width: 300px) 100vw, 300px\" \/><\/a><a href=\"https:\/\/imalanc.ro\/w\/wp-content\/uploads\/Mindnyajan-kik-egybegyultunk.jpg\"><img loading=\"lazy\" decoding=\"async\" class=\"alignnone size-medium wp-image-32186\" src=\"https:\/\/imalanc.ro\/w\/wp-content\/uploads\/Mindnyajan-kik-egybegyultunk-300x199.jpg\" alt=\"\" width=\"300\" height=\"199\" srcset=\"https:\/\/imalanc.ro\/w\/wp-content\/uploads\/Mindnyajan-kik-egybegyultunk-300x199.jpg 300w, https:\/\/imalanc.ro\/w\/wp-content\/uploads\/Mindnyajan-kik-egybegyultunk.jpg 580w\" sizes=\"auto, (max-width: 300px) 100vw, 300px\" \/><\/a><a href=\"https:\/\/imalanc.ro\/w\/wp-content\/uploads\/Istenem-segitsd-csaladomat.jpg\"><img loading=\"lazy\" decoding=\"async\" class=\"alignnone size-medium wp-image-32187\" src=\"https:\/\/imalanc.ro\/w\/wp-content\/uploads\/Istenem-segitsd-csaladomat-300x199.jpg\" alt=\"\" width=\"300\" height=\"199\" srcset=\"https:\/\/imalanc.ro\/w\/wp-content\/uploads\/Istenem-segitsd-csaladomat-300x199.jpg 300w, https:\/\/imalanc.ro\/w\/wp-content\/uploads\/Istenem-segitsd-csaladomat.jpg 580w\" sizes=\"auto, (max-width: 300px) 100vw, 300px\" \/><\/a><\/p>\n<p>Az ilyen embert \u00e9rdekli saj\u00e1t \u00e9s m\u00e1sok sorsa, besz\u00e9de, munk\u00e1ja, de ugyanakkor bel\u00e1tja egy\u00e9ni gyarl\u00f3s\u00e1gait, de ezek ellen\u00e9re m\u00e9gis Isten akarat\u00e1t keresi. Istennek szolg\u00e1l\u00f3, \u00e9p\u00edt\u0151 embernek nevezte azt, aki elfogadja mindazt, amit az \u00e9let hoz, ak\u00e1r kellemes, ak\u00e1r kellemetlen, de mindezekkel egy\u00fctt szeretettel Isten \u00fcgy\u00e9\u00e9rt f\u00e1rad. Az igehirdet\u0151 lelkiismeretvizsg\u00e1latra k\u00e9sztette feltett k\u00e9rd\u00e9seivel az \u00fcnnepl\u0151ket. ,,<em>\u00c9letem tev\u00e9kenys\u00e9geit milyen sz\u00edvvel \u00e9lem \u00e9s v\u00e9gzem? Nem-e csak musz\u00e1lyb\u00f3l teszem vagy, csakhogy t\u00falessek rajta?\u201d <\/em><!--more--><a href=\"https:\/\/imalanc.ro\/w\/wp-content\/uploads\/Balazs-Barnabas-focelebrans.jpg\"><img loading=\"lazy\" decoding=\"async\" class=\"alignnone size-medium wp-image-32188\" src=\"https:\/\/imalanc.ro\/w\/wp-content\/uploads\/Balazs-Barnabas-focelebrans-300x199.jpg\" alt=\"\" width=\"300\" height=\"199\" srcset=\"https:\/\/imalanc.ro\/w\/wp-content\/uploads\/Balazs-Barnabas-focelebrans-300x199.jpg 300w, https:\/\/imalanc.ro\/w\/wp-content\/uploads\/Balazs-Barnabas-focelebrans.jpg 580w\" sizes=\"auto, (max-width: 300px) 100vw, 300px\" \/><\/a><a href=\"https:\/\/imalanc.ro\/w\/wp-content\/uploads\/Maria-kiralyno-a-gyermekkel.jpg\"><img loading=\"lazy\" decoding=\"async\" class=\"alignnone size-medium wp-image-32189\" src=\"https:\/\/imalanc.ro\/w\/wp-content\/uploads\/Maria-kiralyno-a-gyermekkel-300x199.jpg\" alt=\"\" width=\"300\" height=\"199\" srcset=\"https:\/\/imalanc.ro\/w\/wp-content\/uploads\/Maria-kiralyno-a-gyermekkel-300x199.jpg 300w, https:\/\/imalanc.ro\/w\/wp-content\/uploads\/Maria-kiralyno-a-gyermekkel.jpg 580w\" sizes=\"auto, (max-width: 300px) 100vw, 300px\" \/><\/a><a href=\"https:\/\/imalanc.ro\/w\/wp-content\/uploads\/Ahitat.jpg\"><img loading=\"lazy\" decoding=\"async\" class=\"alignnone size-medium wp-image-32190\" src=\"https:\/\/imalanc.ro\/w\/wp-content\/uploads\/Ahitat-300x199.jpg\" alt=\"\" width=\"300\" height=\"199\" srcset=\"https:\/\/imalanc.ro\/w\/wp-content\/uploads\/Ahitat-300x199.jpg 300w, https:\/\/imalanc.ro\/w\/wp-content\/uploads\/Ahitat.jpg 580w\" sizes=\"auto, (max-width: 300px) 100vw, 300px\" \/><\/a><\/p>\n<p>A rem\u00e9ny ember\u00e9nek nevezte azt, aki<em> ,,Sz\u00edv\u00e9vel az \u00darral van \u00e9s \u00fagy gondolkozik, \u00e9rez, figyel, hogy m\u00e1sok jav\u00e1t keresse \u00e9s Isten akarat\u00e1t val\u00f3s\u00edtsa meg<\/em>\u201d. Ha \u00edgy szolg\u00e1lunk, akkor Isten lesz \u00e9let\u00fcnk mozgat\u00f3ja. Ekkor nem es\u00fcnk k\u00e9ts\u00e9gbe, mert Isten kegyelm\u00e9vel \u00e9s seg\u00edts\u00e9g\u00e9vel halmoz el, de ez csak akkor val\u00f3sulhat meg, ha hisz\u00fcnk benne \u00e9s r\u00e1b\u00edzzuk magunkat, \u00e9let\u00fcnket. Ehhez k\u00e9rj\u00fck Szent Istv\u00e1n kir\u00e1lyunk k\u00f6zbenj\u00e1r\u00e1s\u00e1t. Befejejez\u00e9s\u00fcl az \u00fajmis\u00e9s arra k\u00e9rt, hogy fontoljuk meg Pilinszky J\u00e1nos k\u00f6lt\u0151nk <em>\u00c1tv\u00e1ltoz\u00e1s c\u00edm\u0171 vers\u00e9nek sorait: Rossz voltam, s te azt mondtad, j\u00f3 vagyok.\/ Cs\u00faf, de te gy\u00f6ny\u00f6r\u0171nek tal\u00e1lt\u00e1l.\/ V\u00e9gig hallgattad mindig, amit mondtam.\/ Haland\u00f3b\u00f3l \u00edgy lettem halhatatlan.<\/em> Isten sz\u00e1m\u00e1ra minden egyes ember \u00e9rt\u00e9k.<!--more--><a href=\"https:\/\/imalanc.ro\/w\/wp-content\/uploads\/Chris-koncelebralva-imadkozik.jpg\"><img loading=\"lazy\" decoding=\"async\" class=\"alignnone size-medium wp-image-32191\" src=\"https:\/\/imalanc.ro\/w\/wp-content\/uploads\/Chris-koncelebralva-imadkozik-300x199.jpg\" alt=\"\" width=\"300\" height=\"199\" srcset=\"https:\/\/imalanc.ro\/w\/wp-content\/uploads\/Chris-koncelebralva-imadkozik-300x199.jpg 300w, https:\/\/imalanc.ro\/w\/wp-content\/uploads\/Chris-koncelebralva-imadkozik.jpg 580w\" sizes=\"auto, (max-width: 300px) 100vw, 300px\" \/><\/a><a href=\"https:\/\/imalanc.ro\/w\/wp-content\/uploads\/Krisztust-latva.jpg\"><img loading=\"lazy\" decoding=\"async\" class=\"alignnone size-medium wp-image-32192\" src=\"https:\/\/imalanc.ro\/w\/wp-content\/uploads\/Krisztust-latva-300x199.jpg\" alt=\"\" width=\"300\" height=\"199\" srcset=\"https:\/\/imalanc.ro\/w\/wp-content\/uploads\/Krisztust-latva-300x199.jpg 300w, https:\/\/imalanc.ro\/w\/wp-content\/uploads\/Krisztust-latva.jpg 580w\" sizes=\"auto, (max-width: 300px) 100vw, 300px\" \/><\/a><a href=\"https:\/\/imalanc.ro\/w\/wp-content\/uploads\/Ujmises-aldo-ima.jpg\"><img loading=\"lazy\" decoding=\"async\" class=\"alignnone size-medium wp-image-32193\" src=\"https:\/\/imalanc.ro\/w\/wp-content\/uploads\/Ujmises-aldo-ima-300x199.jpg\" alt=\"\" width=\"300\" height=\"199\" srcset=\"https:\/\/imalanc.ro\/w\/wp-content\/uploads\/Ujmises-aldo-ima-300x199.jpg 300w, https:\/\/imalanc.ro\/w\/wp-content\/uploads\/Ujmises-aldo-ima.jpg 580w\" sizes=\"auto, (max-width: 300px) 100vw, 300px\" \/><\/a><\/p>\n<p>A koncelebr\u00e1l\u00f3 paptestv\u00e9rek Krisztust val\u00f3s\u00e1gosan az olt\u00e1rasztalon a b\u00facs\u00fas h\u00edv\u0151k k\u00f6z\u00e9 hozt\u00e1k. A kegyelmi \u00e1llapotban lev\u0151k magukhoz vett\u00e9k az \u00e1ldoz\u00e1sban az \u0150 meger\u0151s\u00edt\u0151 test\u00e9t.<!--more--><a href=\"https:\/\/imalanc.ro\/w\/wp-content\/uploads\/Ujmises-aldas.jpg\"><img loading=\"lazy\" decoding=\"async\" class=\"alignnone size-medium wp-image-32194\" src=\"https:\/\/imalanc.ro\/w\/wp-content\/uploads\/Ujmises-aldas-300x199.jpg\" alt=\"\" width=\"300\" height=\"199\" srcset=\"https:\/\/imalanc.ro\/w\/wp-content\/uploads\/Ujmises-aldas-300x199.jpg 300w, https:\/\/imalanc.ro\/w\/wp-content\/uploads\/Ujmises-aldas.jpg 580w\" sizes=\"auto, (max-width: 300px) 100vw, 300px\" \/><\/a><a href=\"https:\/\/imalanc.ro\/w\/wp-content\/uploads\/Szeretet-emberi.jpg\"><img loading=\"lazy\" decoding=\"async\" class=\"alignnone size-medium wp-image-32195\" src=\"https:\/\/imalanc.ro\/w\/wp-content\/uploads\/Szeretet-emberi-300x199.jpg\" alt=\"\" width=\"300\" height=\"199\" srcset=\"https:\/\/imalanc.ro\/w\/wp-content\/uploads\/Szeretet-emberi-300x199.jpg 300w, https:\/\/imalanc.ro\/w\/wp-content\/uploads\/Szeretet-emberi.jpg 580w\" sizes=\"auto, (max-width: 300px) 100vw, 300px\" \/><\/a><a href=\"https:\/\/imalanc.ro\/w\/wp-content\/uploads\/Kozossegvallalas.jpg\"><img loading=\"lazy\" decoding=\"async\" class=\"alignnone size-medium wp-image-32199\" src=\"https:\/\/imalanc.ro\/w\/wp-content\/uploads\/Kozossegvallalas-300x199.jpg\" alt=\"\" width=\"300\" height=\"199\" srcset=\"https:\/\/imalanc.ro\/w\/wp-content\/uploads\/Kozossegvallalas-300x199.jpg 300w, https:\/\/imalanc.ro\/w\/wp-content\/uploads\/Kozossegvallalas.jpg 580w\" sizes=\"auto, (max-width: 300px) 100vw, 300px\" \/><\/a><\/p>\n<p>L\u00e1szl\u00f3 Attila f\u0151esperes megk\u00f6sz\u00f6nte jubileumi szent\u00e9v\u00fcnk Szent Istv\u00e1n b\u00facs\u00fas \u00fcnnep\u00e9n az Istent\u0151l kapott kegyelmi adom\u00e1nyokat, mert a ezek azok, amelyek megtartj\u00e1k a k\u00f6z\u00f6ss\u00e9get, lend\u00fcletet adnak \u00e9s ir\u00e1nyt szabnak a mindennapi \u00e9letben, megszentelik csal\u00e1djainkat. K\u00f6sz\u00f6netet mondott azoknak, akik munk\u00e1lj\u00e1k e k\u00f6z\u00f6ss\u00e9gben a hit m\u00e9ly\u00fcl\u00e9s\u00e9t \u00e9s a liturgi\u00e1ban el\u0151seg\u00edtik a lelkek Istenhez k\u00f6zeled\u00e9s\u00e9t \u00edgy B\u0151jte Csongor seg\u00e9dlelk\u00e9sznek, valamint M\u00e1rton Szabolcs, Poty\u00f3 Istv\u00e1n, Ger\u00e9d Istv\u00e1n k\u00e1ntoroknak \u00e9s a lekesen \u00e9nekl\u0151 k\u00f3rusnak, de a sekresty\u00e9seknek \u00e9s seg\u00e9deiknek munk\u00e1j\u00e1t is \u00e9rt\u00e9kelte, mellyel \u00fcnnepibe \u00f6lt\u00f6ztett\u00e9k megannyiszor a templomot.<!--more--><a href=\"https:\/\/imalanc.ro\/w\/wp-content\/uploads\/Kozos-aldozat.jpg\"><img loading=\"lazy\" decoding=\"async\" class=\"alignnone size-medium wp-image-32233\" src=\"https:\/\/imalanc.ro\/w\/wp-content\/uploads\/Kozos-aldozat-300x199.jpg\" alt=\"\" width=\"300\" height=\"199\" srcset=\"https:\/\/imalanc.ro\/w\/wp-content\/uploads\/Kozos-aldozat-300x199.jpg 300w, https:\/\/imalanc.ro\/w\/wp-content\/uploads\/Kozos-aldozat.jpg 580w\" sizes=\"auto, (max-width: 300px) 100vw, 300px\" \/><\/a><a href=\"https:\/\/imalanc.ro\/w\/wp-content\/uploads\/Kisztus-testeve-es-veeve.jpg\"><img loading=\"lazy\" decoding=\"async\" class=\"alignnone size-medium wp-image-32234\" src=\"https:\/\/imalanc.ro\/w\/wp-content\/uploads\/Kisztus-testeve-es-veeve-300x199.jpg\" alt=\"\" width=\"300\" height=\"199\" srcset=\"https:\/\/imalanc.ro\/w\/wp-content\/uploads\/Kisztus-testeve-es-veeve-300x199.jpg 300w, https:\/\/imalanc.ro\/w\/wp-content\/uploads\/Kisztus-testeve-es-veeve.jpg 580w\" sizes=\"auto, (max-width: 300px) 100vw, 300px\" \/><\/a><a href=\"https:\/\/imalanc.ro\/w\/wp-content\/uploads\/Krisztus-vere.jpg\"><img loading=\"lazy\" decoding=\"async\" class=\"alignnone size-medium wp-image-32201\" src=\"https:\/\/imalanc.ro\/w\/wp-content\/uploads\/Krisztus-vere-300x199.jpg\" alt=\"\" width=\"300\" height=\"199\" srcset=\"https:\/\/imalanc.ro\/w\/wp-content\/uploads\/Krisztus-vere-300x199.jpg 300w, https:\/\/imalanc.ro\/w\/wp-content\/uploads\/Krisztus-vere.jpg 580w\" sizes=\"auto, (max-width: 300px) 100vw, 300px\" \/><\/a><\/p>\n<p>Az \u00fajmis\u00e9st k\u00fcl\u00f6n\u00f6s szeretet\u00e9vel vette k\u00f6r\u00fcl, mert r\u00e1vil\u00e1g\u00edtott arra, hogy a papp\u00e1szentel\u00e9sben egy olyan \u00fat ny\u00edlik meg az elk\u00f6telez\u0151d\u00f6tt szem\u00e9ly sz\u00e1m\u00e1ra, mely \u00e9letv\u00e1ltoztat\u00e1sra k\u00e9sztet, \u00faj feladatokat hoz, melyet t\u00e1pl\u00e1lni sz\u00fcks\u00e9ges, hogy gazdag\u00edtva gazdagodjon ,,Isten\u00fcnkkel val\u00f3 szoros kapcsolatb\u00f3l, a h\u00edvek hit\u00e9b\u0151l\u201d mindenki jav\u00e1ra. <!--more--><a href=\"https:\/\/imalanc.ro\/w\/wp-content\/uploads\/Kozossegben-sokan-1.jpg\"><img loading=\"lazy\" decoding=\"async\" class=\"alignnone size-medium wp-image-32206\" src=\"https:\/\/imalanc.ro\/w\/wp-content\/uploads\/Kozossegben-sokan-1-300x199.jpg\" alt=\"\" width=\"300\" height=\"199\" srcset=\"https:\/\/imalanc.ro\/w\/wp-content\/uploads\/Kozossegben-sokan-1-300x199.jpg 300w, https:\/\/imalanc.ro\/w\/wp-content\/uploads\/Kozossegben-sokan-1.jpg 580w\" sizes=\"auto, (max-width: 300px) 100vw, 300px\" \/><\/a><a href=\"https:\/\/imalanc.ro\/w\/wp-content\/uploads\/Evangeliumra-keszulve.jpg\"><img loading=\"lazy\" decoding=\"async\" class=\"alignnone size-medium wp-image-32207\" src=\"https:\/\/imalanc.ro\/w\/wp-content\/uploads\/Evangeliumra-keszulve-300x199.jpg\" alt=\"\" width=\"300\" height=\"199\" srcset=\"https:\/\/imalanc.ro\/w\/wp-content\/uploads\/Evangeliumra-keszulve-300x199.jpg 300w, https:\/\/imalanc.ro\/w\/wp-content\/uploads\/Evangeliumra-keszulve.jpg 580w\" sizes=\"auto, (max-width: 300px) 100vw, 300px\" \/><\/a><a href=\"https:\/\/imalanc.ro\/w\/wp-content\/uploads\/Oromteli-tanacsok.jpg\"><img loading=\"lazy\" decoding=\"async\" class=\"alignnone size-medium wp-image-32208\" src=\"https:\/\/imalanc.ro\/w\/wp-content\/uploads\/Oromteli-tanacsok-300x199.jpg\" alt=\"\" width=\"300\" height=\"199\" srcset=\"https:\/\/imalanc.ro\/w\/wp-content\/uploads\/Oromteli-tanacsok-300x199.jpg 300w, https:\/\/imalanc.ro\/w\/wp-content\/uploads\/Oromteli-tanacsok.jpg 580w\" sizes=\"auto, (max-width: 300px) 100vw, 300px\" \/><\/a><\/p>\n<p>K\u00f6sz\u00f6netet mondott Magyarorsz\u00e1g F\u0151konzul\u00e1tus\u00e1nak k\u00e9visel\u0151j\u00e9nek, F\u00e1bry Szabolcs J\u00e1nosnak \u00e9s feles\u00e9g\u00e9nek, valamint V\u00e1k\u00e1r Istv\u00e1nnak a Megyei Tan\u00e1cs aleln\u00f6k\u00e9nek, Dr. Tar Irma tan\u00e1csosasszonynak \u00e9s minden zar\u00e1ndoknak, aki r\u00e9szv\u00e9tel\u00e9vel megtisztelte a b\u00facs\u00fas \u00fcnnepet.<br \/>\n<!--more--><a href=\"https:\/\/imalanc.ro\/w\/wp-content\/uploads\/Papai-himusz-scaled.jpg\"><img loading=\"lazy\" decoding=\"async\" class=\"alignnone size-medium wp-image-32236\" src=\"https:\/\/imalanc.ro\/w\/wp-content\/uploads\/Papai-himusz-300x199.jpg\" alt=\"\" width=\"300\" height=\"199\" srcset=\"https:\/\/imalanc.ro\/w\/wp-content\/uploads\/Papai-himusz-300x199.jpg 300w, https:\/\/imalanc.ro\/w\/wp-content\/uploads\/Papai-himusz-1024x678.jpg 1024w, https:\/\/imalanc.ro\/w\/wp-content\/uploads\/Papai-himusz-768x509.jpg 768w, https:\/\/imalanc.ro\/w\/wp-content\/uploads\/Papai-himusz-1536x1017.jpg 1536w, https:\/\/imalanc.ro\/w\/wp-content\/uploads\/Papai-himusz-2048x1356.jpg 2048w\" sizes=\"auto, (max-width: 300px) 100vw, 300px\" \/><\/a><a href=\"https:\/\/imalanc.ro\/w\/wp-content\/uploads\/Kisztussal-a-vilagba.jpg\"><img loading=\"lazy\" decoding=\"async\" class=\"alignnone size-medium wp-image-32235\" src=\"https:\/\/imalanc.ro\/w\/wp-content\/uploads\/Kisztussal-a-vilagba-300x199.jpg\" alt=\"\" width=\"300\" height=\"199\" srcset=\"https:\/\/imalanc.ro\/w\/wp-content\/uploads\/Kisztussal-a-vilagba-300x199.jpg 300w, https:\/\/imalanc.ro\/w\/wp-content\/uploads\/Kisztussal-a-vilagba.jpg 580w\" sizes=\"auto, (max-width: 300px) 100vw, 300px\" \/><\/a><a href=\"https:\/\/imalanc.ro\/w\/wp-content\/uploads\/Kivonulas4.jpg\"><img loading=\"lazy\" decoding=\"async\" class=\"alignnone size-medium wp-image-32210\" src=\"https:\/\/imalanc.ro\/w\/wp-content\/uploads\/Kivonulas4-300x199.jpg\" alt=\"\" width=\"300\" height=\"199\" srcset=\"https:\/\/imalanc.ro\/w\/wp-content\/uploads\/Kivonulas4-300x199.jpg 300w, https:\/\/imalanc.ro\/w\/wp-content\/uploads\/Kivonulas4.jpg 580w\" sizes=\"auto, (max-width: 300px) 100vw, 300px\" \/><\/a><\/p>\n<p style=\"text-align: left;\">Az Istenben gazdagodott \u00fcnnepl\u0151 sz\u00edvek \u00e9s hordoz\u00f3ik, a h\u00edvek az \u00fajmis\u00e9sek \u00e1ld\u00e1s\u00e1ban r\u00e9szes\u00fclve, mint Krisztushordoz\u00f3k t\u00e9rtek ki a forgalmas D\u00f3n\u00e1t utc\u00e1ra, hogy a vil\u00e1ggal, a templomt\u00f3l t\u00e1volmaradottakkal megoszthass\u00e1k mindazt a kincset, amivel ez \u00e1ldozatbemutat\u00e1s \u00e1ltal elteltek. Isten gondoskod\u00e1sa, seg\u00edts\u00e9ge \u00e1ltal az ott el\u00fcltetettek majd sz\u00e1rba sz\u00f6kkennek ott, ahol \u00e9s amikor m\u00e9g nem is gondoln\u00e1nk. H\u00e1la \u00e9rt\u00fck!<\/p>\n<p style=\"text-align: right;\"><strong><em>B\u00edr\u00f3 Jol\u00e1n-Ilona<\/em><\/strong><\/p>\n","protected":false},"excerpt":{"rendered":"A 14 \u00e9ve felszentelt D\u00f3n\u00e1t \u00fati Szent Istv\u00e1n templom b\u00facs\u00fas \u00fcnnepe szerves r\u00e9sz\u00e9v\u00e9 v\u00e1lt a Kolozsv\u00e1ri Magyar Napoknak.","protected":false},"author":2,"featured_media":32238,"comment_status":"closed","ping_status":"closed","sticky":false,"template":"","format":"standard","meta":{"footnotes":""},"categories":[8],"tags":[],"class_list":["post-32166","post","type-post","status-publish","format-standard","has-post-thumbnail","hentry","category-lelki-gyongyok"],"_links":{"self":[{"href":"https:\/\/imalanc.ro\/w\/wp-json\/wp\/v2\/posts\/32166","targetHints":{"allow":["GET"]}}],"collection":[{"href":"https:\/\/imalanc.ro\/w\/wp-json\/wp\/v2\/posts"}],"about":[{"href":"https:\/\/imalanc.ro\/w\/wp-json\/wp\/v2\/types\/post"}],"author":[{"embeddable":true,"href":"https:\/\/imalanc.ro\/w\/wp-json\/wp\/v2\/users\/2"}],"replies":[{"embeddable":true,"href":"https:\/\/imalanc.ro\/w\/wp-json\/wp\/v2\/comments?post=32166"}],"version-history":[{"count":6,"href":"https:\/\/imalanc.ro\/w\/wp-json\/wp\/v2\/posts\/32166\/revisions"}],"predecessor-version":[{"id":32237,"href":"https:\/\/imalanc.ro\/w\/wp-json\/wp\/v2\/posts\/32166\/revisions\/32237"}],"wp:featuredmedia":[{"embeddable":true,"href":"https:\/\/imalanc.ro\/w\/wp-json\/wp\/v2\/media\/32238"}],"wp:attachment":[{"href":"https:\/\/imalanc.ro\/w\/wp-json\/wp\/v2\/media?parent=32166"}],"wp:term":[{"taxonomy":"category","embeddable":true,"href":"https:\/\/imalanc.ro\/w\/wp-json\/wp\/v2\/categories?post=32166"},{"taxonomy":"post_tag","embeddable":true,"href":"https:\/\/imalanc.ro\/w\/wp-json\/wp\/v2\/tags?post=32166"}],"curies":[{"name":"wp","href":"https:\/\/api.w.org\/{rel}","templated":true}]}}