{"id":32053,"date":"2025-05-17T14:28:01","date_gmt":"2025-05-17T12:28:01","guid":{"rendered":"https:\/\/imalanc.ro\/w\/?p=32053"},"modified":"2025-06-16T23:23:31","modified_gmt":"2025-06-16T21:23:31","slug":"ha-pedig-tolem-kertek-valamit-a-nevemben-azt-is-teljesitem","status":"publish","type":"post","link":"https:\/\/imalanc.ro\/w\/ha-pedig-tolem-kertek-valamit-a-nevemben-azt-is-teljesitem\/","title":{"rendered":"Ha pedig t\u0151lem k\u00e9rtek valamit a nevemben, azt is teljes\u00edtem"},"content":{"rendered":"<p><em>Az utols\u00f3 vacsor\u00e1n J\u00e9zus \u00edgy sz\u00f3lt tan\u00edtv\u00e1nyaihoz:<\/em><br \/>\n<!--more--><a href=\"https:\/\/imalanc.ro\/w\/wp-content\/uploads\/Jezus-es-az-Atya-iranti-feltetlen-bizalom.jpg\"><img loading=\"lazy\" decoding=\"async\" class=\"aligncenter wp-image-30610 size-full\" src=\"https:\/\/imalanc.ro\/w\/wp-content\/uploads\/Jezus-es-az-Atya-iranti-feltetlen-bizalom.jpg\" alt=\"A kereszt\u00e9ny \u00e9let teh\u00e1t nem m\u00e1s, mint egyre m\u00e9lyebb tal\u00e1lkoz\u00e1s J\u00e9zussal \u2013 \u00e9s \u00e1ltala az Aty\u00e1val. E tal\u00e1lkoz\u00e1sb\u00f3l sz\u00fcletik meg a bizalom, a hit, a b\u00e9ke \u00e9s az a bizonyoss\u00e1g, hogy nem vagyunk egyed\u00fcl.\" width=\"580\" height=\"731\" srcset=\"https:\/\/imalanc.ro\/w\/wp-content\/uploads\/Jezus-es-az-Atya-iranti-feltetlen-bizalom.jpg 580w, https:\/\/imalanc.ro\/w\/wp-content\/uploads\/Jezus-es-az-Atya-iranti-feltetlen-bizalom-238x300.jpg 238w\" sizes=\"auto, (max-width: 580px) 100vw, 580px\" \/><\/a><\/p>\n<p><em>\u201eHa ismern\u00e9tek engem, Aty\u00e1mat is ismern\u00e9tek. De mostant\u00f3l fogva ismeritek \u0151t, \u00e9s l\u00e1tj\u00e1tok.\u201d<\/em><\/p>\n<p><em>F\u00fcl\u00f6p megjegyezte: \u201eUram, mutasd meg nek\u00fcnk az Aty\u00e1t, \u00e9s ez el\u00e9g nek\u00fcnk.\u201d<\/em><\/p>\n<p><em>J\u00e9zus \u00edgy v\u00e1laszolt: \u201eM\u00e1r olyan r\u00e9g\u00f3ta veletek vagyok, \u00e9s nem ismersz engem, F\u00fcl\u00f6p? Aki engem l\u00e1t, az l\u00e1tja az Aty\u00e1t is. <\/em><\/p>\n<p><em>Hogyan mondhatod h\u00e1t: \u00bbMutasd meg nek\u00fcnk az Aty\u00e1t?\u00ab Nem hiszed tal\u00e1n, hogy \u00e9n az Aty\u00e1ban vagyok, \u00e9s az Atya \u00e9nbennem? A szavakat, amelyeket hozz\u00e1tok int\u00e9zek, nem magamt\u00f3l mondom, \u00e9s a tetteket is Aty\u00e1m cselekszi, aki bennem van. Higgy\u00e9tek el, hogy \u00e9n az Aty\u00e1ban vagyok, \u00e9s az Atya \u00e9nbennem! Ha m\u00e1s\u00e9rt nem, legal\u00e1bb a tetteim\u00e9rt higgy\u00e9tek!<\/em><\/p>\n<p><em>Bizony, bizony, mondom nektek: Aki hisz bennem, ugyanazokat a tetteket fogja v\u00e9gbevinni, amelyeket \u00e9n cselekszem, s\u0151t m\u00e9g nagyobbakat is tehet azokn\u00e1l, mert \u00e9n az Aty\u00e1hoz megyek.<\/em><\/p>\n<p><em>B\u00e1rmit k\u00e9rtek majd nevemben az Aty\u00e1t\u00f3l, megteszem nektek, hogy az Atya megdics\u0151\u00fclj\u00f6n a Fi\u00faban. Ha pedig t\u0151lem k\u00e9rtek valamit a nevemben, azt is teljes\u00edtem.\u201d<\/em><\/p>\n<p style=\"text-align: center;\"><em><strong>J\u00e1nos Evang\u00e9liuma 14,7-14<\/strong><\/em><\/p>\n<p style=\"text-align: center;\"><em><strong>Jn 14, 7<\/strong><\/em><\/p>\n<p style=\"text-align: left;\">E szent\u00edr\u00e1si mondat J\u00e9zus egyik legm\u00e9lyebb kijelent\u00e9se. Nemcsak tan\u00edtv\u00e1nyainak sz\u00f3l, hanem nek\u00fcnk is, akik keresni akarjuk Istent, az Aty\u00e1t, \u00e9s v\u00e1gyunk arra, hogy val\u00f3ban ismerj\u00fck \u0150t. J\u00e9zus azt mondja:<\/p>\n<p style=\"text-align: left;\">\u201e<em>Ha ismern\u00e9tek engem, Aty\u00e1mat is ismern\u00e9tek.<\/em>\u201d Ez az \u00e1ll\u00edt\u00e1s a kereszt\u00e9ny hit k\u00f6z\u00e9ppontj\u00e1ba vezet: J\u00e9zusban maga az Atya jelent meg. Amit J\u00e9zus tesz, \u00e1ltala az Atya cselekszik. Aki J\u00e9zust l\u00e1tja, az Istent l\u00e1tja.<\/p>\n<p style=\"text-align: left;\">Ez nem csup\u00e1n teol\u00f3giai igazs\u00e1g, hanem szem\u00e9lyes megh\u00edv\u00e1s is. J\u00e9zus arra h\u00edv, hogy ne egy t\u00e1voli, el\u00e9rhetetlen Istent keress\u00fcnk, hanem az \u00e9l\u0151 Istent, aki Fi\u00e1ban k\u00f6zel j\u00f6tt hozz\u00e1nk. J\u00e9zus arc\u00e1n, szavain, tettein, szeretet\u00e9n kereszt\u00fcl az Atya sz\u00edve t\u00e1rul fel el\u0151tt\u00fcnk.<\/p>\n<p>\u201e<em>De mostant\u00f3l fogva ismeritek \u0151t, \u00e9s l\u00e1tj\u00e1tok.<\/em>\u201d \u2013 mondja J\u00e9zus. Mit jelent ez sz\u00e1munkra? Hogy a hit nem puszt\u00e1n elm\u00e9leti tud\u00e1s, hanem \u00e9l\u0151 kapcsolat. Ha ismerj\u00fck J\u00e9zust, ha elm\u00e9ly\u00fcl\u00fcnk az \u0150 szavaiban, ha k\u00f6vetj\u00fck \u00e9letp\u00e9ld\u00e1j\u00e1t, akkor val\u00f3ban megismerj\u00fck Istent, aki nem rejt\u0151zk\u00f6dik, hanem jelen van. Az Aty\u00e1t nem kell keresni a vil\u00e1g zaj\u00e1ban, mert ott van minden\u00fctt, ahol J\u00e9zus \u00e9l benn\u00fcnk.<\/p>\n<p>Ez az ige arra h\u00edv, hogy tekintet\u00fcnket J\u00e9zusra szegezz\u00fck. Ne elvont fogalmakban gondolkodjunk Istenr\u0151l, hanem Krisztus arc\u00e1t szeml\u00e9lve ismerj\u00fck meg az Atya j\u00f3s\u00e1g\u00e1t, irgalm\u00e1t, igazs\u00e1g\u00e1t. Amikor J\u00e9zus megbocs\u00e1tott, az Atya bocs\u00e1tott meg. Amikor J\u00e9zus gy\u00f3gy\u00edtott, az Atya k\u00f6ny\u00f6r\u00fclt. Amikor J\u00e9zus a kereszten \u00f6nmag\u00e1t adta \u00e9rt\u00fcnk, ott az Atya szeretete mutatkozott meg a legteljesebben.<\/p>\n<p>A kereszt\u00e9ny \u00e9let teh\u00e1t nem m\u00e1s, mint egyre m\u00e9lyebb tal\u00e1lkoz\u00e1s J\u00e9zussal \u2013 \u00e9s \u00e1ltala az Aty\u00e1val. E tal\u00e1lkoz\u00e1sb\u00f3l sz\u00fcletik meg a bizalom, a hit, a b\u00e9ke \u00e9s az a bizonyoss\u00e1g, hogy nem vagyunk egyed\u00fcl.<\/p>\n<p style=\"text-align: right;\"><strong><em>Ft. R\u00e1duly Istv\u00e1n Zsolt, Torda<\/em><\/strong><\/p>\n","protected":false},"excerpt":{"rendered":"Az utols\u00f3 vacsor\u00e1n J\u00e9zus \u00edgy sz\u00f3lt tan\u00edtv\u00e1nyaihoz:","protected":false},"author":2,"featured_media":18087,"comment_status":"closed","ping_status":"closed","sticky":false,"template":"","format":"standard","meta":{"footnotes":""},"categories":[6],"tags":[],"class_list":["post-32053","post","type-post","status-publish","format-standard","has-post-thumbnail","hentry","category-igehirdetesek"],"_links":{"self":[{"href":"https:\/\/imalanc.ro\/w\/wp-json\/wp\/v2\/posts\/32053","targetHints":{"allow":["GET"]}}],"collection":[{"href":"https:\/\/imalanc.ro\/w\/wp-json\/wp\/v2\/posts"}],"about":[{"href":"https:\/\/imalanc.ro\/w\/wp-json\/wp\/v2\/types\/post"}],"author":[{"embeddable":true,"href":"https:\/\/imalanc.ro\/w\/wp-json\/wp\/v2\/users\/2"}],"replies":[{"embeddable":true,"href":"https:\/\/imalanc.ro\/w\/wp-json\/wp\/v2\/comments?post=32053"}],"version-history":[{"count":1,"href":"https:\/\/imalanc.ro\/w\/wp-json\/wp\/v2\/posts\/32053\/revisions"}],"predecessor-version":[{"id":32054,"href":"https:\/\/imalanc.ro\/w\/wp-json\/wp\/v2\/posts\/32053\/revisions\/32054"}],"wp:featuredmedia":[{"embeddable":true,"href":"https:\/\/imalanc.ro\/w\/wp-json\/wp\/v2\/media\/18087"}],"wp:attachment":[{"href":"https:\/\/imalanc.ro\/w\/wp-json\/wp\/v2\/media?parent=32053"}],"wp:term":[{"taxonomy":"category","embeddable":true,"href":"https:\/\/imalanc.ro\/w\/wp-json\/wp\/v2\/categories?post=32053"},{"taxonomy":"post_tag","embeddable":true,"href":"https:\/\/imalanc.ro\/w\/wp-json\/wp\/v2\/tags?post=32053"}],"curies":[{"name":"wp","href":"https:\/\/api.w.org\/{rel}","templated":true}]}}