{"id":31831,"date":"2025-03-26T23:32:52","date_gmt":"2025-03-26T22:32:52","guid":{"rendered":"https:\/\/imalanc.ro\/w\/?p=31831"},"modified":"2025-04-14T01:11:20","modified_gmt":"2025-04-13T23:11:20","slug":"aki-megtartja-es-tanitja-oket","status":"publish","type":"post","link":"https:\/\/imalanc.ro\/w\/aki-megtartja-es-tanitja-oket\/","title":{"rendered":"Aki megtartja \u00e9s tan\u00edtja \u0151ket"},"content":{"rendered":"<p><em>A hegyi besz\u00e9dben J\u00e9zus ezt mondta tan\u00edtv\u00e1nyainak: \u201eNe gondolj\u00e1tok, hogy az\u00e9rt j\u00f6ttem, hogy megsz\u00fcntessem a t\u00f6rv\u00e9nyt vagy a pr\u00f3f\u00e9t\u00e1kat. <\/em><!--more--><a href=\"https:\/\/imalanc.ro\/w\/wp-content\/uploads\/Jezus-az-ut-az-igazsag-es-az-elet.jpg\"><img loading=\"lazy\" decoding=\"async\" class=\"aligncenter wp-image-30589 size-full\" src=\"https:\/\/imalanc.ro\/w\/wp-content\/uploads\/Jezus-az-ut-az-igazsag-es-az-elet.jpg\" alt=\"A kereszt\u00e9ny ember sz\u00e1m\u00e1ra a t\u00f6rv\u00e9ny nem b\u00e9kly\u00f3, hanem \u00fatmutat\u00f3 az Isten \u00e9s az emberek ir\u00e1nti szeretet kibontakoztat\u00e1s\u00e1ban.\" width=\"580\" height=\"851\" srcset=\"https:\/\/imalanc.ro\/w\/wp-content\/uploads\/Jezus-az-ut-az-igazsag-es-az-elet.jpg 580w, https:\/\/imalanc.ro\/w\/wp-content\/uploads\/Jezus-az-ut-az-igazsag-es-az-elet-204x300.jpg 204w\" sizes=\"auto, (max-width: 580px) 100vw, 580px\" \/><\/a><\/p>\n<p><em>Nem megsz\u00fcntetni j\u00f6ttem, hanem t\u00f6k\u00e9letess\u00e9 tenni. Bizony mondom nektek, am\u00edg az \u00e9g \u00e9s f\u00f6ld el nem m\u00falik, nem v\u00e9sz el a t\u00f6rv\u00e9nyb\u0151l sem egy i bet\u0171, sem egy vessz\u0151, hanem minden \u00e9rv\u00e9nyben marad. <\/em><\/p>\n<p><em>Aki teh\u00e1t csak egyet is elt\u00f6r\u00f6l ak\u00e1r a legkisebb parancsok k\u00f6z\u00fcl is, \u00e9s \u00fagy tan\u00edtja az embereket, azt nagyon kicsinek fogj\u00e1k h\u00edvni a mennyek orsz\u00e1g\u00e1ban. \u00c9s mindaz, aki megtartja \u00e9s tan\u00edtja \u0151ket, igen nagy lesz a mennyek orsz\u00e1g\u00e1ban.\u201d<\/em><\/p>\n<p style=\"text-align: center;\"><strong><em>M\u00e1t\u00e9 Evang\u00e9liuma 5,17-19<\/em><\/strong><\/p>\n<p><strong><em>Mt 5,17<\/em><\/strong><\/p>\n<p>J\u00e9zus ezen szavai a Hegyi Besz\u00e9dben hangzanak el, ahol tan\u00edtv\u00e1nyaihoz \u00e9s a k\u00f6r\u00e9 gy\u0171lt t\u00f6meghez sz\u00f3l. Egy\u00e9rtelm\u0171v\u00e9 teszi, hogy nem a m\u00falt lerombol\u00e1s\u00e1ra j\u00f6tt, hanem annak beteljes\u00edt\u00e9s\u00e9re. Ezzel a kijelent\u00e9s\u00e9vel egyszerre ad tiszteletet az \u00f3sz\u00f6vets\u00e9gi hagyom\u00e1nynak \u00e9s nyitja meg az utat Isten Orsz\u00e1g\u00e1nak \u00faj \u00e9rtelmez\u00e9se fel\u00e9.<\/p>\n<p>Az emberi term\u00e9szet gyakran hajlamos arra, hogy a r\u00e9gi \u00e9s az \u00faj k\u00f6z\u00f6tt fesz\u00fclts\u00e9get l\u00e1sson. Sokan \u00fagy gondolhatt\u00e1k, hogy J\u00e9zus tan\u00edt\u00e1sa forradalmi m\u00f3don elt\u00f6rli a M\u00f3zesi t\u00f6rv\u00e9nyt, a pr\u00f3f\u00e9tai j\u00f6vend\u00f6l\u00e9seket \u00e9s mindazt, ami addig a hit alapj\u00e1t k\u00e9pezte. \u00c1m J\u00e9zus vil\u00e1goss\u00e1 teszi: nem megsz\u00fcntetni j\u00f6tt ezeket, hanem beteljes\u00edteni. A t\u00f6rv\u00e9ny \u00e9s a pr\u00f3f\u00e9t\u00e1k Isten akarat\u00e1t hirdett\u00e9k, \u00e9s J\u00e9zusban ez az isteni akarat \u00f6lt testet.<\/p>\n<p>Ez a mondat ma is nagy jelent\u0151s\u00e9ggel b\u00edr. Egy\u00e9ni \u00e9let\u00fcnkben \u00e9s k\u00f6z\u00f6ss\u00e9gi hit\u00fcnkben is sz\u00fcks\u00e9g\u00fcnk van az egyens\u00falyra a hagyom\u00e1ny tisztelete \u00e9s az evang\u00e9lium \u00fajdons\u00e1g\u00e1nak befogad\u00e1sa k\u00f6z\u00f6tt. J\u00e9zus nem a k\u00fcls\u0151dleges t\u00f6rv\u00e9nyesked\u00e9st t\u00e1mogatja, hanem a t\u00f6rv\u00e9ny szellemi m\u00e9lys\u00e9g\u00e9t t\u00e1rja fel. Nem el\u00e9g csup\u00e1n betartani a parancsolatokat \u2013 meg kell \u00e9rteni, hogy a szeretet, az irgalom \u00e9s az igazs\u00e1goss\u00e1g \u00e1ll m\u00f6g\u00f6tt\u00fck.<\/p>\n<p>Ahogy J\u00e9zus beteljes\u00edtette a t\u00f6rv\u00e9nyt az\u00e1ltal, hogy maga lett az isteni szeretet megtestes\u00edt\u0151je, \u00fagy h\u00edv minket is, hogy ne csup\u00e1n szab\u00e1lyokat k\u00f6vess\u00fcnk, hanem az \u0151 p\u00e9ld\u00e1j\u00e1t \u00e9lj\u00fck meg. A kereszt\u00e9ny ember sz\u00e1m\u00e1ra a t\u00f6rv\u00e9ny nem b\u00e9kly\u00f3, hanem \u00fatmutat\u00f3 az Isten \u00e9s az emberek ir\u00e1nti szeretet kibontakoztat\u00e1s\u00e1ban.<\/p>\n<p>Engedj\u00fck, hogy J\u00e9zus tan\u00edt\u00e1sa a mi \u00e9let\u00fcnkben is beteljesedjen \u2013 ne csak hallgassuk, hanem \u00e9lj\u00fck is meg!<\/p>\n<p style=\"text-align: right;\"><strong><em>Ft. R\u00e1duly Istv\u00e1n Zsolt, Torda<\/em><\/strong><\/p>\n","protected":false},"excerpt":{"rendered":"A hegyi besz\u00e9dben J\u00e9zus ezt mondta tan\u00edtv\u00e1nyainak: \u201eNe gondolj\u00e1tok, hogy az\u00e9rt j\u00f6ttem, hogy megsz\u00fcntessem a t\u00f6rv\u00e9nyt vagy a pr\u00f3f\u00e9t\u00e1kat.","protected":false},"author":2,"featured_media":9595,"comment_status":"closed","ping_status":"closed","sticky":false,"template":"","format":"standard","meta":{"footnotes":""},"categories":[6],"tags":[],"class_list":["post-31831","post","type-post","status-publish","format-standard","has-post-thumbnail","hentry","category-igehirdetesek"],"_links":{"self":[{"href":"https:\/\/imalanc.ro\/w\/wp-json\/wp\/v2\/posts\/31831","targetHints":{"allow":["GET"]}}],"collection":[{"href":"https:\/\/imalanc.ro\/w\/wp-json\/wp\/v2\/posts"}],"about":[{"href":"https:\/\/imalanc.ro\/w\/wp-json\/wp\/v2\/types\/post"}],"author":[{"embeddable":true,"href":"https:\/\/imalanc.ro\/w\/wp-json\/wp\/v2\/users\/2"}],"replies":[{"embeddable":true,"href":"https:\/\/imalanc.ro\/w\/wp-json\/wp\/v2\/comments?post=31831"}],"version-history":[{"count":1,"href":"https:\/\/imalanc.ro\/w\/wp-json\/wp\/v2\/posts\/31831\/revisions"}],"predecessor-version":[{"id":31832,"href":"https:\/\/imalanc.ro\/w\/wp-json\/wp\/v2\/posts\/31831\/revisions\/31832"}],"wp:featuredmedia":[{"embeddable":true,"href":"https:\/\/imalanc.ro\/w\/wp-json\/wp\/v2\/media\/9595"}],"wp:attachment":[{"href":"https:\/\/imalanc.ro\/w\/wp-json\/wp\/v2\/media?parent=31831"}],"wp:term":[{"taxonomy":"category","embeddable":true,"href":"https:\/\/imalanc.ro\/w\/wp-json\/wp\/v2\/categories?post=31831"},{"taxonomy":"post_tag","embeddable":true,"href":"https:\/\/imalanc.ro\/w\/wp-json\/wp\/v2\/tags?post=31831"}],"curies":[{"name":"wp","href":"https:\/\/api.w.org\/{rel}","templated":true}]}}