{"id":31782,"date":"2025-02-27T12:45:12","date_gmt":"2025-02-27T11:45:12","guid":{"rendered":"https:\/\/imalanc.ro\/w\/?p=31782"},"modified":"2025-03-05T15:56:46","modified_gmt":"2025-03-05T14:56:46","slug":"legyen-bennetek-so-es-orizzetek-meg-a-beket-egymas-kozott-2","status":"publish","type":"post","link":"https:\/\/imalanc.ro\/w\/legyen-bennetek-so-es-orizzetek-meg-a-beket-egymas-kozott-2\/","title":{"rendered":"Legyen bennetek s\u00f3, \u00e9s \u0151rizz\u00e9tek meg a b\u00e9k\u00e9t egym\u00e1s k\u00f6z\u00f6tt"},"content":{"rendered":"<p style=\"text-align: left;\"><em>Abban az id\u0151ben J\u00e9zus ezt mondta tan\u00edtv\u00e1nyainak:<\/em><br \/>\n<!--more--><a href=\"https:\/\/imalanc.ro\/w\/wp-content\/uploads\/DSC_0012-FILEminimizer-1.jpg\"><img loading=\"lazy\" decoding=\"async\" class=\"aligncenter wp-image-27265\" src=\"https:\/\/imalanc.ro\/w\/wp-content\/uploads\/DSC_0012-FILEminimizer-1-300x200.jpg\" alt=\"Eml\u00e9kezz\u00fcnk J\u00e9zus szavaira \u00e9s \u00e9lj\u00fcnk \u00fagy, hogy cselekedeteink a hitb\u0151l \u00e9s szeretetb\u0151l fakadjanak, hogy ezen kereszt\u00fcl Isten vil\u00e1goss\u00e1ga ragyogjon rajtunk kereszt\u00fcl a vil\u00e1gban.\" width=\"580\" height=\"386\" srcset=\"https:\/\/imalanc.ro\/w\/wp-content\/uploads\/DSC_0012-FILEminimizer-1-300x200.jpg 300w, https:\/\/imalanc.ro\/w\/wp-content\/uploads\/DSC_0012-FILEminimizer-1.jpg 721w\" sizes=\"auto, (max-width: 580px) 100vw, 580px\" \/><\/a><\/p>\n<p><em>Bizony mondom nektek: Ha valaki csak egy poh\u00e1r vizet is ad nektek inni az\u00e9rt, mert Krisztus\u00e9i vagytok, megkapja \u00e9rte jutalm\u00e1t. Ha viszont valaki csak egyet is b\u0171nre cs\u00e1b\u00edt a kicsinyek k\u00f6z\u00fcl, akik hisznek bennem, jobb volna neki, ha malomk\u00f6vet k\u00f6tn\u00e9nek a nyak\u00e1ba, \u00e9s a tengerbe vetn\u00e9k.<\/em><\/p>\n<p><em>Ha a kezed b\u0171nre cs\u00e1b\u00edt, v\u00e1gd le! Jobb csonk\u00e1n bemenned az \u00e9letre, mint k\u00e9t k\u00e9zzel a k\u00e1rhozatra jutnod, az olthatatlan t\u0171zre. Ha a l\u00e1bad cs\u00e1b\u00edt b\u0171nre, v\u00e1gd le! Jobb s\u00e1nt\u00e1n bemenned az \u00e9letre, mint k\u00e9t l\u00e1bbal a k\u00e1rhozatra jutnod. Ha pedig szemed cs\u00e1b\u00edt b\u0171nre, v\u00e1jd ki! Jobb f\u00e9l szemmel bemenned Isten orsz\u00e1g\u00e1ba, mint k\u00e9t szemmel a k\u00e1rhozatra jutnod, ahol a f\u00e9reg el nem pusztul, \u00e9s a t\u0171z ki nem alszik.<\/em><\/p>\n<p><em>Mindenkit t\u0171zzel s\u00f3znak meg. Mert j\u00f3 dolog a s\u00f3; ha azonban a s\u00f3 \u00edz\u00e9t veszti, mivel \u00edzes\u00edtik meg? Legyen bennetek s\u00f3, \u00e9s \u0151rizz\u00e9tek meg a b\u00e9k\u00e9t egym\u00e1s k\u00f6z\u00f6tt.<\/em><\/p>\n<p style=\"text-align: center;\"><strong><em>M\u00e1rk Evang\u00e9liuma 9,41-50<\/em><\/strong><\/p>\n<p>Az emberi kapcsolatok egyik legszebb p\u00e9ld\u00e1ja a szeretet \u00e9s a tisztess\u00e9g, amelyeket a Biblia k\u00fcl\u00f6nleges m\u00f3don emel ki. Az egyik ilyen er\u0151teljes \u00fczenet J\u00e9zus szavaiban tal\u00e1lhat\u00f3, amely \u00edgy sz\u00f3l: ,,<em>Ha valaki csak egy poh\u00e1r vizet is ad nektek inni az\u00e9rt, mert Krisztus\u00e9i vagytok, az semmik\u00e9ppen nem vesz\u00edti el jutalm\u00e1t.<\/em> \u201d (<strong>Mk 9, 41<\/strong>)<\/p>\n<p>Ez a kijelent\u00e9s t\u00f6m\u00f6rs\u00e9g\u00e9ben \u00e9s egyszer\u0171s\u00e9g\u00e9ben fejezi ki a nagyszer\u0171s\u00e9get. Egy poh\u00e1r v\u00edz, amely a legkisebb \u00e9s legegyszer\u0171bb aj\u00e1nd\u00e9kok egyike, hatalmas jelent\u0151s\u00e9ggel b\u00edr, ha szeretetb\u0151l \u00e9s hitb\u0151l fakad. Az ilyen gesztusok, b\u00e1rmennyire is kicsik, hatalmas \u00e9rt\u00e9kkel b\u00edrnak Isten szem\u00e9ben, \u00e9s egyben p\u00e9ld\u00e1t mutatnak mindannyiunknak.<\/p>\n<p>A cselekedetek \u00e9rt\u00e9ke nem csak a nagys\u00e1gukban vagy k\u00f6lts\u00e9g\u00fckben rejlik, hanem abban is, milyen ind\u00edttat\u00e1sb\u00f3l t\u00f6rt\u00e9nnek. J\u00e9zus tan\u00edt\u00e1sa szerint minden apr\u00f3 gesztus, amelyet a hit \u00e9s a szeretet motiv\u00e1l, kedves Isten el\u0151tt. A sz\u00edv sz\u00e1nd\u00e9ka, amelyb\u0151l a cselekedet fakad, adja meg annak igazi \u00e9rt\u00e9k\u00e9t.<\/p>\n<p>Az emberek hajlamosak al\u00e1becs\u00fclni az apr\u00f3 kedvess\u00e9gek erej\u00e9t. Egy mosoly, egy j\u00f3 sz\u00f3, egy seg\u00edt\u0151 k\u00e9z \u2013 mindezek olyan cselekedetek, amelyek megsz\u00e9p\u00edtik a mindennapokat \u00e9s eml\u00e9keztetnek minket arra, hogy a szeretet \u00e9s a j\u00f3s\u00e1g mindannyiunkban ott lakozik. A bibliai p\u00e9ld\u00e1zat tanuls\u00e1ga, hogy minden apr\u00f3 gesztus, amelyet J\u00e9zus nev\u00e9ben tesz\u00fcnk, \u00f6r\u00f6k \u00e9rt\u00e9kkel b\u00edr.<\/p>\n<p>Az igazi jutalom nem mindig a f\u00f6ldi \u00e9letben \u00e9rkezik, hanem az \u00f6r\u00f6kk\u00e9val\u00f3s\u00e1gban. Azok a cselekedetek, amelyeket Isten szeretet\u00e9b\u0151l \u00e9s hitb\u0151l fakad\u00f3an v\u00e9gz\u00fcnk, t\u00falmutatnak a h\u00e9tk\u00f6znapi \u00e9leten \u00e9s \u00f6r\u00f6k jelent\u0151s\u00e9ggel b\u00edrnak. J\u00e9zus biztos\u00edt minket arr\u00f3l, hogy az ilyen tettek nem maradnak \u00e9szrev\u00e9tlenek \u00e9s jutalmukat megkapj\u00e1k.<\/p>\n<p>A szeretet \u00e9s a tisztess\u00e9g mindennapi meg\u00e9l\u00e9se k\u00fcl\u00f6nleges \u00e1ld\u00e1s mindannyiunk sz\u00e1m\u00e1ra. Legyen sz\u00f3 egy poh\u00e1r v\u00edzr\u0151l vagy b\u00e1rmilyen m\u00e1s apr\u00f3 gesztusr\u00f3l, ha Isten nev\u00e9ben tessz\u00fck, akkor az \u00e9rt\u00e9ke felbecs\u00fclhetetlen. Eml\u00e9kezz\u00fcnk J\u00e9zus szavaira \u00e9s \u00e9lj\u00fcnk \u00fagy, hogy cselekedeteink a hitb\u0151l \u00e9s szeretetb\u0151l fakadjanak, hogy ezen kereszt\u00fcl Isten vil\u00e1goss\u00e1ga ragyogjon rajtunk kereszt\u00fcl a vil\u00e1gban.<\/p>\n<p style=\"text-align: right;\"><strong><em>Ft. R\u00e1duly Istv\u00e1n Zsolt, Torda<\/em><\/strong><\/p>\n","protected":false},"excerpt":{"rendered":"Abban az id\u0151ben J\u00e9zus ezt mondta tan\u00edtv\u00e1nyainak:","protected":false},"author":2,"featured_media":31238,"comment_status":"closed","ping_status":"closed","sticky":false,"template":"","format":"standard","meta":{"footnotes":""},"categories":[6],"tags":[],"class_list":["post-31782","post","type-post","status-publish","format-standard","has-post-thumbnail","hentry","category-igehirdetesek"],"_links":{"self":[{"href":"https:\/\/imalanc.ro\/w\/wp-json\/wp\/v2\/posts\/31782","targetHints":{"allow":["GET"]}}],"collection":[{"href":"https:\/\/imalanc.ro\/w\/wp-json\/wp\/v2\/posts"}],"about":[{"href":"https:\/\/imalanc.ro\/w\/wp-json\/wp\/v2\/types\/post"}],"author":[{"embeddable":true,"href":"https:\/\/imalanc.ro\/w\/wp-json\/wp\/v2\/users\/2"}],"replies":[{"embeddable":true,"href":"https:\/\/imalanc.ro\/w\/wp-json\/wp\/v2\/comments?post=31782"}],"version-history":[{"count":2,"href":"https:\/\/imalanc.ro\/w\/wp-json\/wp\/v2\/posts\/31782\/revisions"}],"predecessor-version":[{"id":31799,"href":"https:\/\/imalanc.ro\/w\/wp-json\/wp\/v2\/posts\/31782\/revisions\/31799"}],"wp:featuredmedia":[{"embeddable":true,"href":"https:\/\/imalanc.ro\/w\/wp-json\/wp\/v2\/media\/31238"}],"wp:attachment":[{"href":"https:\/\/imalanc.ro\/w\/wp-json\/wp\/v2\/media?parent=31782"}],"wp:term":[{"taxonomy":"category","embeddable":true,"href":"https:\/\/imalanc.ro\/w\/wp-json\/wp\/v2\/categories?post=31782"},{"taxonomy":"post_tag","embeddable":true,"href":"https:\/\/imalanc.ro\/w\/wp-json\/wp\/v2\/tags?post=31782"}],"curies":[{"name":"wp","href":"https:\/\/api.w.org\/{rel}","templated":true}]}}