{"id":31714,"date":"2025-02-04T14:02:31","date_gmt":"2025-02-04T13:02:31","guid":{"rendered":"https:\/\/imalanc.ro\/w\/?p=31714"},"modified":"2025-02-12T00:08:32","modified_gmt":"2025-02-11T23:08:32","slug":"ne-felj-csak-higgy","status":"publish","type":"post","link":"https:\/\/imalanc.ro\/w\/ne-felj-csak-higgy\/","title":{"rendered":"Ne f\u00e9lj, csak higgy!"},"content":{"rendered":"<p><em>Abban az id\u0151ben amikor J\u00e9zus a b\u00e1rk\u00e1val ism\u00e9t \u00e1tkelt a Genez\u00e1reti-t\u00f3 t\u00fals\u00f3 partj\u00e1ra, a parton nagy t\u00f6meg sereglett k\u00f6r\u00e9je. <\/em><!--more--><a href=\"https:\/\/imalanc.ro\/w\/wp-content\/uploads\/leanyod-meggyogyult.jpg\"><img loading=\"lazy\" decoding=\"async\" class=\"aligncenter wp-image-27058 size-full\" src=\"https:\/\/imalanc.ro\/w\/wp-content\/uploads\/leanyod-meggyogyult.jpg\" alt=\"Mindig van rem\u00e9ny, \u00e9s mindig van lehet\u0151s\u00e9g a meg\u00fajul\u00e1sra \u00e9s a gy\u00f3gyul\u00e1sra.\" width=\"580\" height=\"435\" srcset=\"https:\/\/imalanc.ro\/w\/wp-content\/uploads\/leanyod-meggyogyult.jpg 580w, https:\/\/imalanc.ro\/w\/wp-content\/uploads\/leanyod-meggyogyult-300x225.jpg 300w\" sizes=\"auto, (max-width: 580px) 100vw, 580px\" \/><\/a><\/p>\n<p><em>Ekkor odaj\u00f6tt egy Jairus nev\u0171 f\u00e9rfi, a zsinag\u00f3ga el\u00f6lj\u00e1r\u00f3ja, s mihelyt megl\u00e1tta \u0151t, a l\u00e1ba el\u00e9 borult, \u00e9s nagyon k\u00e9rte: \u201eHal\u00e1l\u00e1n van a l\u00e1nyom. J\u00f6jj, tedd r\u00e1 a kezedet, hogy meggy\u00f3gyuljon \u00e9s \u00e9ljen!\u201d Erre \u0151 elment vele. Nagy t\u00f6meg k\u00eds\u00e9rte, \u00e9s tolongott k\u00f6r\u00fcl\u00f6tte.<\/em><\/p>\n<p><em>Volt ott egy asszony, aki m\u00e1r tizenk\u00e9t \u00e9ve v\u00e9rfoly\u00e1sban szenvedett. Sok orvos sokf\u00e9le kellemetlen kezel\u00e9snek vetette al\u00e1: Minden\u00e9t r\u00e1juk k\u00f6lt\u00f6tte, de hasztalan, egyre rosszabbul lett. Hallott J\u00e9zusr\u00f3l, ez\u00e9rt \u00e1tfurakodott a t\u00f6megen, \u00e9s h\u00e1tulr\u00f3l meg\u00e9rintette a ruh\u00e1j\u00e1t. \u00cdgy gondolkodott mag\u00e1ban: \u201eHa csak a ruh\u00e1j\u00e1t \u00e9rintem is, meggy\u00f3gyulok.\u201d \u00c9s azonm\u00f3d megsz\u0171nt a v\u00e9rfoly\u00e1sa. \u00c9rezte test\u00e9ben, hogy meggy\u00f3gyult baj\u00e1b\u00f3l.<\/em><\/p>\n<p><em>J\u00e9zus nyomban \u00e9szrevette, hogy er\u0151 ment ki bel\u0151le. Megfordult a t\u00f6megben, \u00e9s megk\u00e9rdezte: \u201eKi \u00e9rintette meg a ruh\u00e1mat?\u201d<\/em><\/p>\n<p><em>Tan\u00edtv\u00e1nyai ezt v\u00e1laszolt\u00e1k: \u201eL\u00e1tod, hogy szorongat a t\u00f6meg, m\u00e9gis azt k\u00e9rdezed: Ki \u00e9rintett meg?\u201d De \u0151 m\u00e9gis k\u00f6r\u00fcln\u00e9zett, hogy l\u00e1ssa, ki volt az. Az asszony f\u00e9lve, remegve el\u0151l\u00e9pett \u2013 mert hisz tudta, hogy mi t\u00f6rt\u00e9nt vele \u2013, odaborult el\u00e9je, \u00e9s \u0151szint\u00e9n bevallotta neki az igazs\u00e1got.<\/em><br \/>\n<em>\u0150 \u00edgy sz\u00f3lt hozz\u00e1: \u201eLe\u00e1nyom, hited meggy\u00f3gy\u00edtott t\u00e9ged. Menj b\u00e9k\u00e9vel, \u00e9s bajodt\u00f3l megszabadulva l\u00e9gy eg\u00e9szs\u00e9ges!\u201d<\/em><\/p>\n<p><em>M\u00e9g besz\u00e9lt, amikor j\u00f6ttek a zsinag\u00f3ga el\u00f6lj\u00e1r\u00f3j\u00e1nak h\u00e1z\u00e1b\u00f3l \u00e9s k\u00f6z\u00f6lt\u00e9k: \u201eMeghalt a l\u00e1nyod. Mi\u00e9rt f\u00e1rasztan\u00e1d a Mestert?\u201d<\/em><\/p>\n<p><em>A h\u00edr hallat\u00e1ra J\u00e9zus \u00edgy b\u00e1tor\u00edtotta a zsinag\u00f3ga el\u00f6lj\u00e1r\u00f3j\u00e1t: \u201eNe f\u00e9lj, csak higgy!\u201d P\u00e9teren, Jakabon \u00e9s J\u00e1noson, Jakab testv\u00e9r\u00e9n k\u00edv\u00fcl senkinek sem engedte meg, hogy vele menjen.<\/em><\/p>\n<p><em>Amikor oda\u00e9rtek az el\u00f6lj\u00e1r\u00f3 h\u00e1z\u00e1hoz, nagy riadalmat, sok sirat\u00f3t \u00e9s jajgat\u00f3t l\u00e1tott. Bement \u00e9s \u00edgy sz\u00f3lt hozz\u00e1juk: \u201eMit l\u00e1rm\u00e1ztok itt, mi\u00e9rt s\u00edrtok? A gyermek nem halt meg, csak alszik.\u201d Azok kinevett\u00e9k.<\/em><\/p>\n<p><em>\u0150 azonban mindenkit kiparancsolt, maga mell\u00e9 vette a gyermek apj\u00e1t, anyj\u00e1t, s k\u00eds\u00e9r\u0151ivel egy\u00fctt bement (a helyis\u00e9gbe), ahol a gyermek volt. Megfogta a kisl\u00e1ny kez\u00e9t, \u00e9s azt mondta neki: \u201eTalita k\u00fam\u201d, ami annyit jelent: \u201eKisl\u00e1ny, mondom neked, kelj f\u00f6l!\u201d A kisl\u00e1ny azonnal f\u00f6lkelt, \u00e9s j\u00e1rni kezdett. <\/em><\/p>\n<p><em>Tizenk\u00e9t \u00e9ves volt. Azok pedig magukon k\u00edv\u00fcl voltak a csod\u00e1lkoz\u00e1st\u00f3l. De \u0151 szigor\u00faan meghagyta, hogy ezt a dolgot senki meg ne tudja. Azut\u00e1n sz\u00f3lt nekik, hogy adjanak enni a kisl\u00e1nynak.<\/em><\/p>\n<p style=\"text-align: center;\"><strong><em>M\u00e1rk Evang\u00e9liuma 5,21-43<\/em><\/strong><\/p>\n<p><strong><em>Mk 5, 41<\/em><\/strong><\/p>\n<p>Ez a t\u00f6rt\u00e9net J\u00e9zus csodat\u00e9v\u0151 tev\u00e9kenys\u00e9geit \u00edrja le, amelyekkel nem csak az emberek testi, hanem lelki gy\u00f3gyul\u00e1s\u00e1t is szolg\u00e1lta.<\/p>\n<p>A t\u00f6rt\u00e9net a M\u00e1rk evang\u00e9lium\u00e1ban tal\u00e1lhat\u00f3, amelyben egy Jairus nev\u0171 zsinag\u00f3gai el\u00f6lj\u00e1r\u00f3 k\u00e9ri J\u00e9zus seg\u00edts\u00e9g\u00e9t haldokl\u00f3 l\u00e1nya sz\u00e1m\u00e1ra. Jairus m\u00e9ly hitet tan\u00fas\u00edt J\u00e9zus ir\u00e1nt, \u00e9s rem\u00e9li, hogy ha J\u00e9zus meg\u00e9rinti a l\u00e1ny\u00e1t, az meggy\u00f3gyul. J\u00e9zus azonnal elindul vele, de \u00fatk\u00f6zben meg\u00e1ll, hogy seg\u00edtsen egy m\u00e1sik, beteg asszonyon is. Ez az id\u0151vesztes\u00e9g v\u00e9gzetesnek t\u0171nik, mert mire J\u00e9zus meg\u00e9rkezik, a l\u00e1nyt m\u00e1r halottnak nyilv\u00e1n\u00edtj\u00e1k.<\/p>\n<p>Amikor J\u00e9zus meghallja a h\u00edrt, hogy a l\u00e1ny halott, nem esik k\u00e9ts\u00e9gbe. Ehelyett arra b\u00e1tor\u00edtja Jairust, hogy higgyen tov\u00e1bbra is. ,,<em>Ne f\u00e9lj, csak higgy!<\/em>\u201d &#8211; mondja neki. Amikor a h\u00e1zhoz \u00e9rkezik, l\u00e1tja a gy\u00e1szol\u00f3kat \u00e9s a s\u00edr\u00f3 embereket. J\u00e9zus azonban azt mondja nekik, hogy a l\u00e1ny nem halt meg, csak alszik. A jelenl\u00e9v\u0151k kinevetik \u0151t, de J\u00e9zus bemegy a l\u00e1ny szob\u00e1j\u00e1ba, kez\u00e9be veszi a l\u00e1ny kez\u00e9t, \u00e9s azt mondja: ,<em>Talitha kum<\/em>\u201d, ami ar\u00e1mi nyelven annyit jelent: ,,<em>Kisl\u00e1ny, mondom neked, kelj f\u00f6l!<\/em>\u201d<\/p>\n<p>J\u00e9zus szavainak eredm\u00e9nyek\u00e9nt a kisl\u00e1ny azonnal felkel \u00e9s j\u00e1rni kezd. Az emberek megd\u00f6bbenve \u00e9s \u00e1mulva l\u00e1tj\u00e1k a csod\u00e1t. J\u00e9zus ekkor azt mondja, hogy adjanak neki enni, \u00e9s k\u00e9ri, hogy ne besz\u00e9ljenek r\u00f3la senkinek. A t\u00f6rt\u00e9net nemcsak egy hal\u00e1lb\u00f3l val\u00f3 felt\u00e1maszt\u00e1sr\u00f3l sz\u00f3l, hanem J\u00e9zus erej\u00e9r\u0151l \u00e9s hatalm\u00e1r\u00f3l is, amely nem korl\u00e1toz\u00f3dik a betegs\u00e9gek gy\u00f3gy\u00edt\u00e1s\u00e1ra, hanem a hal\u00e1l f\u00f6l\u00f6tt is diadalmaskodik.<\/p>\n<p>Ez a t\u00f6rt\u00e9net sz\u00e1mos t\u00e1rsadalmi \u00e9s lelki \u00fczenetet hordoz. El\u0151sz\u00f6r is, J\u00e9zus cselekedetei azt mutatj\u00e1k, hogy minden ember egyenl\u0151 \u00e9rt\u00e9k\u0171 sz\u00e1m\u00e1ra, f\u00fcggetlen\u00fcl t\u00e1rsadalmi helyzet\u00fckt\u0151l. Jairus, mint zsinag\u00f3gai el\u00f6lj\u00e1r\u00f3, tekint\u00e9lyes szem\u00e9ly volt, de J\u00e9zus ugyanazt az egy\u00fctt\u00e9rz\u00e9st \u00e9s figyelmet tan\u00fas\u00edtotta ir\u00e1nta, mint a beteg asszony ir\u00e1nt, akit \u00fatk\u00f6zben meggy\u00f3gy\u00edtott.<\/p>\n<p>M\u00e1sodszor, a t\u00f6rt\u00e9net a hit \u00e9s a bizalom fontoss\u00e1g\u00e1t hangs\u00falyozza. Jairus hite J\u00e9zus erej\u00e9ben \u00e9s hatalm\u00e1ban kulcsfontoss\u00e1g\u00fa volt l\u00e1nya gy\u00f3gyul\u00e1s\u00e1ban. J\u00e9zus szavai, \u201cne f\u00e9lj, csak higgy\u201d, arra \u00f6szt\u00f6n\u00f6znek benn\u00fcnket, hogy minden helyzetben b\u00edzzunk Isten erej\u00e9ben \u00e9s j\u00f3s\u00e1g\u00e1ban.<\/p>\n<p>A \u201cKisl\u00e1ny, mondom neked, kelj f\u00f6l!\u201d t\u00f6rt\u00e9nete ma is sok ember sz\u00e1m\u00e1ra inspir\u00e1l\u00f3 \u00e9s tanuls\u00e1gos. Az \u00e9let kih\u00edv\u00e1saival \u00e9s neh\u00e9zs\u00e9geivel szembes\u00fclve eml\u00e9keztet benn\u00fcnket arra, hogy mindig van rem\u00e9ny \u00e9s lehet\u0151s\u00e9g az \u00fajrakezd\u00e9sre, b\u00e1rmilyen kil\u00e1t\u00e1stalannak is t\u0171nik a helyzet. J\u00e9zus szavai \u00e9s cselekedetei arra \u00f6szt\u00f6n\u00f6znek, hogy ne adjuk fel, hanem keress\u00fck az isteni seg\u00edts\u00e9get \u00e9s vezet\u00e9st \u00e9let\u00fcnk minden ter\u00fclet\u00e9n.<\/p>\n<p>A ,,<em>Kisl\u00e1ny, mondom neked, kelj f\u00f6l!<\/em>\u201d t\u00f6rt\u00e9net egy id\u0151tlen \u00fczenetet hordoz a hitr\u0151l, az isteni er\u0151r\u0151l \u00e9s az \u00fajrakezd\u00e9s lehet\u0151s\u00e9g\u00e9r\u0151l. J\u00e9zus csodat\u00e9tele nem csup\u00e1n egy t\u00f6rt\u00e9nelmi esem\u00e9ny, hanem egy \u00f6r\u00f6k\u00e9rv\u00e9ny\u0171 tan\u00edt\u00e1s, amely ma is k\u00e9pes vigaszt \u00e9s rem\u00e9nyt ny\u00fajtani azoknak, akik nyitott sz\u00edvvel fogadj\u00e1k. Ez a t\u00f6rt\u00e9net arra eml\u00e9keztet, hogy b\u00e1rmilyen neh\u00e9zs\u00e9gekkel is n\u00e9z\u00fcnk szembe, mindig van rem\u00e9ny, \u00e9s mindig van lehet\u0151s\u00e9g a meg\u00fajul\u00e1sra \u00e9s a gy\u00f3gyul\u00e1sra.<\/p>\n<p style=\"text-align: right;\"><strong><em>Ft. R\u00e1duly Istv\u00e1n Zsolt, Torda<\/em><\/strong><\/p>\n","protected":false},"excerpt":{"rendered":"Abban az id\u0151ben amikor J\u00e9zus a b\u00e1rk\u00e1val ism\u00e9t \u00e1tkelt a Genez\u00e1reti-t\u00f3 t\u00fals\u00f3 partj\u00e1ra, a parton nagy t\u00f6meg sereglett k\u00f6r\u00e9je.","protected":false},"author":2,"featured_media":31715,"comment_status":"closed","ping_status":"closed","sticky":false,"template":"","format":"standard","meta":{"footnotes":""},"categories":[6],"tags":[],"class_list":["post-31714","post","type-post","status-publish","format-standard","has-post-thumbnail","hentry","category-igehirdetesek"],"_links":{"self":[{"href":"https:\/\/imalanc.ro\/w\/wp-json\/wp\/v2\/posts\/31714","targetHints":{"allow":["GET"]}}],"collection":[{"href":"https:\/\/imalanc.ro\/w\/wp-json\/wp\/v2\/posts"}],"about":[{"href":"https:\/\/imalanc.ro\/w\/wp-json\/wp\/v2\/types\/post"}],"author":[{"embeddable":true,"href":"https:\/\/imalanc.ro\/w\/wp-json\/wp\/v2\/users\/2"}],"replies":[{"embeddable":true,"href":"https:\/\/imalanc.ro\/w\/wp-json\/wp\/v2\/comments?post=31714"}],"version-history":[{"count":2,"href":"https:\/\/imalanc.ro\/w\/wp-json\/wp\/v2\/posts\/31714\/revisions"}],"predecessor-version":[{"id":31738,"href":"https:\/\/imalanc.ro\/w\/wp-json\/wp\/v2\/posts\/31714\/revisions\/31738"}],"wp:featuredmedia":[{"embeddable":true,"href":"https:\/\/imalanc.ro\/w\/wp-json\/wp\/v2\/media\/31715"}],"wp:attachment":[{"href":"https:\/\/imalanc.ro\/w\/wp-json\/wp\/v2\/media?parent=31714"}],"wp:term":[{"taxonomy":"category","embeddable":true,"href":"https:\/\/imalanc.ro\/w\/wp-json\/wp\/v2\/categories?post=31714"},{"taxonomy":"post_tag","embeddable":true,"href":"https:\/\/imalanc.ro\/w\/wp-json\/wp\/v2\/tags?post=31714"}],"curies":[{"name":"wp","href":"https:\/\/api.w.org\/{rel}","templated":true}]}}