{"id":3170,"date":"2014-09-17T10:04:32","date_gmt":"2014-09-17T08:04:32","guid":{"rendered":"http:\/\/imalanc.ro\/w\/?p=3170"},"modified":"2024-09-28T22:54:16","modified_gmt":"2024-09-28T20:54:16","slug":"a-szeretet-tiz-parancsa","status":"publish","type":"post","link":"https:\/\/imalanc.ro\/w\/a-szeretet-tiz-parancsa\/","title":{"rendered":"A szeretet t\u00edz parancsa"},"content":{"rendered":"<h4 style=\"text-align: justify;\">1. Hallgatni k\u00f6zbesz\u00f3l\u00e1s n\u00e9lk\u00fcl. (P\u00e9ldabesz\u00e9dek 18:13-24)<\/h4>\n<p style=\"text-align: justify;\">Aki el\u0151bb felel, semmint hogy m\u00e1st meghallgat, el\u00e1rulja, hogy botor \u00e9s szid\u00e1sra \u00e9rdemes.\u00a0<!--more--><a href=\"https:\/\/imalanc.ro\/w\/wp-content\/uploads\/A-szel-ott-fuj-ahol-akar.jpg\"><img loading=\"lazy\" decoding=\"async\" class=\"aligncenter wp-image-30617 size-full\" src=\"https:\/\/imalanc.ro\/w\/wp-content\/uploads\/A-szel-ott-fuj-ahol-akar.jpg\" alt=\"\" width=\"580\" height=\"299\" srcset=\"https:\/\/imalanc.ro\/w\/wp-content\/uploads\/A-szel-ott-fuj-ahol-akar.jpg 580w, https:\/\/imalanc.ro\/w\/wp-content\/uploads\/A-szel-ott-fuj-ahol-akar-300x155.jpg 300w\" sizes=\"auto, (max-width: 580px) 100vw, 580px\" \/><\/a><\/p>\n<p style=\"text-align: justify;\">A f\u00e9rfi lelke el tudja t\u0171rni a betegs\u00e9get, de a nyomott ked\u00e9lyt ki tudja elt\u0171rni? Az okos ember sz\u00edv\u00e9t megnyeri a tud\u00e1s, a b\u00f6lcsnek a f\u00fcle is ismeretet keres. Az aj\u00e1nd\u00e9k t\u00e1gass\u00e1got teremt az embernek, hozz\u00e1seg\u00edti, hogy a nagyok el\u00e9 jusson. Annak adnak igazat, aki el\u0151sz\u00f6r sz\u00f3l, de j\u00f6n ellenfele \u00e9s megc\u00e1folja. A sorsvet\u00e9s eld\u00f6nti a vit\u00e1s k\u00e9rd\u00e9seket, \u00e9s b\u00edr\u00e1skodik a hatalmasok k\u00f6z\u00f6tt. Er\u0151s v\u00e1r a testv\u00e9r, aki seg\u00edt testv\u00e9r\u00e9n, a bar\u00e1tok meg olyanok, mint a v\u00e1r retesze. A sz\u00e1j gy\u00fcm\u00f6lcs\u00e9b\u0151l megtelik a gyomor, j\u00f3llakik azzal, ami az ajkon terem. \u00a0A nyelvnek hatalm\u00e1ban van az \u00e9let \u00e9s hal\u00e1l, amint haszn\u00e1lja, \u00fagy eszi gy\u00fcm\u00f6lcs\u00e9t. Aki feles\u00e9get lel, boldogs\u00e1got tal\u00e1l, r\u00e9szes\u00fclt az \u00dar kegy\u00e9ben. Esdekl\u0151 szavakkal k\u00f6ny\u00f6r\u00f6g a szeg\u00e9ny, \u00e1m a gazdag kem\u00e9nyen v\u00e1laszol neki. Van bar\u00e1t, aki pusztul\u00e1sba vezet, de van olyan is, aki h\u0171s\u00e9gesebb, mint a testv\u00e9r.<\/p>\n<h4 style=\"text-align: justify;\">2. Besz\u00e9lni kritika n\u00e9lk\u00fcl. (J\u00e1nos 1:19-34)<\/h4>\n<p style=\"text-align: justify;\">J\u00e1nos \u00edgy tett tan\u00fas\u00e1got: A zsid\u00f3k papokat \u00e9s levit\u00e1kat k\u00fcldtek hozz\u00e1 Jeruzs\u00e1lemb\u0151l, s megk\u00e9rdeztett\u00e9k: \u201eKi vagy?\u201d Erre megvallotta, nem tagadta, hanem megvallotta: \u201eNem \u00e9n vagyok a Messi\u00e1s.\u201d Ez\u00e9rt megk\u00e9rdezt\u00e9k t\u0151le: \u201eH\u00e1t akkor? Tal\u00e1n Ill\u00e9s vagy?\u201d \u201eNem vagyok\u201d \u2013 felelte. \u201eA pr\u00f3f\u00e9ta vagy?\u201d \u2013 Erre is nemmel v\u00e1laszolt.<\/p>\n<p style=\"text-align: justify;\">\u00cdgy tov\u00e1bb faggatt\u00e1k: \u201eAkkor ki vagy? V\u00e1laszt kell vinn\u00fcnk azoknak, akik k\u00fcldtek minket. Mit mondasz magadr\u00f3l?\u201d Ezt felelte: \u201eA puszt\u00e1ban ki\u00e1lt\u00f3 sz\u00f3 vagyok: Egyengess\u00e9tek az \u00dar \u00fatj\u00e1t\u201d, amint Izaj\u00e1s pr\u00f3f\u00e9ta mondta. A k\u00fcld\u00f6ttek a farizeusokt\u00f3l j\u00f6ttek, s tov\u00e1bb k\u00e9rdezgett\u00e9k: \u201eAkkor mi\u00e9rt keresztelsz, ha nem vagy sem a Messi\u00e1s, sem Ill\u00e9s, sem a pr\u00f3f\u00e9ta?\u201d J\u00e1nos \u00edgy v\u00e1laszolt: \u201e\u00c9n csak v\u00edzzel keresztelek. De k\u00f6ztetek \u00e1ll az, akit nem ismertek, aki a nyomomba l\u00e9p, s akinek m\u00e9g a sarusz\u00edj\u00e1t sem vagyok m\u00e9lt\u00f3 megoldani.\u201d Ez Bet\u00e1ni\u00e1ban t\u00f6rt\u00e9nt, a Jord\u00e1non t\u00fal, ahol J\u00e1nos keresztelt.<\/p>\n<p style=\"text-align: justify;\">M\u00e1snap, amikor l\u00e1tta, hogy J\u00e9zus fel\u00e9je tart, \u00edgy sz\u00f3lt: \u201eN\u00e9zz\u00e9tek, az Isten B\u00e1r\u00e1nya! \u0150 veszi el a vil\u00e1g b\u0171neit. R\u00f3la mondtam: A nyomomba l\u00e9p valaki, aki nagyobb n\u00e1lam, mert el\u0151bb volt, mint \u00e9n. \u00c9n sem ismertem, de az\u00e9rt j\u00f6ttem v\u00edzzel keresztelni, hogy megismertessem Izraellel.\u201d Ezut\u00e1n J\u00e1nos tan\u00fas\u00edtotta: \u201eL\u00e1ttam a Lelket, amint galamb alakj\u00e1ban lesz\u00e1llt r\u00e1 a mennyb\u0151l, s rajta is maradt. Magam sem ismertem, de aki v\u00edzzel keresztelni k\u00fcld\u00f6tt, azt mondta: Akire l\u00e1tod, hogy lesz\u00e1ll a L\u00e9lek s rajta is marad, az majd Szentl\u00e9lekkel fog keresztelni. L\u00e1ttam \u00e9s tan\u00faskodom r\u00f3la, hogy \u0151 az Isten Fia.\u201d<\/p>\n<h4 style=\"text-align: justify;\">3. Adni ir\u00edgys\u00e9g n\u00e9lk\u00fcl. (P\u00e9ldabesz\u00e9dek 21:21-31)<\/h4>\n<p style=\"text-align: justify;\">Aki komolyan t\u00f6rekszik az igazs\u00e1gra \u00e9s j\u00f3s\u00e1gra, \u00e9letet szerez \u00e9s dics\u0151s\u00e9get. A b\u00f6lcs behatol az ellens\u00e9g v\u00e1ros\u00e1ba, s led\u00f6nti az er\u0151d\u00f6t, amiben az bizakodott. Aki vigy\u00e1z a sz\u00e1j\u00e1ra meg a nyelv\u00e9re, megmenti \u00e9let\u00e9t a szorongat\u00e1sokt\u00f3l. A g\u0151g\u00f6s arc\u00e1tlannak \u201eg\u00fanyol\u00f3d\u00f3\u201d a neve, felfuvalkodotts\u00e1g a tettei rug\u00f3ja. A lust\u00e1t meg\u00f6li, amihez kedve van, keze ugyanis megtagadja a munk\u00e1t. A gonosz egyre csak \u00e1h\u00edtozik, az igaz fukars\u00e1g n\u00e9lk\u00fcl adakozik.<\/p>\n<p style=\"text-align: justify;\">Ut\u00e1latot kelt a gonosz \u00e1ldozata, f\u0151k\u00e9pp hogyha aljas sz\u00e1nd\u00e9kkal hozza. Elpusztul a tan\u00fa, ha hazugs\u00e1got vall, de amit a f\u00fcltan\u00fa mond, az maradand\u00f3. A gonosz f\u00e9rfi mogorva arcot v\u00e1g, az igaz egyenes ir\u00e1nyt szab \u00fatj\u00e1nak. Nincs olyan b\u00f6lcsess\u00e9g, nincs olyan tudom\u00e1ny, s nincs olyan tan\u00e1cs, amely meg\u00e1ll az \u00dar sz\u00edne el\u0151tt. A csata napj\u00e1ra parip\u00e1t nyergelnek, \u00e1m a gy\u0151zelmet az \u00dar adja.<\/p>\n<h4 style=\"text-align: justify;\">4. Im\u00e1dkozni sz\u00fcnet n\u00e9lk\u00fcl. (Kolosszeieknek 1:9-13)<\/h4>\n<p style=\"text-align: justify;\">Ami\u00f3ta err\u0151l hallottunk, mi is sz\u00fcntelen\u00fcl im\u00e1dkozunk \u00e9rtetek, \u00e9s k\u00f6ny\u00f6rg\u00fcnk, hogy akarat\u00e1t teljesen ismerj\u00e9tek, nagy b\u00f6lcsess\u00e9ggel \u00e9s lelki meg\u00e9rt\u00e9ssel. \u00cdgy majd az \u00darhoz m\u00e9lt\u00f3n \u00e9ltek, eg\u00e9szen az \u0151 tetsz\u00e9se szerint, minden j\u00f3tettben gy\u00fcm\u00f6lcs\u00f6t hoztok, \u00e9s Isten ismeret\u00e9ben gyarapodtok. Dics\u0151s\u00e9ges hatalm\u00e1ban szil\u00e1rd\u00edtson meg titeket nagy er\u0151vel, hogy mindv\u00e9gig kitartsatok \u00e9s \u00e1llhatatosak legyetek. \u00d6r\u00f6mmel adjatok h\u00e1l\u00e1t az Aty\u00e1nak, aki arra m\u00e9ltatott benneteket, hogy r\u00e9szetek legyen a szentek \u00f6r\u00f6ks\u00e9g\u00e9ben, a vil\u00e1goss\u00e1gban; kiragadott minket a s\u00f6t\u00e9ts\u00e9g hatalm\u00e1b\u00f3l, \u00e9s \u00e1thelyezett szeretett Fia orsz\u00e1g\u00e1ba.<\/p>\n<h4 style=\"text-align: justify;\">5. V\u00e1laszolni arrogancia n\u00e9lk\u00fcl. (P\u00e9ldabesz\u00e9dek 17:1-10)<\/h4>\n<p style=\"text-align: justify;\">T\u00f6bbet \u00e9r egy sz\u00e1raz falat b\u00e9kess\u00e9gben, mint egy h\u00fassal telt h\u00e1z, ahol perpatvar d\u00fal. Az okos szolga f\u00f6l\u00e9be ker\u00fcl a hitv\u00e1ny fi\u00fanak, \u00e9s a testv\u00e9rek k\u00f6zt \u0151 is \u00f6r\u00f6kr\u00e9szt kap. Olvaszt\u00f3t\u00e9gelyben olvasztj\u00e1k az ez\u00fcst\u00f6t, arany olvaszt\u00e1s\u00e1ra a kemence szolg\u00e1l, de a sz\u00edveket az \u00dar vizsg\u00e1lja. A gonosz ajk\u00e1ra a gonosztev\u0151 hallgat, a hazug ember figyel a csal\u00e1rd nyelv\u00e9re. Aki szeg\u00e9nyt g\u00fanyol, az Teremt\u0151j\u00e9t b\u00e1ntja, aki \u00f6r\u00fcl a baj\u00e1nak, nem marad b\u00fcntetlen.<\/p>\n<p style=\"text-align: justify;\">Gyermekeinek gyermeke az \u00f6reg koron\u00e1ja, a gyerekek d\u00edszei meg az \u0151s\u00f6k. Balg\u00e1hoz nem illik \u00e9kessz\u00f3l\u00f3 besz\u00e9d, m\u00e9g kev\u00e9sb\u00e9 nemes sz\u00e1j\u00e1ba hazugs\u00e1g. A megveszteget\u00e9s cs\u00e1b\u00edt\u00f3 \u00e9kszer, ak\u00e1rkihez fordul, meg\u00e9rt\u00e9sre tal\u00e1l. Szeretetet keres, aki el\u00e1ssa a v\u00e9tket, aki meg f\u00f6lkeveri, elveszti bar\u00e1tj\u00e1t. Az okosnak t\u00f6bbet haszn\u00e1l egyetlen int\u0151 sz\u00f3, mint ak\u00e1r sz\u00e1z \u00fct\u00e9s a balg\u00e1ra m\u00e9rve.<\/p>\n<h4 style=\"text-align: justify;\">6. Megosztani sz\u00ednlel\u00e9s n\u00e9lk\u00fcl. (Efezusiaknak 4:1-16)<\/h4>\n<p style=\"text-align: justify;\">K\u00e9rlek benneteket, \u00e9n, aki fogoly vagyok az \u00darban, hogy \u00e9ljetek m\u00e9lt\u00f3n ahhoz a hivat\u00e1shoz, amelyet kaptatok, teljes al\u00e1zatban, szel\u00edds\u00e9gben \u00e9s t\u00fcrelemben. Viselj\u00e9tek el egym\u00e1st szeretettel. T\u00f6rekedjetek r\u00e1, hogy a b\u00e9ke k\u00f6tel\u00e9k\u00e9vel fenntarts\u00e1tok a L\u00e9lek egys\u00e9g\u00e9t. Egy a Test \u00e9s egy a L\u00e9lek, mint ahogy hivat\u00e1stok is egy rem\u00e9nyre sz\u00f3l. Egy az \u00dar, egy a hit, egy a kereszts\u00e9g. Egy az Isten, mindny\u00e1junk Atyja, aki mindennek f\u00f6l\u00f6tte \u00e1ll, mindent \u00e1that \u00e9s mindenben benne van. Mindegyik\u00fcnk Krisztus aj\u00e1nd\u00e9koz\u00e1s\u00e1nak m\u00e9rt\u00e9ke szerint r\u00e9szes\u00fclt a kegyelemben. Ez\u00e9rt mondja az \u00cdr\u00e1s: F\u00f6lment a magasba, mag\u00e1val vitte a foglyokat, s osztott az embereknek aj\u00e1nd\u00e9kokat. Az pedig, hogy f\u00f6lment, mi m\u00e1st jelent, mint hogy el\u0151bb le is sz\u00e1llt a lenti f\u00f6ldi t\u00e1jakra?<\/p>\n<p style=\"text-align: justify;\">Aki lesz\u00e1llt, az emelkedett minden \u00e9g f\u00f6l\u00e9, hogy bet\u00f6ltse a mindens\u00e9get. \u0150 n\u00e9melyeket apostoll\u00e1, m\u00e1sokat pr\u00f3f\u00e9t\u00e1v\u00e1, ism\u00e9t m\u00e1sokat evang\u00e9list\u00e1v\u00e1, p\u00e1sztorr\u00e1 \u00e9s tan\u00edt\u00f3v\u00e1 tett, hogy szolg\u00e1latuk bet\u00f6lt\u00e9s\u00e9re nevelj\u00e9k a szenteket, \u00e9s f\u00f6l\u00e9p\u00edts\u00e9k Krisztus test\u00e9t, am\u00edg mindny\u00e1jan el nem jutunk az Isten Fia hit\u00e9nek \u00e9s megismer\u00e9s\u00e9nek egys\u00e9g\u00e9re, \u00e9s meglett emberr\u00e9 nem lesz\u00fcnk, el\u00e9rve Krisztus teljess\u00e9ge \u00e9letkor\u00e1nak m\u00e9rt\u00e9k\u00e9re. Akkor majd nem lesz\u00fcnk \u00e9retlenek, akiket a megt\u00e9veszt\u0151 emberi tan\u00edt\u00e1s \u00e9s a t\u00e9ved\u00e9sbe ejt\u0151 \u00e1lnoks\u00e1g minden szele mag\u00e1val sodor. Ink\u00e1bb igazs\u00e1gban kell \u00e9ln\u00fcnk \u00e9s szeretetben, hogy egyre ink\u00e1bb \u00f6sszeforrjunk a F\u0151vel: Krisztussal. \u0150 az, aki az eg\u00e9sz testet egybefogja \u00e9s \u00f6sszetartja a k\u00fcl\u00f6nf\u00e9le \u00edz\u00fcletek seg\u00edts\u00e9g\u00e9vel, hogy a tagok bet\u00f6lts\u00e9k az erej\u00fckh\u00f6z szabott feladatk\u00f6rt. \u00cdgy n\u00f6vekszik a test, \u00e9s \u00e9p\u00edti fel saj\u00e1t mag\u00e1t a szeretetben.<\/p>\n<h4 style=\"text-align: justify;\">7. Megtenni z\u00fagol\u00f3d\u00e1s n\u00e9lk\u00fcl. (Filippieknek 2:14-18)<\/h4>\n<p style=\"text-align: justify;\">Z\u00fagol\u00f3d\u00e1s \u00e9s huzavona n\u00e9lk\u00fcl tegyetek meg mindent, hogy kifog\u00e1stalanok \u00e9s tiszt\u00e1k legyetek, Istennek \u00e1rtatlan gyermekei a gonosz \u00e9s romlott nemzed\u00e9kben, amelyben \u00fagy kell ragyognotok, mint a csillagoknak a mindens\u00e9gben. Ragaszkodjatok az \u00e9letet t\u00e1pl\u00e1l\u00f3 tan\u00edt\u00e1shoz, hogy Krisztus J\u00e9zus napj\u00e1n dics\u0151s\u00e9gemre v\u00e1ljatok. Akkor nem futottam hi\u00e1ba, \u00e9s nem f\u00e1radtam f\u00f6l\u00f6slegesen. S\u0151t, ha hitetek szent szolg\u00e1lat\u00e1\u00e9rt \u00e1ldozatk\u00e9nt v\u00e9remet ontj\u00e1k is, \u00f6r\u00fcl\u00f6k, egy\u00fctt \u00f6r\u00fcl\u00f6k mindny\u00e1jatokkal. \u00d6r\u00fcljetek h\u00e1t ti is, \u00f6r\u00fcljetek velem!<\/p>\n<h4 style=\"text-align: justify;\">8. Hinni k\u00e9telked\u00e9s n\u00e9lk\u00fcl. (Korintusiaknak 13:4-10)<\/h4>\n<p style=\"text-align: justify;\">A szeretet t\u00fcrelmes, a szeretet j\u00f3s\u00e1gos, a szeretet nem f\u00e9lt\u00e9keny, nem k\u00e9rkedik, nem is kev\u00e9ly. Nem tapintatlan, nem keresi a maga jav\u00e1t, nem gerjed haragra, a rosszat nem r\u00f3ja fel. Nem \u00f6r\u00fcl a gonoszs\u00e1gnak, \u00f6r\u00f6m\u00e9t az igazs\u00e1g gy\u0151zelm\u00e9ben leli. Mindent elt\u0171r, mindent elhisz, mindent rem\u00e9l, mindent elvisel. S a szeretet nem sz\u0171nik meg soha. A pr\u00f3f\u00e9t\u00e1l\u00e1s v\u00e9get \u00e9r, a nyelvek elhallgatnak, a tudom\u00e1ny eleny\u00e9szik. Most megismer\u00e9s\u00fcnk csak t\u00f6red\u00e9kes, \u00e9s t\u00f6red\u00e9kes a pr\u00f3f\u00e9t\u00e1l\u00e1sunk is. Ha azonban el\u00e9rkezik a t\u00f6k\u00e9letes, ami t\u00f6red\u00e9kes, az v\u00e9get \u00e9r.<\/p>\n<h4 style=\"text-align: justify;\">9. Felejteni harag n\u00e9lk\u00fcl. (Kolosszeieknek 3:9-17)<\/h4>\n<p style=\"text-align: justify;\">Ne hazudjatok egym\u00e1snak. Vess\u00e9tek le a r\u00e9gi embert szok\u00e1saival egy\u00fctt, \u00e9s \u00f6lts\u00e9tek f\u00f6l az \u00fajat, aki \u00e1lland\u00f3an meg\u00fajul Teremt\u0151j\u00e9nek k\u00e9pm\u00e1s\u00e1ra a teljes megismer\u00e9sig. Itt m\u00e1r nincs g\u00f6r\u00f6g vagy zsid\u00f3, k\u00f6r\u00fclmet\u00e9lt vagy k\u00f6r\u00fclmet\u00e9letlen, barb\u00e1r vagy szittya, szolga vagy szabad, hanem Krisztus minden mindenben. Mint Istennek szent \u00e9s kedves v\u00e1lasztottai, \u00f6lts\u00e9tek magatokra az irgalmass\u00e1got, a j\u00f3s\u00e1got, a szel\u00edds\u00e9get \u00e9s a t\u00fcrelmet. Viselj\u00e9tek el egym\u00e1st, \u00e9s bocs\u00e1ssatok meg egym\u00e1snak, ha valakinek panasza van a m\u00e1sik ellen. Ahogy az \u00dar megbocs\u00e1tott nektek, ti is bocs\u00e1ssatok meg egym\u00e1snak.<\/p>\n<p style=\"text-align: justify;\">Legf\u0151k\u00e9nt pedig szeress\u00e9tek egym\u00e1st, mert ez a t\u00f6k\u00e9letess\u00e9g k\u00f6tel\u00e9ke. S Krisztus b\u00e9k\u00e9je t\u00f6ltse be sz\u00edveteket, hiszen erre vagytok hivatva, egy testben. Legyetek h\u00e1l\u00e1sak, Krisztus tan\u00edt\u00e1sa \u00e9ljen bennetek elevenen, s teljes b\u00f6lcsess\u00e9ggel tan\u00edts\u00e1tok \u00e9s ints\u00e9tek egym\u00e1st. \u00c9nekeljetek Istennek h\u00e1l\u00e1s sz\u00edvvel zsolt\u00e1rt, himnuszt \u00e9s szent \u00e9nekeket. Ak\u00e1r mondtok, ak\u00e1r tesztek valamit, tegyetek mindent Urunk J\u00e9zus nev\u00e9ben, \u00edgy adjatok h\u00e1l\u00e1t \u00e1ltala Istennek, az Aty\u00e1nak.<\/p>\n<h4 style=\"text-align: justify;\">10. \u00cdg\u00e9rni felejt\u00e9s n\u00e9lk\u00fcl. (P\u00e9ldabesz\u00e9dek 13:12-16)<\/h4>\n<p style=\"text-align: justify;\">A megcsalt rem\u00e9nys\u00e9gt\u0151l beteg lesz a sz\u00edv, a beteljes\u00fcl\u0151 v\u00e1gy az \u00e9let f\u00e1ja. Aki megveti a tan\u00edt\u00e1st, az elpusztul, a parancs tisztel\u0151je s\u00e9rtetlen marad. A b\u00f6lcs tan\u00edt\u00e1sa az \u00e9let forr\u00e1sa a hal\u00e1l h\u00e1l\u00f3j\u00e1nak elker\u00fcl\u00e9s\u00e9re. A j\u00f3nak bel\u00e1t\u00e1sa kegyelmet szerez, a gonoszok \u00fatja hajl\u00edthatatlan. Az okos megfontolt sz\u00e1nd\u00e9kkal cselekszik, bolonds\u00e1got kotor el\u0151 a balgatag.<\/p>\n<p style=\"text-align: right;\"><em>\u00a0<strong>Szerkesztette: Kert\u00e9sz Marika<\/strong><\/em><\/p>\n","protected":false},"excerpt":{"rendered":"1. Hallgatni k\u00f6zbesz\u00f3l\u00e1s n\u00e9lk\u00fcl. (P\u00e9ldabesz\u00e9dek 18:13-24) Aki el\u0151bb felel, semmint hogy m\u00e1st meghallgat, el\u00e1rulja, hogy botor \u00e9s szid\u00e1sra \u00e9rdemes.\u00a0","protected":false},"author":2,"featured_media":30593,"comment_status":"closed","ping_status":"closed","sticky":false,"template":"","format":"standard","meta":{"footnotes":""},"categories":[8],"tags":[],"class_list":["post-3170","post","type-post","status-publish","format-standard","has-post-thumbnail","hentry","category-lelki-gyongyok"],"_links":{"self":[{"href":"https:\/\/imalanc.ro\/w\/wp-json\/wp\/v2\/posts\/3170","targetHints":{"allow":["GET"]}}],"collection":[{"href":"https:\/\/imalanc.ro\/w\/wp-json\/wp\/v2\/posts"}],"about":[{"href":"https:\/\/imalanc.ro\/w\/wp-json\/wp\/v2\/types\/post"}],"author":[{"embeddable":true,"href":"https:\/\/imalanc.ro\/w\/wp-json\/wp\/v2\/users\/2"}],"replies":[{"embeddable":true,"href":"https:\/\/imalanc.ro\/w\/wp-json\/wp\/v2\/comments?post=3170"}],"version-history":[{"count":9,"href":"https:\/\/imalanc.ro\/w\/wp-json\/wp\/v2\/posts\/3170\/revisions"}],"predecessor-version":[{"id":31207,"href":"https:\/\/imalanc.ro\/w\/wp-json\/wp\/v2\/posts\/3170\/revisions\/31207"}],"wp:featuredmedia":[{"embeddable":true,"href":"https:\/\/imalanc.ro\/w\/wp-json\/wp\/v2\/media\/30593"}],"wp:attachment":[{"href":"https:\/\/imalanc.ro\/w\/wp-json\/wp\/v2\/media?parent=3170"}],"wp:term":[{"taxonomy":"category","embeddable":true,"href":"https:\/\/imalanc.ro\/w\/wp-json\/wp\/v2\/categories?post=3170"},{"taxonomy":"post_tag","embeddable":true,"href":"https:\/\/imalanc.ro\/w\/wp-json\/wp\/v2\/tags?post=3170"}],"curies":[{"name":"wp","href":"https:\/\/api.w.org\/{rel}","templated":true}]}}