{"id":31574,"date":"2024-08-20T10:09:41","date_gmt":"2024-08-20T08:09:41","guid":{"rendered":"https:\/\/imalanc.ro\/w\/?p=31574"},"modified":"2025-01-03T13:59:52","modified_gmt":"2025-01-03T12:59:52","slug":"helyezzuk-krisztust-az-elso-helyre","status":"publish","type":"post","link":"https:\/\/imalanc.ro\/w\/helyezzuk-krisztust-az-elso-helyre\/","title":{"rendered":"Helyezz\u00fck Krisztust az els\u0151 helyre"},"content":{"rendered":"<p>A Kolozsv\u00e1ri Magyar Napok egyik f\u0151 programjak\u00e9nt szerepel m\u00e1r \u00e9vek \u00f3ta a D\u00f3n\u00e1t-\u00fati Szent Istv\u00e1n templom b\u00facs\u00faja. Az id\u00e9n is sz\u00e9p sz\u00e1mban gy\u0171ltek \u00f6ssze Kolozsv\u00e1r legfiatalabb r\u00f3mai katolikus templom\u00e1ba, mely Czirj\u00e1k \u00c1rp\u00e1d prel\u00e1tus, akkori kolozsv\u00e1ri f\u0151esperes kezdem\u00e9nyez\u00e9s\u00e9re \u00e9p\u00fclt.<!--more--><a href=\"https:\/\/imalanc.ro\/w\/wp-content\/uploads\/Czirjak-Arpad-prelatus-Szent-Jozsef-bucsu-2018.jpg\"><img loading=\"lazy\" decoding=\"async\" class=\"aligncenter wp-image-31576 size-full\" src=\"https:\/\/imalanc.ro\/w\/wp-content\/uploads\/Czirjak-Arpad-prelatus-Szent-Jozsef-bucsu-2018.jpg\" alt=\"Az id\u00e9n is sz\u00e9p sz\u00e1mban gy\u0171ltek \u00f6ssze Kolozsv\u00e1r legfiatalabb r\u00f3mai katolikus templom\u00e1ba, mely Czirj\u00e1k \u00c1rp\u00e1d prel\u00e1tus, akkori kolozsv\u00e1ri f\u0151esperes kezdem\u00e9nyez\u00e9s\u00e9re \u00e9p\u00fclt. \u2013 A kep  2018-ban k\u00e9sz\u00fclt az \u00cdrisz-telepi Szent J\u00f3zsef k\u00e1polna b\u00facs\u00faj\u00e1n.\" width=\"580\" height=\"199\" srcset=\"https:\/\/imalanc.ro\/w\/wp-content\/uploads\/Czirjak-Arpad-prelatus-Szent-Jozsef-bucsu-2018.jpg 580w, https:\/\/imalanc.ro\/w\/wp-content\/uploads\/Czirjak-Arpad-prelatus-Szent-Jozsef-bucsu-2018-300x103.jpg 300w\" sizes=\"auto, (max-width: 580px) 100vw, 580px\" \/><\/a><\/p>\n<p>Alapk\u00f6v\u00e9t 1991. janu\u00e1r 23-\u00e1n tett\u00e9k le. Kov\u00e1cs S\u00e1ndor kolozs-dobokai f\u0151esperes k\u00e9r\u00e9s\u00e9re 2011. augusztus 20-\u00e1n Jakubinyi Gy\u00f6rgy gyulafeh\u00e9rv\u00e1ri \u00e9rsek szentelte fel. Olt\u00e1rasztal\u00e1ban Szent Istv\u00e1n ereklye tal\u00e1lhat\u00f3, melyet Erd\u0151 P\u00e9ter esztergom-budapesti \u00e9rsek aj\u00e1nd\u00e9kozott.<!--more--><a href=\"https:\/\/imalanc.ro\/w\/wp-content\/uploads\/13-pap-a-Szent-Istvan-bucsun.jpg\"><img loading=\"lazy\" decoding=\"async\" class=\"aligncenter wp-image-31577 size-full\" src=\"https:\/\/imalanc.ro\/w\/wp-content\/uploads\/13-pap-a-Szent-Istvan-bucsun.jpg\" alt=\"A szent\u00e9lyben tizenk\u00e9t pap, egy akolitus \u00e9s k\u00e9t f\u0151ministr\u00e1ns szolg\u00e1lt. A t\u00f6bbi ministr\u00e1ns a h\u00edvek k\u00f6r\u00e9ben, a megszokott helyr\u0151l kapcsol\u00f3dott be seg\u00e9dlet\u00e9vel. A bej\u00e1rat mellett lev\u0151 gy\u00f3ntat\u00f3sz\u00e9k sem volt \u00fcres. A tisztul\u00e1sra v\u00e1gy\u00f3knak Moln\u00e1r Lehel piarista paptan\u00e1r tapasztaltatta meg J\u00e9zus irgalmas j\u00f3s\u00e1g\u00e1t.\" width=\"580\" height=\"384\" srcset=\"https:\/\/imalanc.ro\/w\/wp-content\/uploads\/13-pap-a-Szent-Istvan-bucsun.jpg 580w, https:\/\/imalanc.ro\/w\/wp-content\/uploads\/13-pap-a-Szent-Istvan-bucsun-300x199.jpg 300w\" sizes=\"auto, (max-width: 580px) 100vw, 580px\" \/><\/a><\/p>\n<p>A szent\u00e9lyben tizenk\u00e9t pap, egy akolitus \u00e9s k\u00e9t f\u0151ministr\u00e1ns szolg\u00e1lt. A t\u00f6bbi ministr\u00e1ns a h\u00edvek k\u00f6r\u00e9ben, a megszokott helyr\u0151l kapcsol\u00f3dott be seg\u00e9dlet\u00e9vel. A bej\u00e1rat mellett lev\u0151 gy\u00f3ntat\u00f3sz\u00e9k sem volt \u00fcres. A tisztul\u00e1sra v\u00e1gy\u00f3knak Moln\u00e1r Lehel piarista paptan\u00e1r tapasztaltatta meg J\u00e9zus irgalmas j\u00f3s\u00e1g\u00e1t.<\/p>\n<p>A P\u00e9ldabesz\u00e9dek k\u00f6nyv\u00e9b\u0151l sz\u00e1rmaz\u00f3 olvasm\u00e1nyt (<strong>P\u00e9ld 4, 10-15<\/strong>) \u00e9s a szentleck\u00e9t (<strong>Ef 4, 17-24<\/strong>) a templom feln\u0151tt h\u00edveib\u0151l, a felolvas\u00e1sban rendszeresen szolg\u00e1l\u00f3k olvast\u00e1k fel. Az olvasm\u00e1ny, mely alapj\u00e1t k\u00e9pezte Szent Istv\u00e1n kir\u00e1ly fi\u00e1hoz int\u00e9zett intelmeinek is, az igaz ember \u00fatj\u00e1t mutatja meg, mely \u00fat az Isten \u00e1ltal meg\u00e9rintett \u00e9s ir\u00e1ny\u00edtott sz\u00edvb\u0151l \u00e9s \u00e9rtelemb\u0151l indul ki, hogy a b\u00f6lcsess\u00e9g \u00fatj\u00e1ra vezessen.<!--more--><a href=\"https:\/\/imalanc.ro\/w\/wp-content\/uploads\/Olvasmany.jpg\"><img loading=\"lazy\" decoding=\"async\" class=\"aligncenter wp-image-31578 size-full\" src=\"https:\/\/imalanc.ro\/w\/wp-content\/uploads\/Olvasmany.jpg\" alt=\"A P\u00e9ldabesz\u00e9dek k\u00f6nyv\u00e9b\u0151l sz\u00e1rmaz\u00f3 olvasm\u00e1nyt (P\u00e9ld 4, 10-15)\" width=\"580\" height=\"384\" srcset=\"https:\/\/imalanc.ro\/w\/wp-content\/uploads\/Olvasmany.jpg 580w, https:\/\/imalanc.ro\/w\/wp-content\/uploads\/Olvasmany-300x199.jpg 300w\" sizes=\"auto, (max-width: 580px) 100vw, 580px\" \/><\/a><\/p>\n<p>A zsolt\u00e1rokat \u00fcgyes szak\u00e9rtelemmel fiatal h\u00f6lgy \u00e9nekl\u00e9se vezette az amb\u00f3t\u00f3l, hogy a h\u00edvek bekapcsol\u00f3d\u00e1s\u00e1val Isten dics\u00e9ret\u00e9v\u00e9 \u00e9s \u00fcnnepelt szent\u00fcnk \u00e9letp\u00e9ld\u00e1j\u00e1nak \u00e9rt\u00e9kel\u00e9s\u00e9v\u00e9 legyen: ,,<em>L\u00e9gy \u00e1ldott Szent Istv\u00e1n kir\u00e1ly<\/em>\u201d.<!--more--><a href=\"https:\/\/imalanc.ro\/w\/wp-content\/uploads\/Zsoltarok.jpg\"><img loading=\"lazy\" decoding=\"async\" class=\"aligncenter wp-image-31579 size-full\" src=\"https:\/\/imalanc.ro\/w\/wp-content\/uploads\/Zsoltarok.jpg\" alt=\"A zsolt\u00e1rokat \u00fcgyes szak\u00e9rtelemmel fiatal h\u00f6lgy \u00e9nekl\u00e9se vezette\" width=\"580\" height=\"384\" srcset=\"https:\/\/imalanc.ro\/w\/wp-content\/uploads\/Zsoltarok.jpg 580w, https:\/\/imalanc.ro\/w\/wp-content\/uploads\/Zsoltarok-300x199.jpg 300w\" sizes=\"auto, (max-width: 580px) 100vw, 580px\" \/><\/a><\/p>\n<p>A szentleck\u00e9b\u0151l az \u00faj ember von\u00e1saira t\u00f6rekv\u0151, a ma ember\u00e9nek is sz\u00f3l\u00f3 tan\u00e1csokat kaptunk. Isten ig\u00e9je arra buzd\u00edtott, hogy Kriszusra hallgassunk, ki megmutatja hogyan lehet\u00fcnk Istenhez hasonl\u00f3k a j\u00f3ban, saj\u00e1t gonoszs\u00e1gainkat elker\u00fclve.<!--more--><a href=\"https:\/\/imalanc.ro\/w\/wp-content\/uploads\/Szentlecke1.jpg\"><img loading=\"lazy\" decoding=\"async\" class=\"aligncenter wp-image-31580 size-full\" src=\"https:\/\/imalanc.ro\/w\/wp-content\/uploads\/Szentlecke1.jpg\" alt=\"A szentleck\u00e9b\u0151l az \u00faj ember von\u00e1saira t\u00f6rekv\u0151, a ma ember\u00e9nek is sz\u00f3l\u00f3 tan\u00e1csokat kaptunk. Isten ig\u00e9je arra buzd\u00edtott, hogy Kriszusra hallgassunk.\" width=\"580\" height=\"341\" srcset=\"https:\/\/imalanc.ro\/w\/wp-content\/uploads\/Szentlecke1.jpg 580w, https:\/\/imalanc.ro\/w\/wp-content\/uploads\/Szentlecke1-300x176.jpg 300w\" sizes=\"auto, (max-width: 580px) 100vw, 580px\" \/><\/a><\/p>\n<p>Az evang\u00e9liumban Sz\u0151cs Csaba, sz\u00e1szfenesi pl\u00e9b\u00e1nos arra figyelmeztetett, hogy okos ember m\u00f3dj\u00e1ra \u00e9let\u00fcnket szikl\u00e1ra \u00e9p\u00edts\u00fck.<!--more--><a href=\"https:\/\/imalanc.ro\/w\/wp-content\/uploads\/Evangelium1.jpg\"><img loading=\"lazy\" decoding=\"async\" class=\"aligncenter wp-image-31581 size-full\" src=\"https:\/\/imalanc.ro\/w\/wp-content\/uploads\/Evangelium1.jpg\" alt=\"Az evang\u00e9liumban Sz\u0151cs Csaba, sz\u00e1szfenesi pl\u00e9b\u00e1nos arra figyelmeztetett, hogy okos ember m\u00f3dj\u00e1ra \u00e9let\u00fcnket szikl\u00e1ra \u00e9p\u00edts\u00fck.\" width=\"580\" height=\"384\" srcset=\"https:\/\/imalanc.ro\/w\/wp-content\/uploads\/Evangelium1.jpg 580w, https:\/\/imalanc.ro\/w\/wp-content\/uploads\/Evangelium1-300x199.jpg 300w\" sizes=\"auto, (max-width: 580px) 100vw, 580px\" \/><\/a><\/p>\n<p>A szentbesz\u00e9dben a szentmise f\u0151celebr\u00e1nsa, a cs\u00edkmadarasr\u00f3l sz\u00e1rmaz\u00f3 Czirj\u00e1k Ott\u00f3 \u00fajmis\u00e9s, a Szent Mih\u00e1ly pl\u00e9b\u00e1nia seg\u00e9dlelk\u00e9sze boldogan hirdette Szent Istv\u00e1n \u00e9letp\u00e9ld\u00e1j\u00e1t. H\u00e1rom alapgondolatra \u00e9p\u00edtette hom\u00edli\u00e1j\u00e1t. Tan\u00e1csolta, hogy \u00fcnnepelt szent\u00fcnkh\u00f6z hasonl\u00f3an legy\u00fcnk al\u00e1zatosak \u00e9s ismerj\u00fck el Krisztust legf\u0151bb kir\u00e1lyunknak, \u0151t viselj\u00fck ajkunkon, sz\u00edv\u00fcnkben \u00e9s minden cselekedet\u00fcnkben. \u0150 legyen \u00e9let\u00fcnkben az els\u0151 helyen. K\u00e9rd\u00e9ssorozattal lelkiismeretvizsg\u00e1latra ind\u00edtotta a b\u00facs\u00fa r\u00e9sztvev\u0151it:<!--more--><a href=\"https:\/\/imalanc.ro\/w\/wp-content\/uploads\/Szentbeszed1.jpg\"><img loading=\"lazy\" decoding=\"async\" class=\"aligncenter wp-image-31582 size-full\" src=\"https:\/\/imalanc.ro\/w\/wp-content\/uploads\/Szentbeszed1.jpg\" alt=\"\" width=\"580\" height=\"876\" srcset=\"https:\/\/imalanc.ro\/w\/wp-content\/uploads\/Szentbeszed1.jpg 580w, https:\/\/imalanc.ro\/w\/wp-content\/uploads\/Szentbeszed1-199x300.jpg 199w\" sizes=\"auto, (max-width: 580px) 100vw, 580px\" \/><\/a><\/p>\n<p>,,<em>Krisztust viselem-e ajkamon, a sz\u00edvemben, csrelekedetemben? Milyen a besz\u00e9dem? Rombolok-e vagy \u00e9p\u00edtek vele? Megl\u00e1tszik-e cselekedeteimen? Hozz\u00e1\u00e1ll\u00e1somon? Jelenl\u00e9temen? Az egyh\u00e1zban, a csal\u00e1domban, a munkahelyemen?<\/em>\u201d Szent Isv\u00e1nr\u00f3l, kir\u00e1ly l\u00e9t\u00e9re m\u00e9gis olyan legend\u00e1k sz\u00f3lnak, melyek \u00e9jszakai im\u00e1ds\u00e1gair\u00f3l sz\u00e1molnak be, mert Krisztust helyezte els\u0151 helyre. A besz\u00e9l\u0151 tan\u00e1csolta, hogy vegy\u00fcnk pl\u00e9ld\u00e1t Szent Istrv\u00e1nr\u00f3l az al\u00e1zatban \u00e9s helyezz\u00fck mi is Krisztust az els\u0151 helyre szavainkban, cselekedeteinkben, a szeretetben, mert csak \u00edgy \u00e9p\u00edthetj\u00fck \u00e9let\u00fcnket, nemzet\u00fcnket, egyh\u00e1zunkat szikl\u00e1ra. Az evang\u00e9liumra alapozva felh\u00edvta figyelm\u00fcnket arra, hogy nem el\u00e9g hallgatni J\u00e9zus szavait, hanem elk\u00f6telezett kereszt\u00e9ny \u00e9lettel v\u00e1laszoljunk is r\u00e1.<!--more--><a href=\"https:\/\/imalanc.ro\/w\/wp-content\/uploads\/Szent-Istvan-kiraly.jpg\"><img loading=\"lazy\" decoding=\"async\" class=\"aligncenter wp-image-31583\" src=\"https:\/\/imalanc.ro\/w\/wp-content\/uploads\/Szent-Istvan-kiraly.jpg\" alt=\"Szent Isv\u00e1nr\u00f3l, kir\u00e1ly l\u00e9t\u00e9re m\u00e9gis olyan legend\u00e1k sz\u00f3lnak, melyek \u00e9jszakai im\u00e1ds\u00e1gair\u00f3l sz\u00e1molnak be, mert Krisztust helyezte els\u0151 helyre.\" width=\"580\" height=\"1067\" srcset=\"https:\/\/imalanc.ro\/w\/wp-content\/uploads\/Szent-Istvan-kiraly.jpg 580w, https:\/\/imalanc.ro\/w\/wp-content\/uploads\/Szent-Istvan-kiraly-163x300.jpg 163w, https:\/\/imalanc.ro\/w\/wp-content\/uploads\/Szent-Istvan-kiraly-557x1024.jpg 557w\" sizes=\"auto, (max-width: 580px) 100vw, 580px\" \/><\/a><\/p>\n<p>,,<em>A szikl\u00e1ra \u00e9p\u00fclt h\u00e1z szil\u00e1rds\u00e1g\u00e1t J\u00e9zus tan\u00edt\u00e1s\u00e1hoz val\u00f3 ragaszkod\u00e1s adja meg<\/em>\u201d. Szent Istv\u00e1n kir\u00e1ly b\u00f6lcsess\u00e9g\u00e9ve\u00e9l felfogta, de azut\u00e1n legjobb tud\u00e1sa szerint meg is val\u00f3s\u00edtotta J\u00e9zus tan\u00edt\u00e1s\u00e1t. Vallotta, hogy ,,<em>csakis Krisztus az, aki rendet tud teremteni ebben az \u00f6nz\u0151 \u00e9s szabados vil\u00e1gban.<\/em>\u201d Fontosnak tartotta a helyes, szem\u00e9lyes p\u00e9lda meg\u00e9l\u00e9s\u00e9t. Nem el\u00e9g csak annyi, hogy megkereszteltek. A kereszt\u00e9ny n\u00e9v k\u00f6telez, mert a kereszts\u00e9g \u00e1ltal ugyan Krisztus Egyh\u00e1z\u00e1hoz tartoz\u00f3nak vallhatom magam, de ez nem mer\u00fclhet ki csak a vas\u00e1rnapi katolikuss\u00e1gomban. Kell l\u00e1tszodjon \u00e9letem minden napj\u00e1n, a jellememen, cselekedeteimen, p\u00e9ld\u00e1mon.<!--more--><a href=\"https:\/\/imalanc.ro\/w\/wp-content\/uploads\/Bucsun-levok.jpg\"><img loading=\"lazy\" decoding=\"async\" class=\"aligncenter wp-image-31584 size-full\" src=\"https:\/\/imalanc.ro\/w\/wp-content\/uploads\/Bucsun-levok.jpg\" alt=\",,a csal\u00e1d, mely gyakorolja, \u00e1tadja, \u00f6nk\u00e9nt meg\u00e9li a kereszt\u00e9ny \u00e9rt\u00e9krendet \u00e9s egy\u00fctt tud im\u00e1dkozni az egy\u00fctt is marad\u201d\" width=\"580\" height=\"384\" srcset=\"https:\/\/imalanc.ro\/w\/wp-content\/uploads\/Bucsun-levok.jpg 580w, https:\/\/imalanc.ro\/w\/wp-content\/uploads\/Bucsun-levok-300x199.jpg 300w\" sizes=\"auto, (max-width: 580px) 100vw, 580px\" \/><\/a><\/p>\n<p>B\u00edztatta a jelenlev\u0151ket, hogy mindennapjainkban ,,<em>kapjon helyet a hit, annak gyakorl\u00e1sa, annak \u00e1tad\u00e1sa, a kereszt\u00e9ny embers\u00e9g, a kereszt\u00e9ny erk\u00f6lcs, az im\u00e1ds\u00e1g.<\/em>\u201d Vallotta, hogy az ,,<em>a csal\u00e1d, mely gyakorolja, \u00e1tadja, \u00f6nk\u00e9nt meg\u00e9li a kereszt\u00e9ny \u00e9rt\u00e9krendet \u00e9s egy\u00fctt tud im\u00e1dkozni az egy\u00fctt is marad<\/em>\u201d. Harmadik gondolatk\u00e9nt a benn\u00fcnket szeret\u0151 Istennek val\u00f3 engedelmess\u00e9gr\u0151l besz\u00e9lt. Szent Istv\u00e1n kir\u00e1ly meggy\u0151z\u0151d\u00e9ssel engedelmeskedett szeret\u0151 Isten\u00e9nek. Tudta, hogy Isten egy olyan biztos pont az \u00e9letben, aki felette, de m\u00e9g az \u0151 kir\u00e1lyi mivolta felett \u00e1ll. Az \u0151 akarat\u00e1ba kell belesimuljon. A ma ember\u00e9nek nem tetszik az engedelmess\u00e9g, mert ink\u00e1bb hajlik a k\u00fcl\u00f6nb\u00f6z\u0151 filoz\u00f3fi\u00e1k, \u00e1ramlatok, divat, hatalomv\u00e1gy fel\u00e9.<!--more--><a href=\"https:\/\/imalanc.ro\/w\/wp-content\/uploads\/Aldd-meg.jpg\"><img loading=\"lazy\" decoding=\"async\" class=\"aligncenter wp-image-31585 size-full\" src=\"https:\/\/imalanc.ro\/w\/wp-content\/uploads\/Aldd-meg.jpg\" alt=\",,Saj\u00e1t akaratom Isten akarat\u00e1val kell tal\u00e1lkozzon.\u201d\" width=\"580\" height=\"384\" srcset=\"https:\/\/imalanc.ro\/w\/wp-content\/uploads\/Aldd-meg.jpg 580w, https:\/\/imalanc.ro\/w\/wp-content\/uploads\/Aldd-meg-300x199.jpg 300w\" sizes=\"auto, (max-width: 580px) 100vw, 580px\" \/><\/a><\/p>\n<p>Figyelmeztetett, hogy ,,<em>Nem mindegy, hogy kinek \u00e9s minek engedelmesked\u00fcnk<\/em>\u201d. Aj\u00e1nlotta, hogy ,,<em>szavazzunk bizalmat J\u00e9zusnak, teljes bizalmat\u201d, mert \u0151 ,,mindv\u00e9gig szeretett benn\u00fcnket<\/em>\u201d. ,,<em>V\u00e1kumoljuk J\u00e9zus szavait. Hagyjuk, hogy sz\u00edv\u00fcnk legm\u00e9ly\u00e9t meg\u00e9rints\u00e9k, \u00e9let\u00fcnket megv\u00e1ltoztass\u00e1k.<\/em>\u201d<\/p>\n<p><!--more--><a href=\"https:\/\/imalanc.ro\/w\/wp-content\/uploads\/Krisztus-testeve.jpg\"><img loading=\"lazy\" decoding=\"async\" class=\"wp-image-31586 size-full aligncenter\" src=\"https:\/\/imalanc.ro\/w\/wp-content\/uploads\/Krisztus-testeve.jpg\" alt=\",,V\u00e1kumoljuk J\u00e9zus szavait. Hagyjuk, hogy sz\u00edv\u00fcnk legm\u00e9ly\u00e9t meg\u00e9rints\u00e9k, \u00e9let\u00fcnket megv\u00e1ltoztass\u00e1k.\u201d\" width=\"580\" height=\"384\" srcset=\"https:\/\/imalanc.ro\/w\/wp-content\/uploads\/Krisztus-testeve.jpg 580w, https:\/\/imalanc.ro\/w\/wp-content\/uploads\/Krisztus-testeve-300x199.jpg 300w\" sizes=\"auto, (max-width: 580px) 100vw, 580px\" \/><\/a><\/p>\n<p>Szent Istv\u00e1n kir\u00e1ly Isten akarat\u00e1ba belesimulva az \u00f6r\u00f6kk\u00e9val\u00f3 haz\u00e1t tette els\u0151 helyre, oly m\u00f3don, hogy azt l\u00e1tta mindig szemei el\u0151tt. ,,<em>Az Egyh\u00e1zat, a magyars\u00e1got szolg\u00e1lta. Ez a k\u00e9t haza sz\u00e1m\u00e1ra sz\u00e9tv\u00e1laszthatatlan volt.<\/em>\u201d ,,<em>Saj\u00e1t akaratom Isten akarat\u00e1val kell tal\u00e1lkozzon.<\/em>\u201d Z\u00e1rsz\u00f3k\u00e9nt n\u00e9p\u00fcnk\u00e9rt k\u00f6ny\u00f6rg\u00f6tt, hogy Szent Istv\u00e1n kir\u00e1lyunk k\u00f6zbenj\u00e1r\u00e1s\u00e1ra felismerje, megszeresse Isten\u00e9t, \u00e9let\u00e9t pedig az \u0151 biztos szikl\u00e1j\u00e1ra \u00e9p\u00edtse.<!--more--><a href=\"https:\/\/imalanc.ro\/w\/wp-content\/uploads\/Ez-az-en-verem1.jpg\"><img loading=\"lazy\" decoding=\"async\" class=\"aligncenter wp-image-31587 size-full\" src=\"https:\/\/imalanc.ro\/w\/wp-content\/uploads\/Ez-az-en-verem1.jpg\" alt=\",,Az Egyh\u00e1zat, a magyars\u00e1got szolg\u00e1lta. Ez a k\u00e9t haza sz\u00e1m\u00e1ra sz\u00e9tv\u00e1laszthatatlan volt.\u201d\" width=\"580\" height=\"876\" srcset=\"https:\/\/imalanc.ro\/w\/wp-content\/uploads\/Ez-az-en-verem1.jpg 580w, https:\/\/imalanc.ro\/w\/wp-content\/uploads\/Ez-az-en-verem1-199x300.jpg 199w\" sizes=\"auto, (max-width: 580px) 100vw, 580px\" \/><\/a><\/p>\n<p>A legszentebb \u00e1ldozat bemutat\u00e1sa ut\u00e1n a befejez\u0151 r\u00e9szben L\u00e1szl\u00f3 Attila kolozs-dobokai f\u0151esperes megk\u00f6sz\u00f6nte Istent\u0151l a b\u00facs\u00fa kegyelmeit, a jelenl\u00e9v\u0151k sz\u00e9p sz\u00e1m\u00fa r\u00e9szv\u00e9tel\u00e9t e sz\u00e9p \u00fcnnepen.<!--more--><a href=\"https:\/\/imalanc.ro\/w\/wp-content\/uploads\/Aldoztatas1.jpg\"><img loading=\"lazy\" decoding=\"async\" class=\"alignnone wp-image-31588 \" src=\"https:\/\/imalanc.ro\/w\/wp-content\/uploads\/Aldoztatas1-199x300.jpg\" alt=\"\" width=\"128\" height=\"193\" srcset=\"https:\/\/imalanc.ro\/w\/wp-content\/uploads\/Aldoztatas1-199x300.jpg 199w, https:\/\/imalanc.ro\/w\/wp-content\/uploads\/Aldoztatas1.jpg 580w\" sizes=\"auto, (max-width: 128px) 100vw, 128px\" \/><\/a><a href=\"https:\/\/imalanc.ro\/w\/wp-content\/uploads\/Akolitus-aldoztat.jpg\"><img loading=\"lazy\" decoding=\"async\" class=\"alignnone wp-image-31592\" src=\"https:\/\/imalanc.ro\/w\/wp-content\/uploads\/Akolitus-aldoztat-300x199.jpg\" alt=\",,szavazzunk bizalmat J\u00e9zusnak, teljes bizalmat\u201d\" width=\"290\" height=\"192\" srcset=\"https:\/\/imalanc.ro\/w\/wp-content\/uploads\/Akolitus-aldoztat-300x199.jpg 300w, https:\/\/imalanc.ro\/w\/wp-content\/uploads\/Akolitus-aldoztat.jpg 580w\" sizes=\"auto, (max-width: 290px) 100vw, 290px\" \/><\/a><a href=\"https:\/\/imalanc.ro\/w\/wp-content\/uploads\/Aldoztatas2.jpg\"><img loading=\"lazy\" decoding=\"async\" class=\"alignnone wp-image-31593\" src=\"https:\/\/imalanc.ro\/w\/wp-content\/uploads\/Aldoztatas2-300x199.jpg\" alt=\"\" width=\"290\" height=\"192\" srcset=\"https:\/\/imalanc.ro\/w\/wp-content\/uploads\/Aldoztatas2-300x199.jpg 300w, https:\/\/imalanc.ro\/w\/wp-content\/uploads\/Aldoztatas2.jpg 580w\" sizes=\"auto, (max-width: 290px) 100vw, 290px\" \/><\/a><a href=\"https:\/\/imalanc.ro\/w\/wp-content\/uploads\/Akolitus-aldoztat.jpg\"><br \/>\n<\/a><\/p>\n<p>K\u00fcl\u00f6n\u00f6s tisztelettel h\u00e1l\u00e1j\u00e1t fejezte ki a zenei szolg\u00e1latot v\u00e9gz\u0151k munk\u00e1j\u00e1\u00e9rt, t\u00f6bbek k\u00f6z\u00f6tt kiemelve M\u00e1rton Szabolcs k\u00e1ntor \u00e9s a Visszhang k\u00f3rus liturgikus \u00e9nekeket seg\u00edt\u0151 munk\u00e1j\u00e1t, melyet Moln\u00e1r Botond vezetett. A k\u00f3rus m\u00e1r negyvenh\u00e9t \u00e9ve tev\u00e9kenykedik a zene ter\u00e9n. Tagjai zen\u00e9t szeret\u0151 \u00e9nekl\u0151 egyetemist\u00e1k \u00e9s v\u00e9ndi\u00e1kok. Ezzel is bebizonyosodott, hogy Krisztus Egyh\u00e1z\u00e1nak sz\u00fcks\u00e9ge van olyan emberekre, akik Istenhez vezetik a lelkeket ilyen m\u00f3don is tehets\u00e9g\u00fckkel, a Fennval\u00f3ba vetett hit\u00fckkel. A nemr\u00e9g Kolozsv\u00e1ron megrendezett Magyar Egyh\u00e1zzenei Bien\u00e1l\u00e9n is k\u00e9pviselt\u00e9k ezen \u00e9rt\u00e9keket.<!--more--><a href=\"https:\/\/imalanc.ro\/w\/wp-content\/uploads\/Beszed-a-szentmise-vegen.jpg\"><img loading=\"lazy\" decoding=\"async\" class=\"aligncenter wp-image-31589 size-full\" src=\"https:\/\/imalanc.ro\/w\/wp-content\/uploads\/Beszed-a-szentmise-vegen.jpg\" alt=\"L\u00e1szl\u00f3 Attila kolozs-dobokai f\u0151esperes megk\u00f6sz\u00f6nte Istent\u0151l a b\u00facs\u00fa kegyelmeit, a jelenl\u00e9v\u0151k sz\u00e9p sz\u00e1m\u00fa r\u00e9szv\u00e9tel\u00e9t e sz\u00e9p \u00fcnnepen.\" width=\"580\" height=\"876\" srcset=\"https:\/\/imalanc.ro\/w\/wp-content\/uploads\/Beszed-a-szentmise-vegen.jpg 580w, https:\/\/imalanc.ro\/w\/wp-content\/uploads\/Beszed-a-szentmise-vegen-199x300.jpg 199w\" sizes=\"auto, (max-width: 580px) 100vw, 580px\" \/><\/a><\/p>\n<p>A szentmise Czirj\u00e1k Ott\u00f3 \u00fajmis\u00e9s \u00e1ld\u00e1sk\u00f6zvet\u00edt\u00e9s\u00e9vel z\u00e1rult. A kij\u00e1ratn\u00e1l a h\u00edvek a f\u0151celebr\u00e1ns j\u00f3volt\u00e1b\u00f3l szentel\u00e9s\u00e9nek eml\u00e9kk\u00e9p\u00e9t vihett\u00e9k magukkal, melyr\u0151l olvasva papi jelmondat\u00e1t, ,,<em>Uram, \u00f6r\u00f6kr\u00e9szem \u00e9s kelyhem, te tartod kezedben sorsomat<\/em>\u201d (<strong>Zsolt 16,5<\/strong>) \u00e9s a hallott lelki \u00fatraval\u00f3val egy\u00fctt elgondolkozhatott, hogy hol v\u00e1ltoztathatna saj\u00e1t \u00e9let\u00e9n. Kereszt\u00e9nyk\u00e9nt Istenhez ragaszkodva nemcsak els\u0151 helyre kell \u0151t helyezz\u00fck, hanem szerinte is kell \u00e9lj\u00fcnk, mert sorsunk az \u0151 kez\u00e9ben van.<!--more--><a href=\"https:\/\/imalanc.ro\/w\/wp-content\/uploads\/Kivonulas1.jpg\"><img loading=\"lazy\" decoding=\"async\" class=\"aligncenter wp-image-31590 size-full\" src=\"https:\/\/imalanc.ro\/w\/wp-content\/uploads\/Kivonulas1.jpg\" alt=\"Kereszt\u00e9nyk\u00e9nt Istenhez ragaszkodva nemcsak els\u0151 helyre kell \u0151t helyezz\u00fck, hanem szerinte is kell \u00e9lj\u00fcnk, mert sorsunk az \u0151 kez\u00e9ben van.\" width=\"580\" height=\"876\" srcset=\"https:\/\/imalanc.ro\/w\/wp-content\/uploads\/Kivonulas1.jpg 580w, https:\/\/imalanc.ro\/w\/wp-content\/uploads\/Kivonulas1-199x300.jpg 199w\" sizes=\"auto, (max-width: 580px) 100vw, 580px\" \/><\/a><\/p>\n<p>A Szent Istv\u00e1n templom el\u0151tti udvar megtelt a b\u00facs\u00far\u00f3l kij\u00f6v\u0151, egym\u00e1ssal besz\u00e9lget\u0151, agap\u00e9ba bekapcsol\u00f3d\u00f3 h\u00edvekkel.<!--more--><a href=\"https:\/\/imalanc.ro\/w\/wp-content\/uploads\/Az-udvar-megtelt.jpg\"><img loading=\"lazy\" decoding=\"async\" class=\"aligncenter wp-image-31591 size-full\" src=\"https:\/\/imalanc.ro\/w\/wp-content\/uploads\/Az-udvar-megtelt.jpg\" alt=\"Kinek volt ideje m\u00e9g maradt, kinek nem, azok az \u00e9let mezej\u00e9re t\u00e9rtek vissza, hogy kamatoztass\u00e1k a tan\u00edt\u00e1s, a hallott szavak \u00e9rtelm\u00e9t, mert a kapott kegyelmek gy\u00fcm\u00f6lcs\u00f6t teremnek, ha azokat m\u00e1sokhoz is \u00e9rezhet\u0151en eljuttatj\u00e1k.\" width=\"580\" height=\"384\" srcset=\"https:\/\/imalanc.ro\/w\/wp-content\/uploads\/Az-udvar-megtelt.jpg 580w, https:\/\/imalanc.ro\/w\/wp-content\/uploads\/Az-udvar-megtelt-300x199.jpg 300w\" sizes=\"auto, (max-width: 580px) 100vw, 580px\" \/><\/a><\/p>\n<p>Kinek volt ideje m\u00e9g maradt, kinek nem, azok az \u00e9let mezej\u00e9re t\u00e9rtek vissza, hogy kamatoztass\u00e1k a tan\u00edt\u00e1s, a hallott szavak \u00e9rtelm\u00e9t, mert a kapott kegyelmek gy\u00fcm\u00f6lcs\u00f6t teremnek, ha azokat m\u00e1sokhoz is \u00e9rezhet\u0151en eljuttatj\u00e1k.<\/p>\n<p style=\"text-align: right;\"><strong><em>Sz\u00f6veg: B\u00edr\u00f3 Jol\u00e1n-Ilona<\/em><\/strong><\/p>\n<p style=\"text-align: right;\"><strong><em>Fot\u00f3: B\u00edr\u00f3 L\u00e1szl\u00f3-\u00c1ron<\/em><\/strong><\/p>\n","protected":false},"excerpt":{"rendered":"A Kolozsv\u00e1ri Magyar Napok egyik f\u0151 programjak\u00e9nt szerepel m\u00e1r \u00e9vek \u00f3ta a D\u00f3n\u00e1t-\u00fati Szent Istv\u00e1n templom b\u00facs\u00faja. Az id\u00e9n is&#8230;","protected":false},"author":2,"featured_media":31575,"comment_status":"closed","ping_status":"closed","sticky":false,"template":"","format":"standard","meta":{"footnotes":""},"categories":[8],"tags":[],"class_list":["post-31574","post","type-post","status-publish","format-standard","has-post-thumbnail","hentry","category-lelki-gyongyok"],"_links":{"self":[{"href":"https:\/\/imalanc.ro\/w\/wp-json\/wp\/v2\/posts\/31574","targetHints":{"allow":["GET"]}}],"collection":[{"href":"https:\/\/imalanc.ro\/w\/wp-json\/wp\/v2\/posts"}],"about":[{"href":"https:\/\/imalanc.ro\/w\/wp-json\/wp\/v2\/types\/post"}],"author":[{"embeddable":true,"href":"https:\/\/imalanc.ro\/w\/wp-json\/wp\/v2\/users\/2"}],"replies":[{"embeddable":true,"href":"https:\/\/imalanc.ro\/w\/wp-json\/wp\/v2\/comments?post=31574"}],"version-history":[{"count":3,"href":"https:\/\/imalanc.ro\/w\/wp-json\/wp\/v2\/posts\/31574\/revisions"}],"predecessor-version":[{"id":31596,"href":"https:\/\/imalanc.ro\/w\/wp-json\/wp\/v2\/posts\/31574\/revisions\/31596"}],"wp:featuredmedia":[{"embeddable":true,"href":"https:\/\/imalanc.ro\/w\/wp-json\/wp\/v2\/media\/31575"}],"wp:attachment":[{"href":"https:\/\/imalanc.ro\/w\/wp-json\/wp\/v2\/media?parent=31574"}],"wp:term":[{"taxonomy":"category","embeddable":true,"href":"https:\/\/imalanc.ro\/w\/wp-json\/wp\/v2\/categories?post=31574"},{"taxonomy":"post_tag","embeddable":true,"href":"https:\/\/imalanc.ro\/w\/wp-json\/wp\/v2\/tags?post=31574"}],"curies":[{"name":"wp","href":"https:\/\/api.w.org\/{rel}","templated":true}]}}