{"id":31548,"date":"2024-12-26T16:08:08","date_gmt":"2024-12-26T15:08:08","guid":{"rendered":"https:\/\/imalanc.ro\/w\/?p=31548"},"modified":"2024-12-30T11:41:09","modified_gmt":"2024-12-30T10:41:09","slug":"miattam-mindenki-gyulolni-fog-titeket","status":"publish","type":"post","link":"https:\/\/imalanc.ro\/w\/miattam-mindenki-gyulolni-fog-titeket\/","title":{"rendered":"Miattam mindenki gy\u0171l\u00f6lni fog titeket"},"content":{"rendered":"<p><em>Abban az id\u0151ben J\u00e9zus \u00edgy sz\u00f3lt tan\u00edtv\u00e1nyaihoz: <\/em><!--more--><a href=\"https:\/\/imalanc.ro\/w\/wp-content\/uploads\/A-harom-kiralyok-latogatasa-Brasso-belvaros.jpg\"><img loading=\"lazy\" decoding=\"async\" class=\"aligncenter wp-image-5897 size-full\" src=\"https:\/\/imalanc.ro\/w\/wp-content\/uploads\/A-harom-kiralyok-latogatasa-Brasso-belvaros.jpg\" alt=\"Legyetek \u00f3vatosak az emberekkel szemben, mert b\u00edr\u00f3s\u00e1g el\u00e9 \u00e1ll\u00edtanak, zsinag\u00f3g\u00e1ikban pedig megostoroznak benneteket. Miattam helytart\u00f3k \u00e9s kir\u00e1lyok el\u00e9 hurcolnak, hogy tan\u00fas\u00e1got tegyetek el\u0151tt\u00fck \u00e9s a pog\u00e1nyok el\u0151tt.\" width=\"580\" height=\"285\" srcset=\"https:\/\/imalanc.ro\/w\/wp-content\/uploads\/A-harom-kiralyok-latogatasa-Brasso-belvaros.jpg 580w, https:\/\/imalanc.ro\/w\/wp-content\/uploads\/A-harom-kiralyok-latogatasa-Brasso-belvaros-300x147.jpg 300w\" sizes=\"auto, (max-width: 580px) 100vw, 580px\" \/><\/a><\/p>\n<p><em>Legyetek \u00f3vatosak az emberekkel szemben, mert b\u00edr\u00f3s\u00e1g el\u00e9 \u00e1ll\u00edtanak, zsinag\u00f3g\u00e1ikban pedig megostoroznak benneteket. Miattam helytart\u00f3k \u00e9s kir\u00e1lyok el\u00e9 hurcolnak, hogy tan\u00fas\u00e1got tegyetek el\u0151tt\u00fck \u00e9s a pog\u00e1nyok el\u0151tt. <\/em><\/p>\n<p><em>Amikor \u00e1tadnak benneteket a b\u00edr\u00f3s\u00e1gnak, ne t\u00f6prengjetek, hogyan \u00e9s mit mondjatok. Abban az \u00f3r\u00e1ban megadatik majd nektek, hogy hogyan besz\u00e9ljetek. Hiszen nem ti fogtok besz\u00e9lni, hanem Aty\u00e1tok Lelke sz\u00f3l majd bel\u0151letek. <\/em><\/p>\n<p><em>Hal\u00e1lra adja akkor a testv\u00e9r a testv\u00e9r\u00e9t, az apa a gyermek\u00e9t, a gyermekek pedig sz\u00fcleik ellen t\u00e1madnak, hogy veszt\u00fcket okozz\u00e1k. <\/em><\/p>\n<p style=\"text-align: left;\"><em>Miattam mindenki gy\u0171l\u00f6lni fog titeket. De aki \u00e1llhatatos marad mindv\u00e9gig, az \u00fcdv\u00f6z\u00fcl.<\/em><\/p>\n<p style=\"text-align: center;\"><strong><em>M\u00e1t\u00e9 Evang\u00e9liuma 10,17-22<\/em><\/strong><\/p>\n","protected":false},"excerpt":{"rendered":"Abban az id\u0151ben J\u00e9zus \u00edgy sz\u00f3lt tan\u00edtv\u00e1nyaihoz:","protected":false},"author":2,"featured_media":12653,"comment_status":"closed","ping_status":"closed","sticky":false,"template":"","format":"standard","meta":{"footnotes":""},"categories":[6],"tags":[],"class_list":["post-31548","post","type-post","status-publish","format-standard","has-post-thumbnail","hentry","category-igehirdetesek"],"_links":{"self":[{"href":"https:\/\/imalanc.ro\/w\/wp-json\/wp\/v2\/posts\/31548","targetHints":{"allow":["GET"]}}],"collection":[{"href":"https:\/\/imalanc.ro\/w\/wp-json\/wp\/v2\/posts"}],"about":[{"href":"https:\/\/imalanc.ro\/w\/wp-json\/wp\/v2\/types\/post"}],"author":[{"embeddable":true,"href":"https:\/\/imalanc.ro\/w\/wp-json\/wp\/v2\/users\/2"}],"replies":[{"embeddable":true,"href":"https:\/\/imalanc.ro\/w\/wp-json\/wp\/v2\/comments?post=31548"}],"version-history":[{"count":2,"href":"https:\/\/imalanc.ro\/w\/wp-json\/wp\/v2\/posts\/31548\/revisions"}],"predecessor-version":[{"id":31559,"href":"https:\/\/imalanc.ro\/w\/wp-json\/wp\/v2\/posts\/31548\/revisions\/31559"}],"wp:featuredmedia":[{"embeddable":true,"href":"https:\/\/imalanc.ro\/w\/wp-json\/wp\/v2\/media\/12653"}],"wp:attachment":[{"href":"https:\/\/imalanc.ro\/w\/wp-json\/wp\/v2\/media?parent=31548"}],"wp:term":[{"taxonomy":"category","embeddable":true,"href":"https:\/\/imalanc.ro\/w\/wp-json\/wp\/v2\/categories?post=31548"},{"taxonomy":"post_tag","embeddable":true,"href":"https:\/\/imalanc.ro\/w\/wp-json\/wp\/v2\/tags?post=31548"}],"curies":[{"name":"wp","href":"https:\/\/api.w.org\/{rel}","templated":true}]}}