{"id":31341,"date":"2024-10-17T05:55:06","date_gmt":"2024-10-17T03:55:06","guid":{"rendered":"https:\/\/imalanc.ro\/w\/?p=31341"},"modified":"2024-11-06T10:54:28","modified_gmt":"2024-11-06T09:54:28","slug":"profetakat-es-apostolokat-kuldok-hozzajuk","status":"publish","type":"post","link":"https:\/\/imalanc.ro\/w\/profetakat-es-apostolokat-kuldok-hozzajuk\/","title":{"rendered":"Pr\u00f3f\u00e9t\u00e1kat \u00e9s apostolokat k\u00fcld\u00f6k hozz\u00e1juk"},"content":{"rendered":"<p><em>J\u00e9zus egy lakom\u00e1n \u00edgy korholta a farizeusokat:<\/em><br \/>\n<!--more--><a href=\"https:\/\/imalanc.ro\/w\/wp-content\/uploads\/A-Jordan-vize.jpg\"><img loading=\"lazy\" decoding=\"async\" class=\"aligncenter wp-image-6416 size-full\" src=\"https:\/\/imalanc.ro\/w\/wp-content\/uploads\/A-Jordan-vize.jpg\" alt=\"Az \u00faj nemzed\u00e9k sem jobb a r\u00e9gin\u00e9l, mert csak l\u00e1tsz\u00f3lag tiszteli az \u0151s\u00f6ket \u00e9s a pr\u00f3f\u00e9t\u00e1kat, de \u00e9letvitel\u00e9ben m\u00e1s ir\u00e1nyelvek mezsgy\u00e9j\u00e9n \u00e9l.\" width=\"580\" height=\"256\" srcset=\"https:\/\/imalanc.ro\/w\/wp-content\/uploads\/A-Jordan-vize.jpg 580w, https:\/\/imalanc.ro\/w\/wp-content\/uploads\/A-Jordan-vize-300x132.jpg 300w\" sizes=\"auto, (max-width: 580px) 100vw, 580px\" \/><\/a><\/p>\n<p><em>\u201eJaj, nektek, akik s\u00edreml\u00e9ket \u00e9p\u00edtetek azoknak a pr\u00f3f\u00e9t\u00e1knak, akiket a ti aty\u00e1itok meg\u00f6ltek! Ezzel is csak azt igazolj\u00e1tok, hogy helyeslitek aty\u00e1itok cselekedeteit, \u00e9s egyet\u00e9rtetek vel\u00fck: azok meg\u00f6lt\u00e9k \u0151ket, ti meg s\u00edrt k\u00e9sz\u00edtetek nekik.<\/em><\/p>\n<p><em>Nem hi\u00e1ba mondja Isten b\u00f6lcsess\u00e9ge: Pr\u00f3f\u00e9t\u00e1kat \u00e9s apostolokat k\u00fcld\u00f6k hozz\u00e1juk. N\u00e9melyeket k\u00f6z\u00fcl\u00fck meg\u00f6lnek, m\u00e1sokat \u00fcld\u00f6zni fognak.<\/em><\/p>\n<p><em>E nemzed\u00e9knek sz\u00e1mot kell adnia minden pr\u00f3f\u00e9ta v\u00e9r\u00e9r\u0151l, amelyet kiontottak a vil\u00e1g kezdet\u00e9t\u0151l, \u00c1bel v\u00e9r\u00e9t\u0151l eg\u00e9szen Zakari\u00e1s v\u00e9r\u00e9ig, akit az olt\u00e1r \u00e9s a templom\u00e9p\u00fclet k\u00f6z\u00f6tt meg\u00f6ltek. Igenis, mondom nektek: felel\u0151ss\u00e9gre vonj\u00e1k mindez\u00e9rt ezt a nemzed\u00e9ket.<\/em><\/p>\n<p><em>Jaj, nektek, t\u00f6rv\u00e9nytud\u00f3k! Lefoglalt\u00e1tok a tud\u00e1s kulcs\u00e1t. Magatok nem mentetek be vele, az odaigyekv\u0151ket pedig megakad\u00e1lyozz\u00e1tok.\u201d<\/em><br \/>\n<em>Amikor ezeket elmondta nekik, az \u00edr\u00e1stud\u00f3k \u00e9s a farizeusok nagy felh\u00e1borod\u00e1sukban k\u00fcl\u00f6nf\u00e9le k\u00e9rd\u00e9sekkel kezdt\u00e9k faggatni. Azon fondorkodtak, hogy rajtakapj\u00e1k valami olyan kijelent\u00e9s\u00e9n, amellyel v\u00e1dolhatj\u00e1k.<\/em><\/p>\n<p style=\"text-align: center;\"><strong><em>Luk\u00e1cs Evang\u00e9liuma 11, 47-54<\/em><\/strong><\/p>\n<p>J\u00e9zus r\u00e1mutat arra a farizeusi \u00e9s \u00edr\u00e1stud\u00f3i k\u00e9pmutat\u00e1sra, amely a h\u0151s\u00f6ket haszn\u00e1lta fel arra, hogy mag\u00e1nak el\u0151ny\u00f6ket szerezhessen. Ez a politikai fog\u00e1s nem vet j\u00f3 f\u00e9nyt szem\u00e9ly\u00fckre, mert nem az \u00e9l\u0151 pr\u00f3f\u00e9t\u00e1kra, \u00e9s Isten v\u00e9gs\u0151 kinyilatkoztat\u00e1s\u00e1ra hallgatnak, hanem ink\u00e1bb saj\u00e1t terveiket biztos\u00edtott\u00e1k be.<\/p>\n<p>Az \u00faj nemzed\u00e9k sem jobb a r\u00e9gin\u00e9l, mert csak l\u00e1tsz\u00f3lag tiszteli az \u0151s\u00f6ket \u00e9s a pr\u00f3f\u00e9t\u00e1kat, de \u00e9letvitel\u00e9ben m\u00e1s ir\u00e1nyelvek mezsgy\u00e9j\u00e9n \u00e9l.<\/p>\n<p>Ez a meghasonl\u00e1s vezetett oda, hogy am\u00edg elismert\u00e9k a pr\u00f3f\u00e9t\u00e1k \u00e9rdemeit, tan\u00edt\u00e1s\u00e1t, addig semmit sem v\u00e1ltoztattak a magatart\u00e1sukon, \u00edgy csak saj\u00e1t felmen\u0151ik p\u00e9ld\u00e1j\u00e1t k\u00f6vett\u00e9k. Az \u00edr\u00e1stud\u00f3k pedig olyan tud\u00e1s birtok\u00e1ban vannak, amely seg\u00edthetn\u00e9 az emberek k\u00f6zelebb ker\u00fcl\u00e9s\u00e9t Istenhez, de csak saj\u00e1t \u00fcdv\u00f6ss\u00e9g\u00fckkel bajl\u00f3dnak.<\/p>\n<p>Ezek ut\u00e1n pr\u00f3b\u00e1ra akart\u00e1k tenni, de nem siker\u00fclt nekik. J\u00e9zus j\u00f3l \u00e9rz\u00e9kelte, hogy az az int\u00e9zm\u00e9ny, amely az emberek \u00e9let\u00e9nek jav\u00edt\u00e1s\u00e1n kellett volna f\u00e1radozzon, pr\u00f3b\u00e1lkoz\u00e1s\u00e1ban elbukott.<\/p>\n<p style=\"text-align: right;\"><strong><em>Ft. R\u00e1duly Istv\u00e1n Zsolt, Torda<\/em><\/strong><\/p>\n","protected":false},"excerpt":{"rendered":"J\u00e9zus egy lakom\u00e1n \u00edgy korholta a farizeusokat:","protected":false},"author":2,"featured_media":30451,"comment_status":"closed","ping_status":"closed","sticky":false,"template":"","format":"standard","meta":{"footnotes":""},"categories":[6],"tags":[],"class_list":["post-31341","post","type-post","status-publish","format-standard","has-post-thumbnail","hentry","category-igehirdetesek"],"_links":{"self":[{"href":"https:\/\/imalanc.ro\/w\/wp-json\/wp\/v2\/posts\/31341","targetHints":{"allow":["GET"]}}],"collection":[{"href":"https:\/\/imalanc.ro\/w\/wp-json\/wp\/v2\/posts"}],"about":[{"href":"https:\/\/imalanc.ro\/w\/wp-json\/wp\/v2\/types\/post"}],"author":[{"embeddable":true,"href":"https:\/\/imalanc.ro\/w\/wp-json\/wp\/v2\/users\/2"}],"replies":[{"embeddable":true,"href":"https:\/\/imalanc.ro\/w\/wp-json\/wp\/v2\/comments?post=31341"}],"version-history":[{"count":1,"href":"https:\/\/imalanc.ro\/w\/wp-json\/wp\/v2\/posts\/31341\/revisions"}],"predecessor-version":[{"id":31342,"href":"https:\/\/imalanc.ro\/w\/wp-json\/wp\/v2\/posts\/31341\/revisions\/31342"}],"wp:featuredmedia":[{"embeddable":true,"href":"https:\/\/imalanc.ro\/w\/wp-json\/wp\/v2\/media\/30451"}],"wp:attachment":[{"href":"https:\/\/imalanc.ro\/w\/wp-json\/wp\/v2\/media?parent=31341"}],"wp:term":[{"taxonomy":"category","embeddable":true,"href":"https:\/\/imalanc.ro\/w\/wp-json\/wp\/v2\/categories?post=31341"},{"taxonomy":"post_tag","embeddable":true,"href":"https:\/\/imalanc.ro\/w\/wp-json\/wp\/v2\/tags?post=31341"}],"curies":[{"name":"wp","href":"https:\/\/api.w.org\/{rel}","templated":true}]}}