{"id":31177,"date":"2024-08-11T06:30:51","date_gmt":"2024-08-11T04:30:51","guid":{"rendered":"https:\/\/imalanc.ro\/w\/?p=31177"},"modified":"2024-09-04T16:36:35","modified_gmt":"2024-09-04T14:36:35","slug":"1uton-a-gyermek-szulo-szeretetkapcsolatert-a-kolozs-dobokai-keruletben","status":"publish","type":"post","link":"https:\/\/imalanc.ro\/w\/1uton-a-gyermek-szulo-szeretetkapcsolatert-a-kolozs-dobokai-keruletben\/","title":{"rendered":"1\u00daton a gyermek-sz\u00fcl\u0151 szeretetkapcsolat\u00e9rt a kolozs-dobokai ker\u00fcletben"},"content":{"rendered":"<p>Az id\u00e9n imm\u00e1r a 11-ik alkalommal rendezik meg Nagyboldogasszony \u00fcnnep\u00e9nek t\u00e1j\u00e9k\u00e1n az 1\u00daton Nemzetk\u00f6zi Zar\u00e1ndoknapot Erd\u00e9ly sz\u00e1mos helys\u00e9g\u00e9ben, mely egy adott c\u00e9l\u00e9rt im\u00e1dkozik \u00e9s tesz l\u00e9p\u00e9seket a M\u00e1ria-\u00daton.<!--more--><a href=\"https:\/\/imalanc.ro\/w\/wp-content\/uploads\/1Uton-Kolozsrol-Keresztut.jpg\"><img loading=\"lazy\" decoding=\"async\" class=\"aligncenter wp-image-31178 size-full\" src=\"https:\/\/imalanc.ro\/w\/wp-content\/uploads\/1Uton-Kolozsrol-Keresztut.jpg\" alt=\"Kolozs-Kolozsv\u00e1r szakasz \u2013 a kereszt\u00fat egyik \u00e1llom\u00e1sa\" width=\"580\" height=\"384\" srcset=\"https:\/\/imalanc.ro\/w\/wp-content\/uploads\/1Uton-Kolozsrol-Keresztut.jpg 580w, https:\/\/imalanc.ro\/w\/wp-content\/uploads\/1Uton-Kolozsrol-Keresztut-300x199.jpg 300w\" sizes=\"auto, (max-width: 580px) 100vw, 580px\" \/><\/a><\/p>\n<p>A Kolozs-dobokai ker\u00fcletben augusztus 11-\u00e9n, vas\u00e1rnap ker\u00fclt r\u00e1 sor. A zar\u00e1ndoklat az \u00e9vek sor\u00e1n a szellemi kultur\u00e1lis \u00f6r\u00f6ks\u00e9g nemzeti jegyz\u00e9k\u00e9be is felker\u00fclt. Saj\u00e1tos m\u00f3don Kolozsv\u00e1r \u00e9s k\u00f6rny\u00e9ke sz\u00e1m\u00e1ra is minden pl\u00e9b\u00e1nia templomt\u00f3l indultak zar\u00e1ndokcsoportok a pl\u00e9b\u00e1nosok hirdet\u00e9sei \u00e9s szervez\u00e9se alapj\u00e1n, hogy egy\u00fctt im\u00e1dkozhassanak a zar\u00e1ndok\u00faton a sz\u00fcl\u0151-gyermek szeretet meg\u00fajul\u00e1s\u00e1\u00e9rt. A zar\u00e1ndoknap a Piarista templomban lev\u0151 K\u00f6nnyez\u0151 Sz\u0171z M\u00e1ria kegyk\u00e9p el\u0151tt a z\u00e1r\u00f3 szentmis\u00e9ben cs\u00facsosodott ki. Sz\u0171z M\u00e1ria mindny\u00e1junk \u00e9gi \u00e9desanyja. Sokan foh\u00e1szkodunk hozz\u00e1 egy\u00e9nileg, k\u00e9rve az \u0151 \u00e9gi p\u00e1rtfog\u00e1s\u00e1t \u00e9s ir\u00e1ny\u00edt\u00e1s\u00e1t.<!--more--><a href=\"https:\/\/imalanc.ro\/w\/wp-content\/uploads\/Kolozsi-temeto-keresztut-allomasa-felolvasas.jpg\"><img loading=\"lazy\" decoding=\"async\" class=\"aligncenter wp-image-31180 size-full\" src=\"https:\/\/imalanc.ro\/w\/wp-content\/uploads\/Kolozsi-temeto-keresztut-allomasa-felolvasas.jpg\" alt=\"A kolozsi temet\u0151ben \u2013 Az 1\u00daton z\u00e1szlaja \u2013 L\u00e1tk\u00e9pek Kolozs hat\u00e1r\u00e1ban \u2013 A karai vas\u00f3ti soromp\u00f3 \u00e9s helys\u00e9gn\u00e9vt\u00e1bla \u2013 Felolvas\u00e1s az egyik kereszt\u00fati \u00e1llom\u00e1sn\u00e1l\" width=\"580\" height=\"390\" srcset=\"https:\/\/imalanc.ro\/w\/wp-content\/uploads\/Kolozsi-temeto-keresztut-allomasa-felolvasas.jpg 580w, https:\/\/imalanc.ro\/w\/wp-content\/uploads\/Kolozsi-temeto-keresztut-allomasa-felolvasas-300x202.jpg 300w\" sizes=\"auto, (max-width: 580px) 100vw, 580px\" \/><\/a><\/p>\n<p>A zar\u00e1ndoknapot m\u00e1s t\u00e9rs\u00e9gekben Erd\u00e9ly m\u00e1s ter\u00fcletein m\u00e1s napokra tervezvezt\u00e9k. A Gyulafeh\u00e9rv\u00e1ri Egyh\u00e1zmegy\u00e9ben lelki \u00fatraval\u00f3k\u00e9nt az egys\u00e9gesen kiv\u00e1lasztott csal\u00e1di kereszt\u00fat v\u00e9gz\u00e9s\u00e9t aj\u00e1nlott\u00e1k, valamint szorgalmazt\u00e1k a sz\u00fcl\u0151k \u00e1ltal a gyermeik meg\u00e1ld\u00e1s\u00e1t, a gyermekekn\u00e9l pedig a sz\u00fcl\u0151k\u00e9rt mondott im\u00e1t valamint a csal\u00e1dok meg\u00e1ld\u00e1s\u00e1t. A meg\u00fajul\u00e1s\u00e9rt is im\u00e1dkozhattunk. Aki b\u00edrta gyalogszerrel indulhatott pl\u00e9b\u00e1niatemplom\u00e1t\u00f3l, aki nem, az k\u00f6zsz\u00e1ll\u00edt\u00e1si eszk\u00f6zzel, szem\u00e9lyg\u00e9pkocsival \u00e9rkezhetett be a zar\u00e1ndokmis\u00e9re.<!--more--><a href=\"https:\/\/imalanc.ro\/w\/wp-content\/uploads\/Zarandokok-a-piarista-templomban.jpg\"><img loading=\"lazy\" decoding=\"async\" class=\"aligncenter wp-image-31181 size-full\" src=\"https:\/\/imalanc.ro\/w\/wp-content\/uploads\/Zarandokok-a-piarista-templomban.jpg\" alt=\"Gy\u0171lnek a zar\u00e1ndokok a piarista templomban. R\u00f3zsaf\u00fcz\u00e9rt im\u00e1dkoznak a szentmise el\u0151tt.\" width=\"580\" height=\"663\" srcset=\"https:\/\/imalanc.ro\/w\/wp-content\/uploads\/Zarandokok-a-piarista-templomban.jpg 580w, https:\/\/imalanc.ro\/w\/wp-content\/uploads\/Zarandokok-a-piarista-templomban-262x300.jpg 262w\" sizes=\"auto, (max-width: 580px) 100vw, 580px\" \/><\/a>A Piarista templom padjai megteltek, olyannyira, hogy m\u00e9g a mell\u00e9kolt\u00e1rok \u00fcl\u0151helyei sem panaszkodhattak a t\u00e9tlens\u00e9gre. Kicsi, nagy; \u00f6reg, fiatal; eg\u00e9szs\u00e9ges \u00e9s beteg; papok \u00e9s h\u00edv\u0151k; m\u00e1s vall\u00e1s\u00faak \u00e9s nem h\u00edv\u0151k indultak \u00fatra, hogy im\u00e1ds\u00e1gos lelk\u00fclettel, j\u00f3sz\u00e1nd\u00e9kkal gondoljanak az oly fontos gyermek-sz\u00fcl\u0151 szeretetkapcsolat meg\u00fajul\u00e1s\u00e1ra, M\u00e1ria seg\u00edts\u00e9g\u00e9t k\u00e9rve. Kinek-kinek eg\u00e9szen saj\u00e1tos \u00fatvonala alakult ki: kinek hosszabb, kinek r\u00f6videbb, kinek forgalmas utakt\u00f3l t\u00e1vol, erd\u0151n, mez\u0151n, hegyen, dombon, s\u00edkvid\u00e9ken vagy \u00e9ppens\u00e9ggel forgalmas utak mellett, vagy ezeken, de l\u00e9lekben az ima \u00e1ltal Istennel \u00e9s egym\u00e1ssal \u00f6sszek\u00f6tve a zar\u00e1ndoklat k\u00f6z\u00f6s c\u00e9lj\u00e1ban. Sokakat \u00e9rintett meg a zar\u00e1ndoklat, de az\u00e9rt akadtak olyanok is akiknek sz\u00edv\u00e9t nehezen vagy ak\u00e1r egy\u00e1ltal\u00e1n nem mozgatta meg a szervez\u00e9s sor\u00e1n a zar\u00e1ndoklat h\u00edre. \u0150\u00e9rt\u00fck \u00e9s helyett\u00fck is im\u00e1dkoztunk, Isten \u00e1ld\u00e1s\u00e1t \u00e9s Sz\u0171z M\u00e1ria \u00e9gi p\u00e1rtfog\u00e1s\u00e1t k\u00e9rve r\u00e1juk. J\u00f6v\u0151re \u0151ket is v\u00e1rjuk.<br \/>\nMivel mindenki Isten gyermeke az idei zar\u00e1ndoklat mindenkire vonatkozott, mert \u00edgy minden ember gyermek-sz\u00fcl\u0151 kapcsolatban van.<!--more--><a href=\"https:\/\/imalanc.ro\/w\/wp-content\/uploads\/A-kereszt-toveben-Kara.jpg\"><img loading=\"lazy\" decoding=\"async\" class=\"aligncenter wp-image-31182 size-full\" src=\"https:\/\/imalanc.ro\/w\/wp-content\/uploads\/A-kereszt-toveben-Kara.jpg\" alt=\"Fesz\u00fclet \u2013 A karai reform\u00e1tus templom\" width=\"580\" height=\"564\" srcset=\"https:\/\/imalanc.ro\/w\/wp-content\/uploads\/A-kereszt-toveben-Kara.jpg 580w, https:\/\/imalanc.ro\/w\/wp-content\/uploads\/A-kereszt-toveben-Kara-300x292.jpg 300w\" sizes=\"auto, (max-width: 580px) 100vw, 580px\" \/><\/a><strong>Kolozs-Kolozsv\u00e1r szakasz<\/strong><\/p>\n<p>Kolozsr\u00f3l az indul\u00e1st 7:30-kor tervezt\u00fck. A r\u00f3mai katolikus, J\u00e9zus Szents\u00e9ges Sz\u00edve tisztelet\u00e9re felszentelt templomban \u00f6sszegy\u0171lt kicsi csapat a Lorett\u00f3i lit\u00e1ni\u00e1val ind\u00edtotta a napot, k\u00e9rve M\u00e1ri\u00e1t, hogy oltalmazza l\u00e9pteinket, majd a gyermek-sz\u00fcl\u0151 szeretetkapcsolat\u00e1nak meg\u00fajul\u00e1s\u00e1\u00e9rt foh\u00e1szkodtunk. Egy\u00fctt k\u00e9rt\u00fck a v\u00e1lasszokban Istent, hogy ,,K\u00eds\u00e9rje kegyesen utunkat.\u201d<!--more--><a href=\"https:\/\/imalanc.ro\/w\/wp-content\/uploads\/Kolozs-Kara.jpg\"><img loading=\"lazy\" decoding=\"async\" class=\"aligncenter wp-image-31179 size-full\" src=\"https:\/\/imalanc.ro\/w\/wp-content\/uploads\/Kolozs-Kara.jpg\" alt=\"A kolozsi r\u00f3mai katolikus templom el\u0151tt \u2013 A kolozsi reform\u00e1tus templomba menve \u2013 karai reform\u00e1tus templom \u2013 kolozsi unit\u00e1rius templom\" width=\"580\" height=\"542\" srcset=\"https:\/\/imalanc.ro\/w\/wp-content\/uploads\/Kolozs-Kara.jpg 580w, https:\/\/imalanc.ro\/w\/wp-content\/uploads\/Kolozs-Kara-300x280.jpg 300w\" sizes=\"auto, (max-width: 580px) 100vw, 580px\" \/><\/a> Sz\u0151cs B\u00e9la, kolozsi pl\u00e9b\u00e1nos \u00e1ltal k\u00f6zvet\u00edtett \u00e1ld\u00e1ssal indultunk a reggeli kellemes naps\u00fct\u00e9sben. A reform\u00e1tus templom nyitott ajtaj\u00e1nak \u00e9s Sik\u00f3 Piroska tiszteletesasszony sz\u00edves vend\u00e9gl\u00e1t\u00e1s\u00e1nak \u00f6rvendhett\u00fcnk. A napi ige felolvas\u00e1sa, majd az \u00fajabb \u00e1ld\u00e1s ut\u00e1n az unit\u00e1rius templom fel\u00e9 vett\u00fck az ir\u00e1nyt. A nyitott templomajt\u00f3 itt is szinte becsalogatott mindny\u00e1junkat a szent t\u00e9rbe. Gyer\u0151 D\u00e1vid tiszteletes Isten \u00e1ldj\u00e1val fogadott \u00e9s ind\u00edtott zar\u00e1ndokutunkra. Mindh\u00e1rom t\u00f6rt\u00e9nelmi egyh\u00e1z \u00f6kumenikuss\u00e1 v\u00e1lt \u00e1ld\u00e1s\u00e1val, Isten \u00e9s a helyb\u00e9liek szeretet\u00e9ben m\u00e9gis \u00f6szeforrott, egym\u00e1sra is odafigyel\u0151 \u00e9s mindenek ellen\u00e9re a b\u00e9kess\u00e9get is keres\u0151 falura visszapillantva m\u00e9g egy kis helyt\u00f6rt\u00e9neti ismerettel feltariszny\u00e1zva b\u00facs\u00faztunk a telep\u00fcl\u00e9s lakott r\u00e9sz\u00e9t\u0151l. Utols\u00f3 mozzanatk\u00e9nt m\u00e9g im\u00e1dkoztunk a II. Vil\u00e1gh\u00e1bor\u00faban elhunytak eml\u00e9k\u00e9re \u00e1ll\u00edtott h\u0151s\u00f6k s\u00edrjai mellett a temet\u0151 mindk\u00e9t hely\u00e9n.<\/p>\n<p>Dimbes-dombos t\u00e1j, illatoz\u00f3 sz\u00ednes vir\u00e1gokkal, z\u00f6ldes-s\u00e1rg\u00e1s hol eleven, hol nap \u00e9gette, sz\u00e1rad\u00f3 f\u0171vel bor\u00edtott ter\u00fclet k\u00e9pe t\u00e1rult el\u00e9nk. A hat\u00e1rban megkezdt\u00fck a csal\u00e1dos keresztutat. Az \u00faton ah\u00e1ny fesz\u00fclettel tal\u00e1lkoztunk annyiszor pihent\u00fcnk meg egy-egy \u00e1llom\u00e1snyira, s elgondolkoztunk J\u00e9zus \u00e9rt\u00fcnk v\u00e1llalt \u00e1ldozat\u00e1n, s p\u00e9ld\u00e1j\u00e1n \u00e9p\u00fclve igyekezt\u00fcnk egyre teljesebb\u00e9 tenni, gy\u00f3gy\u00edtani, \u00e1polni gyermek-sz\u00fcl\u0151 kapcsolatainkat. Megtanultuk, hogy j\u00f3 az, ha a szeretet f\u00e9lt\u0151, gondoskod\u00f3, m\u00e1sikkal t\u00f6r\u0151d\u0151 irgalmass\u00e1gra t\u00f6reksz\u00fcnk kapcsolatainkban. Arra figyel\u00fcnk, ami felemel, ami t\u00fcrelmet ad, ami al\u00e1zatoss\u00e1gra sarkall. Ebben Isten seg\u00edts\u00e9g\u00e9t k\u00e9rhetj\u00fck, mert vele ez is siker\u00fcl. \u0150, ha kereszteket ad \u00e9let\u00fcnk sor\u00e1n, akkor seg\u00edts\u00e9g\u00e9t is ny\u00fajtja. \u00cdgy v\u00e1lik az elfogadott kereszt az \u00fcdv\u00f6ss\u00e9g\u00fcnk \u00fatj\u00e1v\u00e1. Ezt nem egyed\u00fcl kell hordozzuk, hanem m\u00e1sokkal k\u00f6z\u00f6sen, sokszor a megbocs\u00e1t\u00f3 szeretetet gyakorolva, benne megtisztulva. A kereszt\u00e9ny ember gyermek-sz\u00fcl\u0151 kapcsolat\u00e1ban nagyon fontos helyet foglal el a hit tov\u00e1bbad\u00e1sa. Minden kereszt\u00e9ny sz\u00fcl\u0151nek k\u00f6teless\u00e9ge t\u00f6r\u0151dni gyermekei lelk\u00e9vel, hogy \u0151k is az \u00fcdv\u00f6ss\u00e9g fel\u00e9 haladhassanak. Ez\u00e9rt a csal\u00e1dban sz\u00e1njunk id\u0151t egym\u00e1sra, b\u00e1rmennyi k\u00f6telez\u0151 vagy k\u00f6telez\u0151nek v\u00e9lt feladatunk is van. J\u00f3, ha szeretet\u00fcnk az \u00e9let minden ter\u00fclet\u00e9re kiterjed, de nem \u00f6nz\u0151 m\u00f3don, viszontszeretetet v\u00e1rva helyette cser\u00e9be. J\u00e1rjunk nyitott sz\u00edvvel, hogy meg\u00e9rezhess\u00fck a m\u00e1siknak mikor mire van sz\u00fcks\u00e9ge. Keresztutunk egyik \u00e1llom\u00e1s\u00e1t a fel\u00faj\u00edtott karai reform\u00e1tus templomban v\u00e9gezt\u00fck. A falub\u00f3l ki\u00e9rkezve v\u00e9gtelen s\u00e1rga napraforg\u00f3- \u00e9s lefordult kukoricacs\u00f6v\u0171 kukoricaf\u00f6ldek fogadtak a t\u0171z\u0151 naps\u00fct\u00e9sben. Sz\u00e1raz, poros \u00fat h\u00faz\u00f3dott k\u00f6z\u00f6tt\u00fck. Dezmir k\u00f6vetkezett t\u00f6bnyire k\u00e9k sz\u00ednben pomp\u00e1z\u00f3, rendezett h\u00e1zaival, friss vizet ad\u00f3 kedves lak\u00f3ival. A falu sz\u00e9l\u00e9n el\u0151bb a kicsi motorn\u00e9lk\u00fcli, majd a nagy le \u00e9s felsz\u00e1ll\u00f3 szem\u00e9lysz\u00e1ll\u00edt\u00f3 rep\u00fcl\u0151g\u00e9pek jelentek meg. Az el\u00e9nk t\u00e1rul\u00f3 h\u00e1z \u00e9s t\u00f6mbh\u00e1zerd\u0151k a soha nem nyugv\u00f3 zajos v\u00e1rosunkat, Kolozsv\u00e1rt juttatt\u00e1k esz\u00fcnkbe.<!--more--><a href=\"https:\/\/imalanc.ro\/w\/wp-content\/uploads\/1Uton-Dezmir-fele.jpg\"><img loading=\"lazy\" decoding=\"async\" class=\"aligncenter wp-image-31183 size-full\" src=\"https:\/\/imalanc.ro\/w\/wp-content\/uploads\/1Uton-Dezmir-fele.jpg\" alt=\"Kereszt\u00fat egyik \u00e1llom\u00e1sa \u2013 v\u00e9gtelen kukoric\u00e1sok, napraforg\u00f3f\u00f6ldek \u2013 Pihen\u0151 \u2013 Dezmir hat\u00e1r\u00e1ban\" width=\"580\" height=\"318\" srcset=\"https:\/\/imalanc.ro\/w\/wp-content\/uploads\/1Uton-Dezmir-fele.jpg 580w, https:\/\/imalanc.ro\/w\/wp-content\/uploads\/1Uton-Dezmir-fele-300x164.jpg 300w\" sizes=\"auto, (max-width: 580px) 100vw, 580px\" \/><\/a><\/p>\n<p>A falu sz\u00e9l\u00e9n lev\u0151 keresztn\u00e9l a kereszt\u00fat \u00e1llom\u00e1sa azokra ir\u00e1ny\u00edtotta figyelm\u00fcnket, akik csal\u00e1dban \u00e9lnek ugyan, de \u00fagy \u00e9rzik, hogy vel\u00fck nem t\u00f6r\u0151dik senki. A megannyi k\u00f6nnyet nem sz\u00e9gyelni, hanem felv\u00e1llalni kell, mint olyan titkot, mely k\u00f6zelebb visz any\u00e1t, ap\u00e1t, gyermeket Istenhez, de egym\u00e1shoz is. Ebben nem az elgyeng\u00fcl\u00e9s az \u00e9rt\u00e9k, hanem mint J\u00e9zus eles\u00e9seiben is, az \u00fajra \u00e9s \u00fajra fel\u00e1ll\u00e1s, mely nem \u00f6nmag\u00e1t\u00f3l, hanem az Aty\u00e1ba val\u00f3 belekapaszkod\u00e1s hit\u00e9b\u0151l \u00e9s a bel\u00e9 vetett m\u00e9ly bizalomb\u00f3l, egym\u00e1s meger\u0151s\u00edt\u0151 szeretet\u00e9b\u0151l fakad. A szeretet hatalmas er\u0151. A csal\u00e1dban lev\u0151 szeretet forr\u00e1s, \u00e9rt\u00e9k, ha a csal\u00e1dtagok mer\u00edteni tudnak bel\u0151le. Legyen fontos a m\u00e1sik boldogg\u00e1tev\u00e9se, de ugyanakkor \u00f6nmagunk helyes \u00f6n\u00e9rt\u00e9kel\u00e9se, mert mindny\u00e1jan Isten szeretett, \u00e9rt\u00e9kes gyermekei vagyunk.<!--more--><a href=\"https:\/\/imalanc.ro\/w\/wp-content\/uploads\/Feszulet-Kolozsvar-szele.jpg\"><img loading=\"lazy\" decoding=\"async\" class=\"aligncenter wp-image-31184 size-full\" src=\"https:\/\/imalanc.ro\/w\/wp-content\/uploads\/Feszulet-Kolozsvar-szele.jpg\" alt=\"Fesz\u00fclet \u2013 Kolozsv\u00e1r sz\u00e9l\u00e9n \" width=\"580\" height=\"509\" srcset=\"https:\/\/imalanc.ro\/w\/wp-content\/uploads\/Feszulet-Kolozsvar-szele.jpg 580w, https:\/\/imalanc.ro\/w\/wp-content\/uploads\/Feszulet-Kolozsvar-szele-300x263.jpg 300w\" sizes=\"auto, (max-width: 580px) 100vw, 580px\" \/><\/a><\/p>\n<p>Olyan gyermekek vagyunk mindny\u00e1jan, kiknek megvan a saj\u00e1t keresztj\u00fck, melyet csal\u00e1dhoz, kereszt\u00e9ny k\u00f6z\u00f6ss\u00e9ghez tartozva felv\u00e1llalunk, akkor is ha h\u00e1tr\u00e1nyok sz\u00e1rmaznak bel\u0151le, akkor is ha a vil\u00e1g nem ismeri el, vagy ha m\u00e1sok nem ezt a vil\u00e1gn\u00e9zetet vallj\u00e1k, vagy ha megvet\u00e9s az oszt\u00e1lyr\u00e9sz\u00fcnk. Vegy\u00fcnk p\u00e9ld\u00e1t Krisztusr\u00f3l, mert \u0151 \u00e9ppen keresztje \u00e1ltal v\u00e1ltotta meg a vil\u00e1got.<!--more--><a href=\"https:\/\/imalanc.ro\/w\/wp-content\/uploads\/Kolozsvari-helysegnevtabla.jpg\"><img loading=\"lazy\" decoding=\"async\" class=\"alignnone wp-image-31185 size-full\" src=\"https:\/\/imalanc.ro\/w\/wp-content\/uploads\/Kolozsvari-helysegnevtabla.jpg\" alt=\"Kolozsv\u00e1r helys\u00e9gn\u00e9vt\u00e1bl\u00e1ja\" width=\"580\" height=\"187\" srcset=\"https:\/\/imalanc.ro\/w\/wp-content\/uploads\/Kolozsvari-helysegnevtabla.jpg 580w, https:\/\/imalanc.ro\/w\/wp-content\/uploads\/Kolozsvari-helysegnevtabla-300x97.jpg 300w\" sizes=\"auto, (max-width: 580px) 100vw, 580px\" \/><\/a> A XII. \u00e9s a XIII. \u00e1llom\u00e1st a szamosfalvi Szent Erzs\u00e9bet templomban a neki megfelel\u0151 st\u00e1ci\u00f3k el\u0151tt v\u00e9gezt\u00fck el. A h\u0171v\u00f6s templomban fel\u00fcd\u00fcl\u00e9st nyert\u00fcnk. A feny\u0151fa \u00e1rny\u00e9k\u00e1ban, a kiny\u00edlt musk\u00e1tlik t\u00e1rsas\u00e1g\u00e1ban, az ott hozz\u00e1nk t\u00e1rsul\u00f3kkal n\u00e9h\u00e1ny sz\u00f3t v\u00e1ltottunk egy-egy poh\u00e1r sz\u00f6rp mellett, majd tov\u00e1bb elm\u00e9lkedt\u00fcnk a kereszt\u00fat eddig elv\u00e9gzett \u00e1llom\u00e1sain, mert nek\u00fcnk nem a vil\u00e1got kell megv\u00e1ltanunk, hanem \u00f6nmagunkat kell legy\u0151zz\u00fck, hogy Isten szeretet\u00e9be helyezhess\u00fck \u00fajra magunkat.<!--more--><a href=\"https:\/\/imalanc.ro\/w\/wp-content\/uploads\/Szamosfalva-1Uton.jpg\"><img loading=\"lazy\" decoding=\"async\" class=\"aligncenter wp-image-31189 size-full\" src=\"https:\/\/imalanc.ro\/w\/wp-content\/uploads\/Szamosfalva-1Uton.jpg\" alt=\"Nem a vil\u00e1got kell megv\u00e1ltanunk, hanem \u00f6nmagunkat kell legy\u0151zz\u00fck, hogy Isten szeretet\u00e9be helyezhess\u00fck \u00fajra magunkat.\" width=\"580\" height=\"325\" srcset=\"https:\/\/imalanc.ro\/w\/wp-content\/uploads\/Szamosfalva-1Uton.jpg 580w, https:\/\/imalanc.ro\/w\/wp-content\/uploads\/Szamosfalva-1Uton-300x168.jpg 300w\" sizes=\"auto, (max-width: 580px) 100vw, 580px\" \/><\/a><\/p>\n<p>\u00c9rt\u00e9keinket felv\u00e1llalva m\u00e1sok\u00e9rt \u00e9lj\u00fcnk, haladva v\u00e9gs\u0151 c\u00e9lunk, az \u00fcdv\u00f6ss\u00e9g fel\u00e9. Ez nem elm\u00fal\u00e1st jelent m\u00e9g akkor sem, ha hal\u00e1llal z\u00e1rul e f\u00f6ldi \u00e9let, mert ut\u00e1na m\u00e1r J\u00e9zus megalapozta nek\u00fcnk az \u00f6r\u00f6k \u00e9let lehet\u0151s\u00e9g\u00e9t, a felt\u00e1mad\u00e1st az \u00f6r\u00f6k \u00e9letre. Krisztus felt\u00e1mad\u00e1sa diadalt aratott a hal\u00e1l felett. Sz\u00edv\u00fcnk, lelk\u00fcnk \u00f6r\u00f6k \u00e9letre v\u00e1gyik, mert hisz\u00fcnk Isten \u00edg\u00e9reteinek, melyeket J\u00e9zus \u00e1ltal adott h\u00edr\u00fcl nek\u00fcnk \u00e9s teljes\u00edtett be a megv\u00e1lt\u00e1s m\u0171ve \u00e1ltal. Engedelmess\u00e9g\u00e9vel \u00e9s v\u00e9gs\u0151kig val\u00f3 kitart\u00e1s\u00e1val nyerte ezt el sz\u00e1munkra. Erre tan\u00edt p\u00e9ld\u00e1ja \u00e1ltal benn\u00fcnket is.<!--more--><a href=\"https:\/\/imalanc.ro\/w\/wp-content\/uploads\/Szentpeteri-1Uton.jpg\"><img loading=\"lazy\" decoding=\"async\" class=\"aligncenter wp-image-31190 size-full\" src=\"https:\/\/imalanc.ro\/w\/wp-content\/uploads\/Szentpeteri-1Uton.jpg\" alt=\"K\u00e9rt\u00fck Istent, hogy tekintsen r\u00e1nk \u00e9s seg\u00edtsen utunkon.\" width=\"580\" height=\"325\" srcset=\"https:\/\/imalanc.ro\/w\/wp-content\/uploads\/Szentpeteri-1Uton.jpg 580w, https:\/\/imalanc.ro\/w\/wp-content\/uploads\/Szentpeteri-1Uton-300x168.jpg 300w\" sizes=\"auto, (max-width: 580px) 100vw, 580px\" \/><\/a>A Szentp\u00e9terihez \u00e9rve meleg fogadtat\u00e1sban volt r\u00e9sz\u00fcnk. Egy\u00fctt im\u00e1dkoztunk Ferencz Antal pl\u00e9b\u00e1nosunkkal \u00e9s k\u00e9rt\u00fck, hogy az \u00dar legyen irgalmas hozz\u00e1nk, ha netal\u00e1n e zar\u00e1ndoklat alatt gondolatainkkal, nyelv\u00fcnkkel v\u00e9tkezt\u00fcnk. K\u00e9rt\u00fck Istent, hogy tekintsen r\u00e1nk \u00e9s seg\u00edtsen utunkon. Szenteltv\u00edzzel meghintette az egyre nagyobb\u00e1 duzzad\u00f3 zar\u00e1ndokk\u00f6z\u00f6ss\u00e9g\u00fcnket. Testi-lelki \u00fatraval\u00f3val ell\u00e1tva \u00e9s r\u00f6vid besz\u00e9lget\u00e9s ut\u00e1n tov\u00e1bbengedte zar\u00e1ndokcsapatunkat a Piarista templom fel\u00e9.<!--more--><a href=\"https:\/\/imalanc.ro\/w\/wp-content\/uploads\/A-Szent-Mihaly-elott.jpg\"><img loading=\"lazy\" decoding=\"async\" class=\"aligncenter wp-image-31191 size-full\" src=\"https:\/\/imalanc.ro\/w\/wp-content\/uploads\/A-Szent-Mihaly-elott.jpg\" alt=\"keresztutunkat az Egyh\u00e1z\u00e9rt, egyh\u00e1zk\u00f6zs\u00e9geink\u00e9rt \u00e9s a kolozs-dobokai ker\u00fclet minden tagj\u00e1\u00e9rt. K\u00e9rt\u00fck az Urat, hogy k\u00f6ny\u00f6r\u00fclj\u00f6n rajtunk \u00e9s csal\u00e1djainkon!\" width=\"580\" height=\"669\" srcset=\"https:\/\/imalanc.ro\/w\/wp-content\/uploads\/A-Szent-Mihaly-elott.jpg 580w, https:\/\/imalanc.ro\/w\/wp-content\/uploads\/A-Szent-Mihaly-elott-260x300.jpg 260w\" sizes=\"auto, (max-width: 580px) 100vw, 580px\" \/><\/a>A XIV. \u00e9s a XV. \u00e1llom\u00e1st m\u00e1r a f\u0151t\u00e9ri Szent Mih\u00e1ly templom el\u0151tt v\u00e9gezt\u00fck el. Felaj\u00e1nlottuk eg\u00e9sz gyalogos zar\u00e1ndoklatunkat, keresztutunkat az Egyh\u00e1z\u00e9rt, egyh\u00e1zk\u00f6zs\u00e9geink\u00e9rt \u00e9s a kolozs-dobokai ker\u00fclet minden tagj\u00e1\u00e9rt. K\u00e9rt\u00fck az Urat, hogy k\u00f6ny\u00f6r\u00fclj\u00f6n rajtunk \u00e9s csal\u00e1djainkon!<\/p>\n<p>F\u00e1radtan, de m\u00e9gis boldogan \u00e9rt\u00fcnk be a Piarista templomba, a K\u00f6nnyez\u0151 Sz\u0171z kegyk\u00e9pe el\u00e9, ahol m\u00e1r sokan a r\u00f3zsaf\u00fcz\u00e9rt im\u00e1dkozt\u00e1k.<!--more--><a href=\"https:\/\/imalanc.ro\/w\/wp-content\/uploads\/Evangelim-Czirjak-Otto.jpg\"><img loading=\"lazy\" decoding=\"async\" class=\"aligncenter wp-image-31198 size-full\" src=\"https:\/\/imalanc.ro\/w\/wp-content\/uploads\/Evangelim-Czirjak-Otto.jpg\" alt=\"\" width=\"580\" height=\"384\" srcset=\"https:\/\/imalanc.ro\/w\/wp-content\/uploads\/Evangelim-Czirjak-Otto.jpg 580w, https:\/\/imalanc.ro\/w\/wp-content\/uploads\/Evangelim-Czirjak-Otto-300x199.jpg 300w\" sizes=\"auto, (max-width: 580px) 100vw, 580px\" \/><\/a><\/p>\n<p>A zar\u00e1ndokmise olvasm\u00e1nyaik\u00e9nt a 19. vas\u00e1rnap olvasm\u00e1nyait hallhattuk. Az evang\u00e9liumot (<strong>Jn 6, 41-51<\/strong>)-et, Czirj\u00e1k Ott\u00f3 , a Szent Mih\u00e1ly pl\u00e9b\u00e1nia seg\u00e9dlelk\u00e9sze ismertette.<!--more--><a href=\"https:\/\/imalanc.ro\/w\/wp-content\/uploads\/Molnar-Lehel-szentbeszed.jpg\"><img loading=\"lazy\" decoding=\"async\" class=\"aligncenter wp-image-31194 size-full\" src=\"https:\/\/imalanc.ro\/w\/wp-content\/uploads\/Molnar-Lehel-szentbeszed.jpg\" alt=\"\" width=\"580\" height=\"384\" srcset=\"https:\/\/imalanc.ro\/w\/wp-content\/uploads\/Molnar-Lehel-szentbeszed.jpg 580w, https:\/\/imalanc.ro\/w\/wp-content\/uploads\/Molnar-Lehel-szentbeszed-300x199.jpg 300w\" sizes=\"auto, (max-width: 580px) 100vw, 580px\" \/><\/a>A szentbesz\u00e9dben Moln\u00e1r Lehel piarista szerzetes paptan\u00e1r az evang\u00e9lium ,,<em>\u00c9n vagyok a mennyb\u0151l al\u00e1sz\u00e1llott \u00e9l\u0151 keny\u00e9r. Aki e keny\u00e9rb\u0151l eszik \u00f6r\u00f6kk\u00e9 \u00e9l. A keny\u00e9r amelyet adok, a testem a vil\u00e1g \u00e9let\u00e9\u00e9rt.<\/em>\u201d (<strong>Jn 6, 51<\/strong>) vers\u00e9vel kezdte besz\u00e9d\u00e9t.<br \/>\nAz utols\u00f3 vacsora k\u00e9p\u00e9t hozta el\u00e9nk, amikor tan\u00edtv\u00e1nyainak kenyeret ny\u00fajt \u00e1t. \u0150 az \u00e9let\u00e9t adja a keny\u00e9r \u00e1ltal mindenki\u00e9rt, aki e vil\u00e1gban van. Minden szentmis\u00e9ben Krisztus \u00f6n\u00e1tad\u00e1s\u00e1t jelen\u00edtj\u00fck meg. Az \u0151 \u00f6n\u00e1tad\u00e1sa \u00e9s felt\u00e1mad\u00e1sa szerezte meg nek\u00fcnk az \u00f6r\u00f6k \u00e9letet. A szentleck\u00e9re hivatkozva Szent P\u00e1lt id\u00e9zte az efezusi lev\u00e9lb\u0151l: ,,<em>Legyen t\u00e1vol t\u00faletek minden keser\u0171s\u00e9g, indulat, haragtart\u00e1s, sz\u00f3v\u00e1lt\u00e1s, k\u00e1romkod\u00e1s \u00e9s minden egy\u00e9b rossz.<\/em>\u201d (<strong>Ef 4, 31<\/strong>).<!--more--><a href=\"https:\/\/imalanc.ro\/w\/wp-content\/uploads\/Szentmise-1Uton.jpg\"><img loading=\"lazy\" decoding=\"async\" class=\"aligncenter wp-image-31192 size-full\" src=\"https:\/\/imalanc.ro\/w\/wp-content\/uploads\/Szentmise-1Uton.jpg\" alt=\"\" width=\"580\" height=\"384\" srcset=\"https:\/\/imalanc.ro\/w\/wp-content\/uploads\/Szentmise-1Uton.jpg 580w, https:\/\/imalanc.ro\/w\/wp-content\/uploads\/Szentmise-1Uton-300x199.jpg 300w\" sizes=\"auto, (max-width: 580px) 100vw, 580px\" \/><\/a><\/p>\n<p>De nemcsak tilt\u00e1st tartalmaz a lev\u00e9l, hanem \u00fatmutat\u00e1st is, hogy milyenek legy\u00fcnk: ,,<em>egym\u00e1s ir\u00e1nt j\u00f3indulat\u00faak, k\u00f6ny\u00f6r\u00fcletesek, \u00e9s bocs\u00e1ssatok meg egym\u00e1snak, amint Isten is megbocs\u00e1tott nektek Krisztusban<\/em>\u201d (<strong>Ef 4, 32<\/strong>). A tov\u00e1bbl\u00e9p\u00e9s lehet\u0151s\u00e9g\u00e9t mutatja meg a tan\u00e1csok \u00e1ltal. Tan\u00e1csolta, hogy \u00e9lj\u00fcnk mi is \u00f6n\u00e1ll\u00f3 m\u00f3don, m\u00e1sok\u00e9rt \u00e9lve. P\u00e1rhuzamba \u00e1ll\u00edtotta az \u00f3sz\u00f6vets\u00e9gi olvasm\u00e1nyt a zar\u00e1ndoklattal, mert mint Ill\u00e9snek nek\u00fcnk is t\u00e1pl\u00e1lkoznunk kellett a zar\u00e1ndoklat alatt, hogy er\u0151re kaphassunk. \u00c9letet nyer\u00fcnk, ha Krisztusra, az \u0151 tan\u00edt\u00e1s\u00e1ra figyel\u00fcnk. \u00c9let\u00fcnk \u00e9rtelm\u00e9t \u0151 adja meg. Er\u0151forr\u00e1sunk \u0151, mely \u00f6r\u00f6k \u00e9letre val\u00f3 \u00e1tmenetel\u00fcnket is el\u0151seg\u00edti.<!--more--><a href=\"https:\/\/imalanc.ro\/w\/wp-content\/uploads\/1Uton-Konyorggesek.jpg\"><img loading=\"lazy\" decoding=\"async\" class=\"aligncenter wp-image-31193 size-full\" src=\"https:\/\/imalanc.ro\/w\/wp-content\/uploads\/1Uton-Konyorggesek.jpg\" alt=\"Sz\u00edvb\u0151l j\u00f6v\u0151 k\u00e9r\u00e9sekkel k\u00f6ny\u00f6r\u00f6gtek az \u00darhoz.\" width=\"580\" height=\"876\" srcset=\"https:\/\/imalanc.ro\/w\/wp-content\/uploads\/1Uton-Konyorggesek.jpg 580w, https:\/\/imalanc.ro\/w\/wp-content\/uploads\/1Uton-Konyorggesek-199x300.jpg 199w\" sizes=\"auto, (max-width: 580px) 100vw, 580px\" \/><\/a>A szentmise egyetemes k\u00f6ny\u00f6rg\u00e9seiben a ker\u00fclet k\u00fcl\u00f6nb\u00f6z\u0151 templomaib\u00f3l j\u00f6v\u0151 zar\u00e1ndokok saj\u00e1t, megfogalmazott k\u00f6ny\u00f6rg\u00e9seikkel j\u00e1rultak az \u00dar el\u00e9. \u00cdgy sz\u00edvb\u0151l j\u00f6v\u0151 k\u00e9r\u00e9sekkel k\u00f6ny\u00f6r\u00f6gtek az \u00darhoz a Szent Mih\u00e1ly pl\u00e9b\u00e1niatemplomt\u00f3l; Kerekdombr\u00f3l, a J\u00e9zus Szent Sz\u00edve pl\u00e9b\u00e1niatemplomt\u00f3l; Kisb\u00e1csb\u00f3l, a Szent P\u00e9ter \u00e9s Szent P\u00e1l pl\u00e9b\u00e1niatemplomt\u00f3l; a Szentp\u00e9teri pl\u00e9b\u00e1niatemplomt\u00f3l; a Kolozsmonostori K\u00e1lv\u00e1ria \u2013 Nagyboldogasszony \u00e9s F\u00e1jdalmas Sz\u0171zanya pl\u00e9b\u00e1niatemplomt\u00f3l; a kolozsi J\u00e9zus Szents\u00e9ges Sz\u00edve templomt\u00f3l; a gy\u00f6rgyfalvi negyedi M\u00e1ria Szepl\u0151telen Sz\u00edve pl\u00e9b\u00e1niatemplomt\u00f3l; Kaj\u00e1nt\u00f3r\u00f3l a Ferences csal\u00e1dok, a Mindenszentek templomt\u00f3l; a tordat\u00fariak, a Szent Kereszt felmagasztal\u00e1sa templomt\u00f3l; valamint k\u00f6z\u00f6s k\u00e9r\u00e9sk\u00e9nt az elhunyt sz\u00fcl\u0151k\u00e9rt \u00e9s gyermekek\u00e9rt foh\u00e1szkodtunk; valamint a Piarista templomban a kos\u00e1rk\u00e1ba a jelenlev\u0151kt\u0151l begy\u0171jt\u00f6tt, Istennek tetsz\u0151 sz\u00e1nd\u00e9kokra. Im\u00e1dkoztunk a hit\u00fckben gyenge sz\u00fcl\u0151k meger\u0151s\u00f6d\u00e9s\u00e9\u00e9rt, a sz\u00fcl\u0151k \u00e9s gyermekek k\u00f6lcs\u00f6n\u00f6s tisztelet\u00e9\u00e9rt, szeretet\u00e9\u00e9rt, Isten \u00e1ld\u00e1s\u00e1\u00e9rt, az egyh\u00e1zk\u00f6zs\u00e9gek szeretetben val\u00f3 meg\u00fajul\u00e1s\u00e1\u00e9rt, hogy a sz\u00fcl\u0151k tan\u00edts\u00e1k im\u00e1dkozni gyermekeiket, egym\u00e1sra figyel\u00e9s\u00e9rt \u00e9s felel\u0151ss\u00e9gv\u00e1llal\u00e1s\u00e9rt, az \u00fcld\u00f6z\u00f6ttek\u00e9rt, hogy p\u00e9ld\u00e1t vegy\u00fcnk a Szent Csal\u00e1dr\u00f3l, d\u00f6nt\u00e9seinket Istenhez igaz\u00edtsuk, elhunytak\u00e9rt, Isten t\u00e1mogat\u00e1s\u00e1\u00e9rt, \u00e1ld\u00e1s\u00e9rt a jelenlev\u0151kre, k\u00e9rt sz\u00e1nd\u00e9kokra.<!--more--><a href=\"https:\/\/imalanc.ro\/w\/wp-content\/uploads\/Krisztus-Szentseges-teste.jpg\"><img loading=\"lazy\" decoding=\"async\" class=\"aligncenter wp-image-31195 size-full\" src=\"https:\/\/imalanc.ro\/w\/wp-content\/uploads\/Krisztus-Szentseges-teste.jpg\" alt=\"\" width=\"580\" height=\"384\" srcset=\"https:\/\/imalanc.ro\/w\/wp-content\/uploads\/Krisztus-Szentseges-teste.jpg 580w, https:\/\/imalanc.ro\/w\/wp-content\/uploads\/Krisztus-Szentseges-teste-300x199.jpg 300w\" sizes=\"auto, (max-width: 580px) 100vw, 580px\" \/><\/a><\/p>\n<p>Az eucharisztia liturgi\u00e1ja ut\u00e1n a szent\u00e1ldoz\u00e1s k\u00f6vetkezett. A templomban t\u00f6bb helyen is \u00e1ldoztattak.<br \/>\nA befejez\u0151 szertart\u00e1sban Kov\u00e1cs \u00c1rp\u00e1d b\u00e1csi pl\u00e9b\u00e1nos seg\u00edts\u00e9g\u00e9vel \u00e9s el\u0151im\u00e1dkoz\u00e1s\u00e1val a sz\u00fcl\u0151k egybehangz\u00f3an ism\u00e9telve az \u00e1ld\u00e1s szavait meg\u00e1ldott\u00e1k gyermekeiket, kez\u00fcket gyermekeik fel\u00e9 \u00e1ld\u00e1sra t\u00e1rva. A templomban visszhangzottak a sz\u00fcl\u0151k egy\u00fctt kimondott szavai: ,,<em>Mennyei Aty\u00e1nk! \u2013 K\u00f6sz\u00f6nj\u00fck neked gyermek\u00fcnket&#8230; \u00c1ldd meg gyermek\u00fcnket,&#8230; \u2013 hogy&#8230; \u2013 megtal\u00e1lja hivat\u00e1s\u00e1t,&#8230; \u2013 T\u00e9ged \u00f6r\u00f6kk\u00e9 szeressen&#8230; s e f\u00f6ldi \u00e9let ut\u00e1n \u2013 az \u00f6r\u00f6k boldogs\u00e1gba jusson. \u00c1men<\/em>\u201d<\/p>\n<p>Ezt k\u00f6vet\u0151en F\u00e1bi\u00e1n L\u00e1szl\u00f3 gy\u00f6rgyfalvi pl\u00e9b\u00e1nos a gyermekek seg\u00edts\u00e9g\u00e9re sietett, hogy im\u00e1dkozzanak a szentmis\u00e9ben sz\u00fcleik\u00e9rt. A gyermekek a gy\u00f6rgyfalvi pl\u00e9b\u00e1nos \u00e1ltal kimondott ima szavait ism\u00e9telve, sz\u00fcleik fel\u00e9 fordulva foh\u00e1szkodtak a sz\u00fcl\u0151k\u00e9rt: ,,<em>H\u00e1l\u00e1t adok neked sz\u00fcleim\u00e9rt!&#8230; \u2013 Add, hogy szeress\u00e9k egym\u00e1st \u00e9s benn\u00fcnket. \u2013 Sz\u00e1njanak id\u0151t csal\u00e1dunkra. \u2013 \u2026 \u2013 Add, hogy p\u00e9ld\u00e1t mutassanak nek\u00fcnk a j\u00f3ban \u00e9s tan\u00edtsanak benn\u00fcnket&#8230; \u2013 Add, hogy most \u00e9s \u00f6regs\u00e9g\u00fckben is szeress\u00fck \u0151ket! \u00c1men<\/em>\u201d<\/p>\n<p>J\u00f3 volt hallani a sz\u00fcl\u0151k egybehangz\u00f3 szavait \u00e9s a gyermekek cseng\u0151 hangj\u00e1t az im\u00e1ban \u00e9s m\u00e9gjobb volt az egy\u00fctt im\u00e1dkoz\u00e1s a feltett sz\u00e1nd\u00e9kokra. Sokak szem\u00e9ben k\u00f6nny csillant fel, mert Isten a szeretetben jelenval\u00f3v\u00e1 v\u00e1lt. Gy\u00f3gy\u00edtotta, m\u00e9ly\u00edtette, meger\u0151s\u00edtette a gyermek-sz\u00fcl\u0151 szeretetkapcsolatokat.<br \/>\nAz eg\u00e9sz szentmise alatt Nagy K\u00e1roly ferences testv\u00e9r a hossz\u00fa sorokban k\u00edgy\u00f3z\u00f3 gy\u00f3n\u00f3k rendelkez\u00e9s\u00e9re \u00e1llott, k\u00e9pviselve \u00e9s k\u00f6zvet\u00edtve J\u00e9zust a gy\u00f3ntat\u00f3sz\u00e9kben.<\/p>\n<p>A z\u00e1r\u00f3 \u00e1ld\u00e1sban a f\u0151celebr\u00e1ns Isten \u00e1ld\u00e1s\u00e1t k\u00e9rte a jelenlev\u0151 csal\u00e1dokra, hogy szeretet legyen benn\u00fck, legyenek buzg\u00f3k az im\u00e1ds\u00e1gban, viselj\u00e9k egym\u00e1s gondj\u00e1t, hogy egym\u00e1s \u00f6r\u00f6mh\u00edrn\u00f6keiv\u00e9 v\u00e1lhassanak.<br \/>\nA szentmis\u00e9n a zenei szolg\u00e1latot Ger\u00e9d Istv\u00e1n k\u00e1ntor l\u00e1tta el \u00e9s tette m\u00e9lyebb\u00e9 a szentmise \u00e1h\u00edtat\u00e1t.<\/p>\n<p>A templom elcsendesedett \u00e9s lassan ki\u00fcr\u00fclt. A templom el\u0151tti fel\u00faj\u00edtott t\u00e9ren, a M\u00e1ria-oszlop k\u00f6zels\u00e9g\u00e9ben sok\u00e1ig besz\u00e9lgettek a zar\u00e1ndokok, mert j\u00f3 nek\u00fcnk itt lenni a szeretetben, Isten, J\u00e9zus, M\u00e1ria t\u00e1rsas\u00e1g\u00e1ban.<!--more--><a href=\"https:\/\/imalanc.ro\/w\/wp-content\/uploads\/Harmadrendi-ferences-zarandokok-Kajanto-Monostor-Kolozs.jpg\"><img loading=\"lazy\" decoding=\"async\" class=\"aligncenter wp-image-31196 size-full\" src=\"https:\/\/imalanc.ro\/w\/wp-content\/uploads\/Harmadrendi-ferences-zarandokok-Kajanto-Monostor-Kolozs.jpg\" alt=\"Ferences harmadrendiek, kaj\u00e1nt\u00f3iak, tordat\u00fariak, mind-mind gyalogos zar\u00e1ndokok.\" width=\"580\" height=\"384\" srcset=\"https:\/\/imalanc.ro\/w\/wp-content\/uploads\/Harmadrendi-ferences-zarandokok-Kajanto-Monostor-Kolozs.jpg 580w, https:\/\/imalanc.ro\/w\/wp-content\/uploads\/Harmadrendi-ferences-zarandokok-Kajanto-Monostor-Kolozs-300x199.jpg 300w\" sizes=\"auto, (max-width: 580px) 100vw, 580px\" \/><\/a><\/p>\n<p>El\u0151ker\u00fcltek a mad\u00e1rl\u00e1tta, a zar\u00e1ndoklatr\u00f3l megmaradt csemeg\u00e9k \u00e9s agap\u00e9 vend\u00e9gs\u00e9gg\u00e9 alakultak egym\u00e1s megk\u00edn\u00e1l\u00e1s\u00e1val a meghitt besz\u00e9lget\u00e9sek.<br \/>\nHiszem, l\u00e1tom, \u00e9s tudom, hogy Kolozsv\u00e1r \u00e9s k\u00f6rny\u00e9k\u00e9nek templomaiban az emberek hite \u00e9l\u0151, sz\u00edv\u00fckkel-lelk\u00fckkel az \u00f6r\u00f6k haz\u00e1ba v\u00e1gynak, ahol Krisztus b\u00e9k\u00e9je t\u00f6lti el majd a lelkeket. E r\u00e9szv\u00e9tel a zar\u00e1ndoklaton hit\u00fcnk f\u00f6ldi felt\u00e1mad\u00e1sa \u00e9s a M\u00e1ria-tisztelet\u00fcnk meg\u00e9l\u00e9se a K\u00f6nnyez\u0151 Sz\u0171zanya kegyk\u00e9pe el\u0151tt, de legink\u00e1bb az \u0151 \u00e9gi p\u00e1rtfog\u00e1s\u00e1nak kiesd\u00e9se.<br \/>\n1\u00daton haladtunk, j\u00e1rva ki-ki saj\u00e1t \u00fatj\u00e1t. De lelk\u00fcnk egybeforrt sz\u00fcl\u0151k\u00e9nt gyermekeinkkel, gyermekk\u00e9nt sz\u00fcleinkkel, de egym\u00e1ssal is kik e zar\u00e1ndoklaton r\u00e9szt vettek, ak\u00e1r gyalog, ak\u00e1r m\u00e1s sz\u00e1ll\u00edt\u00e1si eszk\u00f6zzel, de be\u00e9rtek a Piarista templomba a z\u00e1r\u00f3 szentmis\u00e9re, s\u0151t azokkal is akik j\u00f3 sz\u00edvvel im\u00e1dkoztak t\u00e1voll\u00e9t\u00fckben e zar\u00e1ndoklat\u00e9rt, hogy az Istennek tetsz\u0151en zajlodjon. Deo gratias!<\/p>\n<p><strong><em>Kaj\u00e1nt\u00f3r\u00f3l indul\u00f3 csapat egyik r\u00e9sztvev\u0151je:<\/em><\/strong><br \/>\nJ\u00f3 \u00e9rz\u00e9s volt felaj\u00e1nlani ezt az utat a sz\u00fcleinkkel val\u00f3 kapcsolatunk\u00e9rt. \u00d6rvendek, hogy igent mondtam erre a lehet\u0151s\u00e9gre. Valahogy m\u00e1s \u00e9rz\u00e9s volt ugyanazt az utat gyalog megtenni, mint amit nap mint nap aut\u00f3val is megtesz\u00fcnk.<!--more--><a href=\"https:\/\/imalanc.ro\/w\/wp-content\/uploads\/Kajanto-Monostor-Ferences-templom.jpg\"><img loading=\"lazy\" decoding=\"async\" class=\"aligncenter wp-image-31199 size-full\" src=\"https:\/\/imalanc.ro\/w\/wp-content\/uploads\/Kajanto-Monostor-Ferences-templom.jpg\" alt=\"Kaj\u00e1nt\u00f3-Monostor-1\u00daton \" width=\"580\" height=\"507\" srcset=\"https:\/\/imalanc.ro\/w\/wp-content\/uploads\/Kajanto-Monostor-Ferences-templom.jpg 580w, https:\/\/imalanc.ro\/w\/wp-content\/uploads\/Kajanto-Monostor-Ferences-templom-300x262.jpg 300w\" sizes=\"auto, (max-width: 580px) 100vw, 580px\" \/><\/a><\/p>\n<p>\u00dagy \u00e9rzem ezalatt k\u00f6zelebb ker\u00fcltem M\u00e1ri\u00e1hoz \u00e9s jobban megismerhettem a hazavezet\u0151 utat.<\/p>\n<p><strong>B\u00e1csb\u00f3l 1\u00daton<\/strong><\/p>\n<p>Miel\u0151tt elindultunk volna, a kisb\u00e1csi templomkertben \u2013 Kov\u00e1cs \u00c1rp\u00e1d pl\u00e9b\u00e1nos vezet\u00e9s\u00e9vel \u2013 a h\u00edvek \u00e9s a zar\u00e1ndokok k\u00f6z\u00f6sen elv\u00e9gezt\u00e9k M\u00e1rton \u00c1ron p\u00fcsp\u00f6k gondolatai alapj\u00e1n a keresztutat. Azut\u00e1n a zar\u00e1ndokok \u00e1tkelve a vas\u00fati s\u00edneken elindultak a H\u00f3ja erd\u0151n kereszt\u00fcl gyalog a piarista templom fel\u00e9.<!--more--><a href=\"https:\/\/imalanc.ro\/w\/wp-content\/uploads\/Bacs-keresztut.jpg\"><img loading=\"lazy\" decoding=\"async\" class=\"aligncenter wp-image-31200 size-full\" src=\"https:\/\/imalanc.ro\/w\/wp-content\/uploads\/Bacs-keresztut.jpg\" alt=\"Kereszt\u00fat a b\u00e1csi templomkertbe\" width=\"580\" height=\"324\" srcset=\"https:\/\/imalanc.ro\/w\/wp-content\/uploads\/Bacs-keresztut.jpg 580w, https:\/\/imalanc.ro\/w\/wp-content\/uploads\/Bacs-keresztut-300x168.jpg 300w\" sizes=\"auto, (max-width: 580px) 100vw, 580px\" \/><\/a><\/p>\n<p>H\u00e9t zar\u00e1ndok volt, akik k\u00f6z\u00f6sen v\u00e9gezt\u00e9k a r\u00f3zsaf\u00fcz\u00e9r im\u00e1t. Minden tized ut\u00e1n elm\u00e9lked\u00e9s, megbesz\u00e9l\u00e9s \u00e9s k\u00f6z\u00f6s \u00e9nek k\u00f6vetkezett. Az elm\u00e9lked\u00e9seket G\u00e1l Hajnalka \u00e9s M\u00f3zes Domokos olvasta fel M\u00e1rton \u00c1ron gondolataib\u00f3l a sz\u00fcl\u0151-gyermek szeretetkapcsolat\u00e1r\u00f3l. Nagyon fontos a gyermek-sz\u00fcl\u0151 kapcsolatban a bizalom ki\u00e9p\u00edt\u00e9se, a meg nem sz\u0171n\u0151 szeretet, az \u0151szintes\u00e9g \u00e9s a k\u00f6lcs\u00f6n\u00f6s tisztelet megad\u00e1sa.<!--more--><a href=\"https:\/\/imalanc.ro\/w\/wp-content\/uploads\/Hoja-erdo-bacsi-zarandokok.jpg\"><img loading=\"lazy\" decoding=\"async\" class=\"aligncenter wp-image-31201 size-full\" src=\"https:\/\/imalanc.ro\/w\/wp-content\/uploads\/Hoja-erdo-bacsi-zarandokok.jpg\" alt=\"Azut\u00e1n a zar\u00e1ndokok \u00e1tkelve a vas\u00fati s\u00edneken elindultak a H\u00f3ja erd\u0151n kereszt\u00fcl gyalog a piarista templom fel\u00e9.\" width=\"580\" height=\"350\" srcset=\"https:\/\/imalanc.ro\/w\/wp-content\/uploads\/Hoja-erdo-bacsi-zarandokok.jpg 580w, https:\/\/imalanc.ro\/w\/wp-content\/uploads\/Hoja-erdo-bacsi-zarandokok-300x181.jpg 300w\" sizes=\"auto, (max-width: 580px) 100vw, 580px\" \/><\/a><\/p>\n<p>Aranyosi Ervin k\u00f6lt\u0151 Tan\u00e1csok sz\u00fcl\u0151knek c\u00edm\u0171 vers\u00e9ben \u00edgy \u00edr: \u201eDics\u00e9rd meg gyermeked, legy\u00e9l b\u00fcszke r\u00e1ja,\/ mert mikor \u00edgy teszel, az \u0151t inspir\u00e1lja.\u201d K\u00f6zben meg\u00e9rkezt\u00fcnk a Kolozsv\u00e1r sz\u00e9l\u00e9hez, a T\u00f6r\u00f6kv\u00e1g\u00e1shoz, ahonnan folytattuk utunkat a piarista templomig. Itt este 7 \u00f3r\u00e1t\u00f3l szentmis\u00e9n vett\u00fcnk r\u00e9szt, melyet szint\u00e9n erre a c\u00e9lra aj\u00e1nlottunk fel.<\/p>\n<p style=\"text-align: right;\"><em><strong>L\u0151rincz Margit<\/strong><\/em><\/p>\n<p style=\"text-align: right;\"><strong><em>Forr\u00e1s: romkat.ro<\/em><\/strong><br \/>\n<strong><em>Szerz\u0151 \u00e9s szerkeszt\u0151: B\u00edr\u00f3 Jol\u00e1n-Ilona<\/em><\/strong><br \/>\n<strong><em>Fot\u00f3k: B\u00edr\u00f3 \u00c1gnes-T\u00fcnde, kaj\u00e1nt\u00f3i, monostori \u00e9s a b\u00e1csi csapat<\/em><\/strong><\/p>\n","protected":false},"excerpt":{"rendered":"Az id\u00e9n imm\u00e1r a 11-ik alkalommal rendezik meg Nagyboldogasszony \u00fcnnep\u00e9nek t\u00e1j\u00e9k\u00e1n az 1\u00daton Nemzetk\u00f6zi Zar\u00e1ndoknapot Erd\u00e9ly sz\u00e1mos helys\u00e9g\u00e9ben, mely egy&#8230;","protected":false},"author":2,"featured_media":31192,"comment_status":"closed","ping_status":"closed","sticky":false,"template":"","format":"standard","meta":{"footnotes":""},"categories":[8],"tags":[],"class_list":["post-31177","post","type-post","status-publish","format-standard","has-post-thumbnail","hentry","category-lelki-gyongyok"],"_links":{"self":[{"href":"https:\/\/imalanc.ro\/w\/wp-json\/wp\/v2\/posts\/31177","targetHints":{"allow":["GET"]}}],"collection":[{"href":"https:\/\/imalanc.ro\/w\/wp-json\/wp\/v2\/posts"}],"about":[{"href":"https:\/\/imalanc.ro\/w\/wp-json\/wp\/v2\/types\/post"}],"author":[{"embeddable":true,"href":"https:\/\/imalanc.ro\/w\/wp-json\/wp\/v2\/users\/2"}],"replies":[{"embeddable":true,"href":"https:\/\/imalanc.ro\/w\/wp-json\/wp\/v2\/comments?post=31177"}],"version-history":[{"count":6,"href":"https:\/\/imalanc.ro\/w\/wp-json\/wp\/v2\/posts\/31177\/revisions"}],"predecessor-version":[{"id":31203,"href":"https:\/\/imalanc.ro\/w\/wp-json\/wp\/v2\/posts\/31177\/revisions\/31203"}],"wp:featuredmedia":[{"embeddable":true,"href":"https:\/\/imalanc.ro\/w\/wp-json\/wp\/v2\/media\/31192"}],"wp:attachment":[{"href":"https:\/\/imalanc.ro\/w\/wp-json\/wp\/v2\/media?parent=31177"}],"wp:term":[{"taxonomy":"category","embeddable":true,"href":"https:\/\/imalanc.ro\/w\/wp-json\/wp\/v2\/categories?post=31177"},{"taxonomy":"post_tag","embeddable":true,"href":"https:\/\/imalanc.ro\/w\/wp-json\/wp\/v2\/tags?post=31177"}],"curies":[{"name":"wp","href":"https:\/\/api.w.org\/{rel}","templated":true}]}}