{"id":31172,"date":"2024-08-17T21:19:56","date_gmt":"2024-08-17T19:19:56","guid":{"rendered":"https:\/\/imalanc.ro\/w\/?p=31172"},"modified":"2024-09-04T05:42:28","modified_gmt":"2024-09-04T03:42:28","slug":"ferencesekrol-ferencesekkel-a-kolozsvari-magyar-napokon","status":"publish","type":"post","link":"https:\/\/imalanc.ro\/w\/ferencesekrol-ferencesekkel-a-kolozsvari-magyar-napokon\/","title":{"rendered":"Ferencesekr\u0151l, ferencesekkel a Kolozsv\u00e1ri Magyar Napokon"},"content":{"rendered":"<p>A <strong>Ferences t\u00e9rer\u0151<\/strong> c\u00edm\u0171 k\u00f6nyv kolozsv\u00e1ri bemutat\u00f3j\u00e1n Boros L\u00f3r\u00e1nd besz\u00e9lgetett a szerz\u0151vel, Borsodi L. L\u00e1szl\u00f3val \u00e9s az erd\u00e9lyi ferencesek el\u00f6lj\u00e1r\u00f3j\u00e1val, Urb\u00e1n Erikkel.<!--more--><a href=\"https:\/\/imalanc.ro\/w\/wp-content\/uploads\/Boros-Lorand-Borsodi-L.-Laszlo-Urban-Erik.jpg\"><img loading=\"lazy\" decoding=\"async\" class=\"aligncenter wp-image-31173 size-full\" src=\"https:\/\/imalanc.ro\/w\/wp-content\/uploads\/Boros-Lorand-Borsodi-L.-Laszlo-Urban-Erik.jpg\" alt=\"Boros L\u00f3r\u00e1nd besz\u00e9lgetett a szerz\u0151vel, Borsodi L. L\u00e1szl\u00f3val \u00e9s az erd\u00e9lyi ferencesek el\u00f6lj\u00e1r\u00f3j\u00e1val, Urb\u00e1n Erikkel.\" width=\"696\" height=\"331\" srcset=\"https:\/\/imalanc.ro\/w\/wp-content\/uploads\/Boros-Lorand-Borsodi-L.-Laszlo-Urban-Erik.jpg 696w, https:\/\/imalanc.ro\/w\/wp-content\/uploads\/Boros-Lorand-Borsodi-L.-Laszlo-Urban-Erik-300x143.jpg 300w\" sizes=\"auto, (max-width: 696px) 100vw, 696px\" \/><\/a><\/p>\n<p>Augusztus 17-\u00e9n d\u00e9lut\u00e1n 3 \u00f3rakor a kolozsv\u00e1ri magyar f\u0151konzul\u00e1tus F\u0151t\u00e9r23 rendezv\u00e9nyterm\u00e9ben a Kolozsv\u00e1ri Magyar Napok keret\u00e9ben tartott k\u00f6nyvbemutat\u00f3n jelenlev\u0151k nemcsak a k\u00f6tetr\u0151l, de a ferencess\u00e9gr\u0151l is hallhattak \u00e9rdekess\u00e9geket. A r\u00e9sztvev\u0151ket Grezsa Csaba f\u0151konzul, majd a t\u00e1rsszervez\u0151 Erd\u00e9lyi Magyar \u00cdr\u00f3k Lig\u00e1ja eln\u00f6ke, Sz\u00e1ntai J\u00e1nos k\u00f6sz\u00f6nt\u00f6tte.<!--more--><a href=\"https:\/\/imalanc.ro\/w\/wp-content\/uploads\/Nehany-resztvevo-ferences-konyvbemutato-a-KMN-en.jpg\"><img loading=\"lazy\" decoding=\"async\" class=\"aligncenter wp-image-31174 size-full\" src=\"https:\/\/imalanc.ro\/w\/wp-content\/uploads\/Nehany-resztvevo-ferences-konyvbemutato-a-KMN-en.jpg\" alt=\"N\u00e9h\u00e1ny r\u00e9sztvev\u0151 a ferences k\u00f6nyvbemutat\u00f3n.\" width=\"580\" height=\"868\" srcset=\"https:\/\/imalanc.ro\/w\/wp-content\/uploads\/Nehany-resztvevo-ferences-konyvbemutato-a-KMN-en.jpg 580w, https:\/\/imalanc.ro\/w\/wp-content\/uploads\/Nehany-resztvevo-ferences-konyvbemutato-a-KMN-en-200x300.jpg 200w\" sizes=\"auto, (max-width: 580px) 100vw, 580px\" \/><\/a><\/p>\n<p>A ferences t\u00e9rer\u0151 megnyilv\u00e1nul\u00e1sair\u00f3l hallhattak az \u00e9rdekl\u0151d\u0151k. Megtudhatt\u00e1k, hogy a cs\u00edksomly\u00f3i kegyhely k\u00e9pviseli Rom\u00e1ni\u00e1t Eur\u00f3pai M\u00e1ria-kegyhelyek h\u00e1l\u00f3zat\u00e1nak tags\u00e1g\u00e1ban, ahol 20 eur\u00f3pai orsz\u00e1g kegyhelyei vesznek r\u00e9szt, Magyarorsz\u00e1gr\u00f3l k\u00e9t kegyhely a tagja a h\u00e1l\u00f3zatnak, M\u00e1riap\u00f3cs \u00e9s M\u00e1travereb\u00e9ly-Szentk\u00fat. A k\u00f6tet sz\u00fclet\u00e9s\u00e9nek \u00f6tlete egy ilyen eur\u00f3pai tal\u00e1lkoz\u00f3ra menet sz\u00fcletett abb\u00f3l a gondolatb\u00f3l, hogy ne csak a m\u00falttal, a jelennel is foglalkozzanak.<\/p>\n<p>Borsodi L. L\u00e1szl\u00f3 a kulisszatitkok k\u00f6z\u00fcl azt \u00e1rulta el, hogy mivel 2010-2019 k\u00f6zt ferences sajt\u00f3referensk\u00e9nt is tev\u00e9kenykedett, majd a 2007-t\u0151l indult Cs\u00edksomly\u00f3 c\u00edm\u0171 kegyhelyi lap szerkesz\u0151je is volt, a lap sz\u00e1m\u00e1ra kezdett interj\u00fakat, ank\u00e9tokat k\u00e9sz\u00edteni ferencesekkel. \u00c9s mivel v\u00e9lem\u00e9nye \u00e9s tapasztalata szerint a ferencess\u00e9g nem kiz\u00e1r\u00f3lag a szerzetesek\u00e9, az interj\u00fakban, s \u00edgy a k\u00f6tetben is a vil\u00e1gban \u00e9l\u0151, a ferences t\u00e9rer\u0151ben mozg\u00f3 vil\u00e1giak is hangot kapnak. A k\u00f6tet jelent\u0151s r\u00e9sz\u00e9be dial\u00f3gusok ker\u00fcltek a szerzetesek \u00e9s a vil\u00e1giak k\u00f6zt. ,,<em>Mindig \u00e9rdekelt, ki mit gondol arr\u00f3l, amit csin\u00e1l, mennyire \u00e9li meg<\/em>\u201d, mondta a szerz\u0151, aki azt is el\u00e1rulta: k\u00fcls\u0151 n\u00e9z\u0151pontb\u00f3l, a k\u00edv\u00fcl\u00e1ll\u00f3 szem\u00e9vel akarta l\u00e1ttatni, mi mindennel foglalkoznak a ferencesek. Borsodi L. L\u00e1szl\u00f3 maga is a ferencesek s a cs\u00edksomly\u00f3i kegyhely t\u00e9rerej\u00e9ben n\u0151tt fel, sz\u00e9pirodalmi munk\u00e1ss\u00e1g\u00e1ban is nyomot hagyott a gener\u00e1ci\u00f3kon \u00e1t \u00f6r\u00f6k\u00f6lt, majd szem\u00e9lyess\u00e9 v\u00e1lt ferences \u00e9rintetts\u00e9g.<!--more--><a href=\"https:\/\/imalanc.ro\/w\/wp-content\/uploads\/Bodo-Marta-a-cikk-szerzoje.jpg\"><img loading=\"lazy\" decoding=\"async\" class=\"alignnone wp-image-31175 size-full\" src=\"https:\/\/imalanc.ro\/w\/wp-content\/uploads\/Bodo-Marta-a-cikk-szerzoje.jpg\" alt=\"\" width=\"580\" height=\"387\" srcset=\"https:\/\/imalanc.ro\/w\/wp-content\/uploads\/Bodo-Marta-a-cikk-szerzoje.jpg 580w, https:\/\/imalanc.ro\/w\/wp-content\/uploads\/Bodo-Marta-a-cikk-szerzoje-300x200.jpg 300w\" sizes=\"auto, (max-width: 580px) 100vw, 580px\" \/><\/a>A k\u00f6nyv v\u00e9g\u00e9re Benedek Enik\u0151 t\u00f6rdel\u0151szerkeszt\u0151 javaslat\u00e1ra sz\u00fcletett a 80 oldalas, annot\u00e1lt n\u00e9vmutat\u00f3, amelyhez lexikonok mellett Jonica X\u00e9nia ferences lev\u00e9lt\u00e1ros is sokat seg\u00edtett. A k\u00f6tet utols\u00f3 r\u00e9sz\u00e9ben v\u00e1llalt az ar\u00e1nytalans\u00e1g: Cs\u00edksomly\u00f3 kiemelt szerepet kap, mint ahogy az erd\u00e9lyi ferencess\u00e9g \u00e9let\u00e9ben is Cs\u00edksomly\u00f3 a k\u00f6zpont. 2012 \u00f3ta k\u00e9sz\u00fclnek a p\u00fcnk\u00f6sdszombati fogadalmi b\u00facs\u00fa sz\u00f3nokaival interj\u00fak, az els\u0151 Tempfli Imr\u00e9vel k\u00e9sz\u00fclt, ezek is helyet kaptak a k\u00f6tetnek ezen r\u00e9sz\u00e9ben.<\/p>\n<p>Mivel a k\u00f6nyvben is sz\u00f3 esik a szerzetess\u00e9 v\u00e1l\u00e1s \u00fatj\u00e1r\u00f3l, Urb\u00e1n Erik jelenlegi el\u00f6lj\u00e1r\u00f3 saj\u00e1t hivat\u00e1st\u00f6rt\u00e9nete n\u00e9h\u00e1ny fontos pontj\u00e1r\u00f3l mes\u00e9lt. Sz\u00e1m\u00e1ra a pannonhalmi benc\u00e9sek, az irodalom\u00f3r\u00e1n hallott karthauziak p\u00e9ld\u00e1ja volt vonz\u00f3, v\u00e9g\u00fcl Szent Ferenc \u00e9lete ny\u0171g\u00f6zte le olyannyira, hogy m\u00e9g semmit se tudva a ferencesek erd\u00e9lyi jelenl\u00e9t\u00e9r\u0151l, elhat\u00e1rozta, hogy \u0151ket k\u00f6veti.<\/p>\n<p>Boros L\u00f3r\u00e1nd az ima \u00e9s aktivit\u00e1s k\u00f6z\u00f6tti helyes ar\u00e1nyr\u00f3l k\u00e9rdezte, v\u00e1lasz\u00e1ban a ferences a kifel\u00e9 \u00e9s befel\u00e9 fordul\u00e1sra vonatkoz\u00f3 szab\u00e1lyokr\u00f3l besz\u00e9lt: t\u00f6bb el\u0151\u00edr\u00e1s van ez ut\u00f3bbir\u00f3l, ez a nehezebb, nem egy megszokott \u00e9letforma a szerzetes\u00e9, sokat kell befel\u00e9 fordulva t\u00f6ltekezni ahhoz, hogy adni tudjunk.<\/p>\n<p>El\u00f6lj\u00e1r\u00f3i tev\u00e9kenys\u00e9ge l\u00e9nyege: l\u00e1togatni a testv\u00e9reket \u00e9s szel\u00edd szavakkal inteni. Atyai \u00e9s testv\u00e9ri jelenl\u00e9tet jelent ez, stabilit\u00e1st kell \u00e9rezni\u00fck a testv\u00e9reknek, akik a v\u00e1laszt\u00e1ssal r\u00e1b\u00edzt\u00e1k magukat az el\u00f6lj\u00e1r\u00f3ra, aki miniszter nevet viseli, amit a ferencesrk \u00edgy haszn\u00e1lnak: miniszter, vagyis szolga. Nem k\u00f6nny\u0171 megmaradni testv\u00e9rnek el\u00f6lj\u00e1r\u00f3k\u00e9nt, de a ferences vezet\u0151t nem egy \u00e9letre v\u00e1lasztj\u00e1k, \u00edgy maga is tudja: szolg\u00e1lata v\u00e9gezt\u00e9vel ism\u00e9t egy lesz a testv\u00e9rek k\u00f6z\u00fcl.<\/p>\n<p>A k\u00f6tetb\u0151l val\u00f3 interj\u00far\u00e9sz felolvas\u00e1sa ut\u00e1n sz\u00f3 esett a 2023-2026. k\u00f6zt zajl\u00f3 ferences centen\u00e1riumsorozatr\u00f3l. Mivel a Szent Ferenchez k\u00f6thet\u0151 grecci\u00f3i kar\u00e1csonyi betlehem-\u00e1ll\u00edt\u00e1s is \u00e9vfordul\u00f3s, Urb\u00e1n Erik mes\u00e9lt az Assisiben l\u00e1that\u00f3 betlehem-m\u00fazeumr\u00f3l, ahov\u00e1 k\u00e9sz\u00fclt egy sz\u00e9kely betlehem, ennek kapcs\u00e1n megosztotta azt a gondolatot, hogy minden\u00fctt, ahol a templomokban j\u00e1szolt \u00e1ll\u00edtanak, annak ig\u00e9nyes betlehemnek kell lennie, ami a szeml\u00e9l\u0151t k\u00f6zelebb viszi a kar\u00e1csony l\u00e9nyeg\u00e9hez, s seg\u00edt minden \u00e9vben megfogalmazni: nekem hol a helyem, \u00e9n itt \u00e9s most milyen aj\u00e1nd\u00e9kot adn\u00e9k\u2026<\/p>\n<p>A ferencesek \u00e9s p\u00e1losok kapcsolat\u00e1r\u00f3l is sz\u00f3 esett, err\u0151l mes\u00e9lte Erik testv\u00e9r: \u0151 2011-t\u0151l szolg\u00e1l Cs\u00edksomly\u00f3n, ezalatt alakult ki a czestochowai kapcsolat a Boldogasszony zar\u00e1ndokvonat vezet\u0151je k\u00f6zvet\u00edt\u00e9s\u00e9vel, aminek eredm\u00e9nye, hogy Cs\u00edksomly\u00f3 kapott egy Fekete Madonna-k\u00e9p m\u00e1solalot, Czestochowa pedig egy 1,20 m\u00e9ter magas M\u00e1ria-szoborral gazdagodott.<\/p>\n<p style=\"text-align: right;\"><strong><em>Forr\u00e1s: romkat.ro<\/em><\/strong><\/p>\n<p style=\"text-align: right;\"><strong><em>Szerz\u0151: Bod\u00f3 M\u00e1rta<\/em><\/strong><\/p>\n","protected":false},"excerpt":{"rendered":"A Ferences t\u00e9rer\u0151 c\u00edm\u0171 k\u00f6nyv kolozsv\u00e1ri bemutat\u00f3j\u00e1n Boros L\u00f3r\u00e1nd besz\u00e9lgetett a szerz\u0151vel, Borsodi L. L\u00e1szl\u00f3val \u00e9s az erd\u00e9lyi ferencesek el\u00f6lj\u00e1r\u00f3j\u00e1val,&#8230;","protected":false},"author":2,"featured_media":0,"comment_status":"closed","ping_status":"closed","sticky":false,"template":"","format":"standard","meta":{"footnotes":""},"categories":[8],"tags":[],"class_list":["post-31172","post","type-post","status-publish","format-standard","hentry","category-lelki-gyongyok"],"_links":{"self":[{"href":"https:\/\/imalanc.ro\/w\/wp-json\/wp\/v2\/posts\/31172","targetHints":{"allow":["GET"]}}],"collection":[{"href":"https:\/\/imalanc.ro\/w\/wp-json\/wp\/v2\/posts"}],"about":[{"href":"https:\/\/imalanc.ro\/w\/wp-json\/wp\/v2\/types\/post"}],"author":[{"embeddable":true,"href":"https:\/\/imalanc.ro\/w\/wp-json\/wp\/v2\/users\/2"}],"replies":[{"embeddable":true,"href":"https:\/\/imalanc.ro\/w\/wp-json\/wp\/v2\/comments?post=31172"}],"version-history":[{"count":1,"href":"https:\/\/imalanc.ro\/w\/wp-json\/wp\/v2\/posts\/31172\/revisions"}],"predecessor-version":[{"id":31176,"href":"https:\/\/imalanc.ro\/w\/wp-json\/wp\/v2\/posts\/31172\/revisions\/31176"}],"wp:attachment":[{"href":"https:\/\/imalanc.ro\/w\/wp-json\/wp\/v2\/media?parent=31172"}],"wp:term":[{"taxonomy":"category","embeddable":true,"href":"https:\/\/imalanc.ro\/w\/wp-json\/wp\/v2\/categories?post=31172"},{"taxonomy":"post_tag","embeddable":true,"href":"https:\/\/imalanc.ro\/w\/wp-json\/wp\/v2\/tags?post=31172"}],"curies":[{"name":"wp","href":"https:\/\/api.w.org\/{rel}","templated":true}]}}