{"id":31140,"date":"2024-08-15T19:13:34","date_gmt":"2024-08-15T17:13:34","guid":{"rendered":"https:\/\/imalanc.ro\/w\/?p=31140"},"modified":"2024-09-04T04:58:23","modified_gmt":"2024-09-04T02:58:23","slug":"hazatert-a-fogadalmi-szobor","status":"publish","type":"post","link":"https:\/\/imalanc.ro\/w\/hazatert-a-fogadalmi-szobor\/","title":{"rendered":"Hazat\u00e9rt Kolozsv\u00e1rra a fogadalmi szobor"},"content":{"rendered":"<p>,,<em>Kolozsv\u00e1r mindannyiunk\u00e9, egy\u00fctt \u00f6r\u00fcl\u00fcnk annak, ami sz\u00e9p \u00e9s j\u00f3, most egy\u00fctt k\u00e9rj\u00fck a j\u00f3 Isten \u00e1ld\u00e1s\u00e1t v\u00e1rosunkra, el\u0151tte k\u00e9rem Kerekes L\u00e1szl\u00f3 p\u00fcsp\u00f6k urat a M\u00e1ria-oszlop meg\u00e1ld\u00e1s\u00e1ra<\/em>\u201d fogalmazott L\u00e1szl\u00f3 Attila f\u0151esperes-pl\u00e9b\u00e1nos augusztus 15-\u00e9n, Nagyboldogasszony \u00fcnnep\u00e9n a piarista templom el\u0151tt az eredeti hely\u00e9re \u00fajra fel\u00e1ll\u00edtott fogadalmi M\u00e1ria-oszlop meg\u00e1ld\u00e1sa el\u0151tt.<!--more--><a href=\"https:\/\/imalanc.ro\/w\/wp-content\/uploads\/Vonulas-a-fogadalmi-szoborhoz.jpg\"><img loading=\"lazy\" decoding=\"async\" class=\"alignnone wp-image-31142 size-full\" src=\"https:\/\/imalanc.ro\/w\/wp-content\/uploads\/Vonulas-a-fogadalmi-szoborhoz.jpg\" alt=\"\" width=\"580\" height=\"384\" srcset=\"https:\/\/imalanc.ro\/w\/wp-content\/uploads\/Vonulas-a-fogadalmi-szoborhoz.jpg 580w, https:\/\/imalanc.ro\/w\/wp-content\/uploads\/Vonulas-a-fogadalmi-szoborhoz-300x199.jpg 300w\" sizes=\"auto, (max-width: 580px) 100vw, 580px\" \/><\/a><\/p>\n<p>Nagyboldogasszony-napi \u00fcnnepi szentmis\u00e9t celebr\u00e1lt Kerekes L\u00e1szl\u00f3 gyulafeh\u00e9rv\u00e1ri seg\u00e9dp\u00fcsp\u00f6k a kolozsv\u00e1ri piarista templomban augusztus 15-\u00e9n d\u00e9lel\u0151tt 11 \u00f3rakor. Vele koncelebr\u00e1lt L\u00e1szl\u00f3 Attila f\u0151esperes-pl\u00e9b\u00e1nos, Veres Stelian gazdas\u00e1gi igazgat\u00f3, Moln\u00e1r Lehel piarista, Olivo Bosa jezsuita, Jakab G\u00e1bor, Sz\u00e9kely D\u00e9nes \u00e9s F\u00e1bi\u00e1n L\u00e1szl\u00f3 kolozsv\u00e1ri pl\u00e9b\u00e1nosok, Popesc Mih\u0103i\u0163\u0103, a rom\u00e1n szem\u00e9lyi pl\u00e9b\u00e1nia pl\u00e9b\u00e1nosa, B\u0151jte Csongor \u00e9s Czirj\u00e1k Ott\u00f3 seg\u00e9dlelk\u00e9szek.<\/p>\n<p>Kerekes L\u00e1szl\u00f3 seg\u00e9dp\u00fcsp\u00f6k Rainer Maria Rilke verssorokkal ind\u00edtotta \u00fcnnepi besz\u00e9d\u00e9t, amelyben a hit meg\u0151rz\u00e9s\u00e9re intett, a piarista templom egykor k\u00f6nnyez\u0151 kegyk\u00e9p\u00e9t \u00e9s a templom el\u0151tti t\u00e9ren \u00fajra fel\u00e1ll\u00edtott M\u00e1ria-oszlopot egybekapcsolva, mint az el\u0151d\u00f6k hit\u00e9nek l\u00e1that\u00f3 jel\u00e9t eml\u00edtette.<\/p>\n<p>A felemel\u0151 szentmise ut\u00e1n a jelenl\u00e9v\u0151k a templom el\u0151tti t\u00e9rre vonultak, a templom torny\u00e1b\u00f3l sz\u00f3l\u00f3 f\u00fav\u00f3szene k\u00eds\u00e9ret\u00e9ben.<!--more--><a href=\"https:\/\/imalanc.ro\/w\/wp-content\/uploads\/Szent-Mihaly-templom-enekkarabol.jpg\"><img loading=\"lazy\" decoding=\"async\" class=\"aligncenter wp-image-31143 size-full\" src=\"https:\/\/imalanc.ro\/w\/wp-content\/uploads\/Szent-Mihaly-templom-enekkarabol.jpg\" alt=\"\" width=\"580\" height=\"384\" srcset=\"https:\/\/imalanc.ro\/w\/wp-content\/uploads\/Szent-Mihaly-templom-enekkarabol.jpg 580w, https:\/\/imalanc.ro\/w\/wp-content\/uploads\/Szent-Mihaly-templom-enekkarabol-300x199.jpg 300w\" sizes=\"auto, (max-width: 580px) 100vw, 580px\" \/><\/a>B\u0151jte Csongor arra eml\u00e9keztetett, ez az \u00fcnnep nem egyszer\u0171en t\u00e9ravat\u00f3 esem\u00e9ny, hanem Kolozsv\u00e1r n\u00e9p\u00e9nek t\u00f6rt\u00e9nelmi pillanata \u00e9s egyben a Kolozsv\u00e1ri Magyar Napok im\u00e1ds\u00e1gos nyit\u00e1nya. Felid\u00e9zte a t\u00f6bb \u00e9ves munk\u00e1t, amelynek eredm\u00e9nyek\u00e9nt az \u00f6sszegy\u0171lt kolozsv\u00e1riak \u00fcnnepelhettek, \u00f6r\u00fclhettek a meg\u00fajult t\u00e9rnek, ahov\u00e1 \u201e<em>hazat\u00e9rt<\/em>\u201d a Sz\u0171z M\u00e1ria oltalm\u00e1ba aj\u00e1nlott fogadalmi oszlop.<!--more--><a href=\"https:\/\/imalanc.ro\/w\/wp-content\/uploads\/Ahitattal-a-szobor-megaldasakor.jpg\"><img loading=\"lazy\" decoding=\"async\" class=\"alignnone wp-image-31144 size-full\" src=\"https:\/\/imalanc.ro\/w\/wp-content\/uploads\/Ahitattal-a-szobor-megaldasakor.jpg\" alt=\"\" width=\"580\" height=\"384\" srcset=\"https:\/\/imalanc.ro\/w\/wp-content\/uploads\/Ahitattal-a-szobor-megaldasakor.jpg 580w, https:\/\/imalanc.ro\/w\/wp-content\/uploads\/Ahitattal-a-szobor-megaldasakor-300x199.jpg 300w\" sizes=\"auto, (max-width: 580px) 100vw, 580px\" \/><\/a>,,<em>K\u00f6z\u00f6s \u00f6r\u00f6m\u00fcnk, hogy sok j\u00f3sz\u00e1nd\u00e9k \u00e9s akarat eredm\u00e9nyek\u00e9nt \u00fajra eredeti, m\u00e9lt\u00f3 hely\u00e9n \u00e1ll a kolozsv\u00e1ri M\u00e1ria-oszlop, fogadalmi szobor, Erd\u00e9ly m\u00e1sodik legr\u00e9gibb k\u00f6zt\u00e9ri szobra, v\u00e1rosunk els\u0151 megmaradt k\u00f6zt\u00e9ri eml\u00e9ke. Eml\u00e9keztet, m\u00faltra \u00e9s j\u00f6v\u0151re, sz\u00e9p v\u00e1rosunkra, k\u00f6z\u00f6s, egy\u00fctt form\u00e1land\u00f3 napjainkra. Figyelmeztet f\u00f6ldi rohan\u00f3 napjainkban \u00f6r\u00f6kk\u00e9val\u00f3 \u00e9let\u00fcnkre; M\u00e1ria \u00e1ltal eml\u00e9keztetve, aki Isten jelenl\u00e9te az emberek k\u00f6z\u00f6tt, \u00e9s akinek szavai ma is a legl\u00e9nyegesebbek, amikor Fi\u00e1ra mutatva \u00edgy sz\u00f3l: Tegy\u00e9tek meg, amit mond!<\/em>\u201d<!--more--><a href=\"https:\/\/imalanc.ro\/w\/wp-content\/uploads\/Maria-oszlop-mellett.jpg\"><img loading=\"lazy\" decoding=\"async\" class=\"aligncenter wp-image-31145 size-full\" src=\"https:\/\/imalanc.ro\/w\/wp-content\/uploads\/Maria-oszlop-mellett.jpg\" alt=\"\" width=\"580\" height=\"384\" srcset=\"https:\/\/imalanc.ro\/w\/wp-content\/uploads\/Maria-oszlop-mellett.jpg 580w, https:\/\/imalanc.ro\/w\/wp-content\/uploads\/Maria-oszlop-mellett-300x199.jpg 300w\" sizes=\"auto, (max-width: 580px) 100vw, 580px\" \/><\/a>A bevezet\u0151 ut\u00e1n L\u00e1szl\u00f3 Attila f\u0151esperes-pl\u00e9b\u00e1nos id\u00e9zte fel a fogadalmi oszlop viszontags\u00e1gos t\u00f6rt\u00e9net\u00e9t: ,,<em>Ezen oszlop t\u00f6rt\u00e9nete az Isten ut\u00e1n v\u00e1gyakoz\u00f3\/ki\u00e1lt\u00f3 vagy az \u00e9pp t\u0151le elfordul\u00f3 ember \u00fatj\u00e1t mutatja meg. A mai napon eml\u00e9kez\u00fcnk, k\u00f6sz\u00f6netet mondunk \u00e9s im\u00e1dkozunk. A t\u00f6rt\u00e9nelem hull\u00e1mz\u00f3 idej\u00e9n t\u00fal a j\u00f6v\u0151be bizalommal tekint\u00fcnk, er\u0151t k\u00e9r\u00fcnk, hogy rem\u00e9ny\u00fcnk legyen a j\u00f6v\u0151h\u00f6z. Az elm\u00falt \u00e9vek sor\u00e1n sok f\u00f3rumon t\u00f6rt\u00e9nt r\u00e9szletes t\u00e1j\u00e9koztat\u00e1s \u00e9p\u00edt\u00e9s\u00e9r\u0151l, elhurcol\u00e1s\u00e1r\u00f3l; \u00e9s a t\u00f6rekv\u00e9sr\u0151l Kolozsv\u00e1r pl\u00e9b\u00e1nosai \u00e9s polg\u00e1rai r\u00e9sz\u00e9r\u0151l, hogy t\u00f6rt\u00e9njen meg vissza\u00e1ll\u00edt\u00e1sa. H\u00e1l\u00e1val eleven\u00edtem fel, hogy mai \u00fcnnep\u00fcnk k\u00f6zvetlen el\u0151zm\u00e9nye Gergely Bal\u00e1zs kezdem\u00e9nyez\u00e9se Kov\u00e1cs S\u00e1ndor f\u0151esperesn\u00e9l, akinek hal\u00e1la ok\u00e1n a megb\u00edzott ut\u00f3d, Veres Stelian k\u00e9relmezte Emil Boc polg\u00e1rmestern\u00e9l \u00e9s az \u00f6nkorm\u00e1nyzatn\u00e1l a M\u00e1ria-oszlop vissza\u00e1ll\u00edt\u00e1s\u00e1t<\/em>\u201d, mondta L\u00e1szl\u00f3 Attila.<!--more--><a href=\"https:\/\/imalanc.ro\/w\/wp-content\/uploads\/Fogadalmi-szobor-avatasara-keszulve.jpg\"><img loading=\"lazy\" decoding=\"async\" class=\"aligncenter wp-image-31146 size-full\" src=\"https:\/\/imalanc.ro\/w\/wp-content\/uploads\/Fogadalmi-szobor-avatasara-keszulve.jpg\" alt=\"\" width=\"580\" height=\"384\" srcset=\"https:\/\/imalanc.ro\/w\/wp-content\/uploads\/Fogadalmi-szobor-avatasara-keszulve.jpg 580w, https:\/\/imalanc.ro\/w\/wp-content\/uploads\/Fogadalmi-szobor-avatasara-keszulve-300x199.jpg 300w\" sizes=\"auto, (max-width: 580px) 100vw, 580px\" \/><\/a>,,<em>Ez \u00fcnnepi alkalommal is h\u00e1l\u00e1san k\u00f6sz\u00f6nj\u00fck nekik, valamint Andrei Andreicu\u0163 ortodox metropolit\u00e1nak \u00e9s az elhunyt Florentin Crih\u0103lmeanu g\u00f6r\u00f6gkatolikus p\u00fcsp\u00f6knek, hogy ezen \u00fcgy mell\u00e9 \u00e1lltak t\u00e1mogat\u00f3an. K\u00f6sz\u00f6nj\u00fck egyben a polg\u00e1ri hat\u00f3s\u00e1goknak, \u00e9rdekk\u00e9pviselet\u00fcnknek, \u00e9s mindenkinek, akik t\u00e1mogatt\u00e1k, hogy az \u0151s\u00f6k \u00e1ltal meg\u00e1lmodott m\u00f3don legyen \u00e9kk\u00f6ve v\u00e1rosunknak, e t\u00e9rnek, eml\u00e9keztetve m\u00faltra \u00e9s j\u00f6v\u0151re, sz\u00e9p v\u00e1rosunkra, k\u00f6z\u00f6s, egy\u00fctt form\u00e1land\u00f3 napjainkra<\/em>\u201d, z\u00e1rta besz\u00e9d\u00e9t a f\u0151esperes-pl\u00e9b\u00e1nos.<!--more--><a href=\"https:\/\/imalanc.ro\/w\/wp-content\/uploads\/Fuvos-zene.jpg\"><img loading=\"lazy\" decoding=\"async\" class=\"alignnone wp-image-31147 size-full\" src=\"https:\/\/imalanc.ro\/w\/wp-content\/uploads\/Fuvos-zene.jpg\" alt=\"\" width=\"580\" height=\"384\" srcset=\"https:\/\/imalanc.ro\/w\/wp-content\/uploads\/Fuvos-zene.jpg 580w, https:\/\/imalanc.ro\/w\/wp-content\/uploads\/Fuvos-zene-300x199.jpg 300w\" sizes=\"auto, (max-width: 580px) 100vw, 580px\" \/><\/a><\/p>\n<p>Ol\u00e1h Emese alpolg\u00e1rmester az \u00e9rdekk\u00e9pviselet eredm\u00e9nyes munk\u00e1j\u00e1t h\u00fazta al\u00e1, amelynek nyom\u00e1n Kolozsv\u00e1r \u00fagy mutatja mag\u00e1t az idel\u00e1togat\u00f3nak, hogy az m\u00e9lt\u00f3 b\u00e1rmely eur\u00f3pai f\u0151v\u00e1roshoz.<!--more--><a href=\"https:\/\/imalanc.ro\/w\/wp-content\/uploads\/Egyhazak-kepviseloi.jpg\"><img loading=\"lazy\" decoding=\"async\" class=\"alignnone wp-image-31151 size-full\" src=\"https:\/\/imalanc.ro\/w\/wp-content\/uploads\/Egyhazak-kepviseloi.jpg\" alt=\"\" width=\"580\" height=\"384\" srcset=\"https:\/\/imalanc.ro\/w\/wp-content\/uploads\/Egyhazak-kepviseloi.jpg 580w, https:\/\/imalanc.ro\/w\/wp-content\/uploads\/Egyhazak-kepviseloi-300x199.jpg 300w\" sizes=\"auto, (max-width: 580px) 100vw, 580px\" \/><\/a>Az Egyetem \u00e9s Farkas utca mai arculata Maczalik Arnold \u00e9p\u00edt\u00e9sznek \u00e9s csapat\u00e1nak k\u00f6sz\u00f6nhet\u0151. Besz\u00e9d\u00e9ben kit\u0171n\u0151 rom\u00e1ns\u00e1ggal sz\u00f3lt a rom\u00e1najk\u00fa jelenlev\u0151kh\u00f6z, c\u00e9lzottan \u0151ket sz\u00f3l\u00edtva meg M\u00e1ty\u00e1s kir\u00e1ly, Hunyadi J\u00e1nos fia kolozsv\u00e1ri k\u00f6t\u0151d\u00e9seit kiemelve, a v\u00e1rosk\u00f6zpont, az egykori \u00f3v\u00e1r \u00e9s v\u00e1ros egyes helysz\u00edneit feleleven\u00edtve. A magyar hallgat\u00f3s\u00e1got k\u00f6lt\u0151i \u00e9s egyben pr\u00f3f\u00e9tai szavakkal helyezte bele a M\u00e1ria-szobor k\u00f6r\u00fcli er\u0151vonalak ment\u00e9n a transzcendencia vil\u00e1g\u00e1ba. N\u00e9v szerint is megeml\u00edtette ugyanakkor a fogadalmi oszlop fel\u00faj\u00edt\u00f3it, illetve r\u00e9szben \u00fajraalkot\u00f3it, Kiss Zolt\u00e1n k\u0151farag\u00f3t \u00e9s csapat\u00e1t, akik k\u00fcl\u00f6n\u00f6sen a nagyon s\u00e9r\u00fclt eredeti M\u00e1ria-alak val\u00f3s\u00e1gh\u0171 m\u00e1solat\u00e1t megalkott\u00e1k. M\u00e1ria \u00edgy n\u00e9h\u00e1ny \u00e9vtizedes sz\u00e1m\u0171zet\u00e9s\u00e9b\u0151l visszat\u00e9rt, ahol az egykori jezsuita, majd piarista konviktus homlokzat\u00e1n m\u00e1r v\u00e1rta Szent J\u00f3zsef. Hiszen a t\u00e9ren, szint\u00e9n rejtve n\u00e9h\u00e1ny \u00e9vtizedig, ott volt J\u00f3zsef, a rejtekben is h\u0171 jegyes, a k\u00e9t szobor az iskol\u00e1k, egyetem\u00e9p\u00fclet, templom er\u0151ter\u00e9ben szavak n\u00e9lk\u00fcl is felfel\u00e9 mutat.<\/p>\n<p>Maczalik Arnold besz\u00e9d\u00e9t azzal az im\u00e1val z\u00e1rta, ami f\u00e9mlapon az oszlop alapzat\u00e1ba ker\u00fclt, hogy a k\u0151anyagot az ima szavaival is seg\u00edtsen egybetartani.<!--more--><a href=\"https:\/\/imalanc.ro\/w\/wp-content\/uploads\/Maczalik-Arnold-epitesz.jpg\"><img loading=\"lazy\" decoding=\"async\" class=\"alignnone wp-image-31154 size-full\" src=\"https:\/\/imalanc.ro\/w\/wp-content\/uploads\/Maczalik-Arnold-epitesz.jpg\" alt=\"Maczalik Arnold-epitesz\" width=\"580\" height=\"386\" srcset=\"https:\/\/imalanc.ro\/w\/wp-content\/uploads\/Maczalik-Arnold-epitesz.jpg 580w, https:\/\/imalanc.ro\/w\/wp-content\/uploads\/Maczalik-Arnold-epitesz-300x200.jpg 300w\" sizes=\"auto, (max-width: 580px) 100vw, 580px\" \/><\/a><\/p>\n<p><em>\u00dcdv\u00f6s l\u00e9gy, M\u00e1ria, istenanya, kinek eg\u00e9szen sz\u00e9ps\u00e9ges mivolta a t\u00fcnd\u00f6kl\u0151 tisztas\u00e1g, a teljes engedelem, elfogad\u00e1s \u00e9s r\u00e1hagyatkoz\u00e1s! Bocs\u00e1sd meg nek\u00fcnk, hogy kolozsv\u00e1ri k\u00f6zt\u00e9ri szobrodat oly sok\u00e1ig a korszellem \u00e1ltal a v\u00e1rossz\u00e9lre ki\u0171zni engedt\u00fck. H\u00e1l\u00e1val \u00e9s rem\u00e9nys\u00e9ggel teli a sz\u00edv\u00fcnk, hogy e t\u00e1rgy meg\u0151rz\u0151d\u00f6tt a k\u00f6zel h\u00e1rom \u00e9vsz\u00e1zad sor\u00e1n, \u00e9s most, a szemk\u00f6zt \u00e1ll\u00f3 Szenth\u00e1roms\u00e1g templom \u00e9p\u00edt\u00e9s\u00e9nek \u00e9ppen h\u00e1romsz\u00e1zadik \u00e9vfordul\u00f3j\u00e1n a Teremt\u0151 akarat\u00e1b\u00f3l eredeti hely\u00e9re vissza\u00e1ll\u00edthat\u00f3. Rem\u00e9lj\u00fck, hogy a n\u00e9hai Kornis Antal l\u00e9treh\u00edv\u00f3 szellemis\u00e9ge ma is \u00e9l e helyen \u00e9s cselekedeteink \u00e1ltal tart\u00f3san hat \u00e9s tov\u00e1bb\u00f6r\u00f6k\u00fcl. \u00d6rvend a mi sz\u00edv\u00fcnk, hiszen eme k\u0151b\u0151l fogalmazott jel j\u00e1rtunkban-kelt\u00fcnkben \u00f3v\u00f3 pillant\u00e1said megtart\u00f3 b\u0171vk\u00f6r\u00e9be von benn\u00fcnket, mindannyiunkat, Kolozsv\u00e1r n\u00e9peit. \u00c1ltala a bel\u0151led sug\u00e1rz\u00f3 min\u0151s\u00e9g legyen oltalmunk \u00e9s k\u00f6vetend\u0151 csillagunk, hogy k\u00f6r\u00fcnkben lehessen rend, nyugalom \u00e9s b\u00e9ke. Nemr\u00e9gen \u00fajult meg a Farkas utcai templom, azt\u00e1n meg t\u00fcnd\u00f6kl\u0151 sz\u00e9ps\u00e9gben a f\u0151t\u00e9ri Szent Mih\u00e1ly pl\u00e9b\u00e1niatemplom is, lecsengett a vil\u00e1gunkat alapjait\u00f3l eltorz\u00edt\u00f3 j\u00e1rv\u00e1ny, k\u00f6zel\u00fcnkben Ukrajn\u00e1ban \u00e9s a Szentf\u00f6ld\u00f6n h\u00e1bor\u00fak d\u00falnak, ak\u00e1rcsak mindennapjainkban az \u00edt\u00e9lkez\u00e9s, a szerz\u00e9s \u00e9s a balgas\u00e1g kicsinyes harcaiban. Egyszerre sz\u00e9tburj\u00e1nz\u00f3 \u00e9s elapad\u00f3 v\u00e1rosunkat el\u00e1rasztott\u00e1k \u00e1zsiai menek\u00fcltek. Mindenki kez\u00e9ben mobiltelefon, mik\u00f6zben a vil\u00e1gh\u00e1l\u00f3 \u00e9s a virtu\u00e1lis k\u00e9pzet h\u00e1l\u00f3zta be az eg\u00e9sz emberis\u00e9get. Idel\u00e1togat\u00f3k mondj\u00e1k r\u00f3lunk: csendes el\u00e9gedetts\u00e9gben \u00e9l\u00fcnk, amit mi megbolydult mozgalmass\u00e1gnak \u00e9rz\u00e9kel\u00fcnk. Hozz\u00e1d foh\u00e1szkodunk, hogy visszacsatolj \u00e9s szil\u00e1rd\u00edts meg szent fiad, J\u00e9zus Krisztus \u00fatj\u00e1n, mely maga a mindent \u00e1that\u00f3 szeretet. \u0150 legyen a mi tan\u00edt\u00f3nk, er\u0151ss\u00e9g\u00fcnk \u00e9s \u00fcdv\u00f6z\u00edt\u0151nk az Aty\u00e1ban \u00e9s Szentl\u00e9lek Istenben.<\/em><!--more--><a href=\"https:\/\/imalanc.ro\/w\/wp-content\/uploads\/Fogadalmi-szobor-mellett-ort-allnak-a-cserkeszek.jpg\"><img loading=\"lazy\" decoding=\"async\" class=\"aligncenter wp-image-31148 size-full\" src=\"https:\/\/imalanc.ro\/w\/wp-content\/uploads\/Fogadalmi-szobor-mellett-ort-allnak-a-cserkeszek.jpg\" alt=\"\" width=\"580\" height=\"876\" srcset=\"https:\/\/imalanc.ro\/w\/wp-content\/uploads\/Fogadalmi-szobor-mellett-ort-allnak-a-cserkeszek.jpg 580w, https:\/\/imalanc.ro\/w\/wp-content\/uploads\/Fogadalmi-szobor-mellett-ort-allnak-a-cserkeszek-199x300.jpg 199w\" sizes=\"auto, (max-width: 580px) 100vw, 580px\" \/><\/a>A fogadalmi oszlop egykor, 1744-ben egy korabeli j\u00e1rv\u00e1ny, a pestis elm\u00falt\u00e1val, h\u00e1l\u00e1b\u00f3l k\u00e9sz\u00fclt, k\u00f6sz\u00f6netk\u00e9nt a v\u00e1ros \u00e9s lak\u00f3i megmenek\u00fcl\u00e9s\u00e9\u00e9rt. A v\u00e1ros mai lak\u00f3it k\u00e9pviselte \u00e9s jelen\u00edtette, valamint sz\u00f3laltatta meg a Kolozsv\u00e1ron jelen lev\u0151 felekezetek egy-egy k\u00e9pvisel\u0151je: Florin C\u0103t\u0103lin Ghi\u021b ortodox pap, a rom\u00e1n ortodox egyh\u00e1z Rena\u0219terea (\u00dajj\u00e1sz\u00fclet\u00e9s) Kiad\u00f3j\u00e1nak f\u0151szerkeszt\u0151je az ortodox \u00e9rseks\u00e9g k\u00e9pviselet\u00e9ben, Boldizs\u00e1r Be\u00e1ta p\u00fcsp\u00f6ki titk\u00e1r az evang\u00e9likus-luther\u00e1nus egyh\u00e1z k\u00e9pviselet\u00e9ben, Szab\u00f3 L\u00e1szl\u00f3 p\u00fcsp\u00f6ki titk\u00e1r a magyar unit\u00e1rius egyh\u00e1z nev\u00e9ben, Coste-Deak Traian Radu g\u00f6r\u00f6gkatolikus pap, egyh\u00e1zmegyei b\u00edr\u00f3s\u00e1gi helyn\u00f6k a kolozsv\u00e1r-szamos\u00fajv\u00e1ri g\u00f6r\u00f6gkatolikus egyh\u00e1zmegye k\u00e9pviselet\u00e9ben.<!--more--><a href=\"https:\/\/imalanc.ro\/w\/wp-content\/uploads\/Legy-velunk-Szuzanyank.jpg\"><img loading=\"lazy\" decoding=\"async\" class=\"alignnone wp-image-31149 size-full\" src=\"https:\/\/imalanc.ro\/w\/wp-content\/uploads\/Legy-velunk-Szuzanyank.jpg\" alt=\"\" width=\"580\" height=\"384\" srcset=\"https:\/\/imalanc.ro\/w\/wp-content\/uploads\/Legy-velunk-Szuzanyank.jpg 580w, https:\/\/imalanc.ro\/w\/wp-content\/uploads\/Legy-velunk-Szuzanyank-300x199.jpg 300w\" sizes=\"auto, (max-width: 580px) 100vw, 580px\" \/><\/a><\/p>\n<p>A szobor, valamint a v\u00e1ros \u00e9s lak\u00f3i meg\u00e1ld\u00e1sa k\u00f6vetkezett e szavakkal: ,,<em>\u00c1ldunk t\u00e9ged, Urunk, \u00e9letad\u00f3 Isten\u00fcnk, ki a vil\u00e1g kezdete el\u0151tt J\u00e9zust, a Krisztust rendelted mindenek kezdet\u00e9v\u00e9 \u00e9s c\u00e9lj\u00e1v\u00e1. J\u00f3s\u00e1god csod\u00e1latos terv\u00e9vel adtad a Boldogs\u00e1gos Sz\u00fczet, hogy fiad \u00e9desanyja \u00e9s t\u00e1rsa, az egyh\u00e1znak k\u00e9pm\u00e1sa \u00e9s mintak\u00e9pe, mindegyik\u00fcnk anyja \u00e9s oltalmaz\u00f3ja legyen. \u0150 az az \u00faj asszony, aki az \u0151si \u00c9va buk\u00e1s\u00e1t j\u00f3v\u00e1tette; Sion kiv\u00e1l\u00f3 le\u00e1nya, aki a p\u00e1tri\u00e1rk\u00e1k k\u00f6ny\u00f6rg\u00e9seihez csatolva esd\u0151 szavait sz\u00edv\u00e9be fogadta Azt, akit Izrael oly r\u00e9g\u00f3ta v\u00e1rt. \u0150 a szeg\u00e9ny \u00e9s al\u00e1zatos szolg\u00e1l\u00f3, akit\u0151l az Igazs\u00e1g Napja sz\u00e1rmazott, Fiad, a mi Urunk, J\u00e9zus Krisztus. Szent Aty\u00e1nk, k\u00f6ny\u00f6r\u00f6gve k\u00e9r\u00fcnk, hogy gyermekeid, e v\u00e1ros lak\u00f3i a boldogs\u00e1gos Sz\u0171znek oltalma alatt \u00f6r\u00f6k biztons\u00e1gban legyenek, \u00e9s sz\u00edv\u00fckbe v\u00e9ss\u00e9k, amit szem\u00fckkel megtekintenek. Legyen er\u0151s a hit\u00fck, fogyhatatlan a rem\u00e9ny\u00fck, gyarapod\u00f3 a szeretet\u00fck \u00e9s \u0151szinte az al\u00e1zatuk. F\u00e1jdalmukban te l\u00e9gy er\u0151forr\u00e1suk, szeg\u00e9nys\u00e9gben \u00e9rdem\u00fck, rossz napok sor\u00e1n t\u00fcrelm\u00fck, j\u00f3 napokban \u00f6r\u00f6m\u00fck. Legyenek a b\u00e9ke munk\u00e1sai \u00e9s az igazs\u00e1g m\u0171vel\u0151i, testv\u00e9ri szeretetben \u00e9lve, hogy a f\u00f6ldi napok ut\u00e1n az \u00d6r\u00f6k V\u00e1rosba \u00e9rkeznek, ahol a Boldogs\u00e1gos Sz\u0171z k\u00f6zbenj\u00e1r \u00e9rt\u00fck, \u00e9s kir\u00e1lyn\u0151k\u00e9nt t\u00fcnd\u00f6klik. Sz\u0171zany\u00e1nk, M\u00e1ria, p\u00e1rtfog\u00f3nk, mened\u00e9k\u00fcnk, j\u00e1rv\u00e1nyokt\u00f3l \u00e9s h\u00e1bor\u00fakt\u00f3l s\u00fajtott vil\u00e1gunkban sebezhet\u0151 \u00e9let\u00fcnket 2024-ben is, \u00e9s mindenkor oltalmadba aj\u00e1nljuk! Sz\u00f3lj szent fiadn\u00e1l \u00e9rett\u00fcnk, mutasd meg oltalmadat most \u00e9s mind\u00f6r\u00f6kk\u00e9, Krisztus, a mi Urunk \u00e1ltal. \u00c1men.\u201d<\/em><!--more--><a href=\"https:\/\/imalanc.ro\/w\/wp-content\/uploads\/Cserkeszek-menetelve.jpg\"><img loading=\"lazy\" decoding=\"async\" class=\"alignnone wp-image-31150 size-full\" src=\"https:\/\/imalanc.ro\/w\/wp-content\/uploads\/Cserkeszek-menetelve.jpg\" alt=\"\" width=\"580\" height=\"384\" srcset=\"https:\/\/imalanc.ro\/w\/wp-content\/uploads\/Cserkeszek-menetelve.jpg 580w, https:\/\/imalanc.ro\/w\/wp-content\/uploads\/Cserkeszek-menetelve-300x199.jpg 300w\" sizes=\"auto, (max-width: 580px) 100vw, 580px\" \/><\/a><\/p>\n<p>Az \u00fcnneps\u00e9g v\u00e9g\u00e9n Kerekes L\u00e1szl\u00f3 p\u00fcsp\u00f6k e szavakkal \u00e1ldott meg minden jelenlev\u0151t: ,,<em>Isten, aki a Boldogs\u00e1gos Sz\u0171z M\u00e1ria anyas\u00e1ga \u00e1ltal k\u00fcldte el a vil\u00e1gnak a megv\u00e1lt\u00e1s kegyelm\u00e9t, adja re\u00e1tok b\u0151s\u00e9ges \u00e1ld\u00e1s\u00e1t! \u00c9rezz\u00e9tek mindig \u00e9s minden\u00fctt a Szent Sz\u0171z seg\u00edt\u0151 oltalm\u00e1t, hiszen \u00e1ltala kapt\u00e1tok meg az \u00e9let szerz\u0151j\u00e9t!<\/em>\u201d<\/p>\n<p>&nbsp;<\/p>\n<p style=\"text-align: right;\"><em><strong>Forr\u00e1s: romkat.ro<\/strong><\/em><\/p>\n<p style=\"text-align: right;\"><em><strong>Szerz\u0151: Bod\u00f3 M\u00e1rta<\/strong><\/em><\/p>\n<p style=\"text-align: right;\"><strong><em>Fot\u00f3k: B\u00edr\u00f3 Ern\u0151<\/em><\/strong><\/p>\n","protected":false},"excerpt":{"rendered":",,Kolozsv\u00e1r mindannyiunk\u00e9, egy\u00fctt \u00f6r\u00fcl\u00fcnk annak, ami sz\u00e9p \u00e9s j\u00f3, most egy\u00fctt k\u00e9rj\u00fck a j\u00f3 Isten \u00e1ld\u00e1s\u00e1t v\u00e1rosunkra, el\u0151tte k\u00e9rem Kerekes&#8230;","protected":false},"author":2,"featured_media":31141,"comment_status":"closed","ping_status":"closed","sticky":false,"template":"","format":"standard","meta":{"footnotes":""},"categories":[8],"tags":[],"class_list":["post-31140","post","type-post","status-publish","format-standard","has-post-thumbnail","hentry","category-lelki-gyongyok"],"_links":{"self":[{"href":"https:\/\/imalanc.ro\/w\/wp-json\/wp\/v2\/posts\/31140","targetHints":{"allow":["GET"]}}],"collection":[{"href":"https:\/\/imalanc.ro\/w\/wp-json\/wp\/v2\/posts"}],"about":[{"href":"https:\/\/imalanc.ro\/w\/wp-json\/wp\/v2\/types\/post"}],"author":[{"embeddable":true,"href":"https:\/\/imalanc.ro\/w\/wp-json\/wp\/v2\/users\/2"}],"replies":[{"embeddable":true,"href":"https:\/\/imalanc.ro\/w\/wp-json\/wp\/v2\/comments?post=31140"}],"version-history":[{"count":4,"href":"https:\/\/imalanc.ro\/w\/wp-json\/wp\/v2\/posts\/31140\/revisions"}],"predecessor-version":[{"id":31169,"href":"https:\/\/imalanc.ro\/w\/wp-json\/wp\/v2\/posts\/31140\/revisions\/31169"}],"wp:featuredmedia":[{"embeddable":true,"href":"https:\/\/imalanc.ro\/w\/wp-json\/wp\/v2\/media\/31141"}],"wp:attachment":[{"href":"https:\/\/imalanc.ro\/w\/wp-json\/wp\/v2\/media?parent=31140"}],"wp:term":[{"taxonomy":"category","embeddable":true,"href":"https:\/\/imalanc.ro\/w\/wp-json\/wp\/v2\/categories?post=31140"},{"taxonomy":"post_tag","embeddable":true,"href":"https:\/\/imalanc.ro\/w\/wp-json\/wp\/v2\/tags?post=31140"}],"curies":[{"name":"wp","href":"https:\/\/api.w.org\/{rel}","templated":true}]}}