{"id":31112,"date":"2024-08-15T16:44:36","date_gmt":"2024-08-15T14:44:36","guid":{"rendered":"https:\/\/imalanc.ro\/w\/?p=31112"},"modified":"2024-09-04T05:19:50","modified_gmt":"2024-09-04T03:19:50","slug":"folfele-tekintsunk-hogy-el-ne-bukjunk-nagyboldogasszony-napjan-puspoki-bucsus-szentmise","status":"publish","type":"post","link":"https:\/\/imalanc.ro\/w\/folfele-tekintsunk-hogy-el-ne-bukjunk-nagyboldogasszony-napjan-puspoki-bucsus-szentmise\/","title":{"rendered":"F\u00f6lfele tekints\u00fcnk, hogy el ne bukjunk"},"content":{"rendered":"<p>\u00c1ldott az a n\u00e9p, ki Sz\u0171z M\u00e1ri\u00e1t tiszteli. \u00c1ldott az a v\u00e1ros, ki a Boldogs\u00e1gos Sz\u0171zanya p\u00e1rtfog\u00e1s\u00e1\u00e9rt akar k\u00f6ny\u00f6r\u00f6gni, mert olyanhoz foh\u00e1szkodik, ki sz\u00edve alatt hordozta az emberis\u00e9g megv\u00e1lt\u00f3j\u00e1t, Isten Fi\u00e1t.<!--more--><a href=\"https:\/\/imalanc.ro\/w\/wp-content\/uploads\/Vakar-Istvan-vilagi-meltosagok.jpg\"><img loading=\"lazy\" decoding=\"async\" class=\"aligncenter wp-image-31114 size-full\" src=\"https:\/\/imalanc.ro\/w\/wp-content\/uploads\/Vakar-Istvan-vilagi-meltosagok.jpg\" alt=\"V\u00e1k\u00e1r Istv\u00e1n a Kolozsmegyei tan\u00e1cs aleln\u00f6ke; sok-sok h\u00edv\u0151 a v\u00e1ros k\u00fcl\u00f6nb\u00f6z\u0151 r\u00e9sz\u00e9r\u0151l\" width=\"580\" height=\"432\" srcset=\"https:\/\/imalanc.ro\/w\/wp-content\/uploads\/Vakar-Istvan-vilagi-meltosagok.jpg 580w, https:\/\/imalanc.ro\/w\/wp-content\/uploads\/Vakar-Istvan-vilagi-meltosagok-300x223.jpg 300w\" sizes=\"auto, (max-width: 580px) 100vw, 580px\" \/><\/a><\/p>\n<p>Att\u00f3l k\u00e9ri a seg\u00edts\u00e9get, kiben emberr\u00e9 form\u00e1l\u00f3dott a m\u00e1sodik isteni szem\u00e9ly. \u0150 volt az els\u0151 Tabern\u00e1kulum, de ugyanakkor ember, m\u00e9g emberek k\u00f6zt j\u00e1r\u00f3 \u00e9s j\u00e1tsz\u00f3 kisl\u00e1ny is volt, ki feln\u0151ttk\u00e9nt is l\u00e1tta, \u00e9lte mindazt, amit mi \u00e9l\u00fcnk, de tiszt\u00e1n, b\u0171nt\u0151l mentesen, szepl\u0151telen\u00fcl.<!--more--><a href=\"https:\/\/imalanc.ro\/w\/wp-content\/uploads\/Bevonulas-a-piariba.jpg\"><img loading=\"lazy\" decoding=\"async\" class=\"aligncenter wp-image-31120 size-full\" src=\"https:\/\/imalanc.ro\/w\/wp-content\/uploads\/Bevonulas-a-piariba.jpg\" alt=\"\" width=\"580\" height=\"384\" srcset=\"https:\/\/imalanc.ro\/w\/wp-content\/uploads\/Bevonulas-a-piariba.jpg 580w, https:\/\/imalanc.ro\/w\/wp-content\/uploads\/Bevonulas-a-piariba-300x199.jpg 300w\" sizes=\"auto, (max-width: 580px) 100vw, 580px\" \/><\/a><\/p>\n<p>\u00cdgy tudja hogyan seg\u00edtsen, de legf\u0151k\u00e9ppen azt tudja, hogy mi az, ami Isten fel\u00e9 vezethet. Miut\u00e1n kimondta igenj\u00e9t a Szentl\u00e9leknek, m\u00e9g ink\u00e1bb Isten k\u00f6zels\u00e9g\u00e9ben \u00e9l\u0151, neki engedelmesked\u0151, az isteni szem\u00e9lyt kihord\u00f3 \u00e9s felnevel\u0151, mellette e f\u00f6ldi l\u00e9tben v\u00e9gig kitart\u00f3, majd elszendered\u0151, testest\u0151l-lelkest\u0151l \u00e9gbe jut\u00f3 \u00e9desanya.<!--more--><a href=\"https:\/\/imalanc.ro\/w\/wp-content\/uploads\/Olah-Emese-alpolgarmesterasszony-es-hivek.jpg\"><img loading=\"lazy\" decoding=\"async\" class=\"aligncenter wp-image-31115 size-full\" src=\"https:\/\/imalanc.ro\/w\/wp-content\/uploads\/Olah-Emese-alpolgarmesterasszony-es-hivek.jpg\" alt=\"A haj\u00f3ban vil\u00e1gi szervek megannyi k\u00e9pvisel\u0151i, k\u00f6zt\u00fck Ol\u00e1h Emese, Kolozsv\u00e1r alpolg\u00e1rmestere\" width=\"580\" height=\"384\" srcset=\"https:\/\/imalanc.ro\/w\/wp-content\/uploads\/Olah-Emese-alpolgarmesterasszony-es-hivek.jpg 580w, https:\/\/imalanc.ro\/w\/wp-content\/uploads\/Olah-Emese-alpolgarmesterasszony-es-hivek-300x199.jpg 300w\" sizes=\"auto, (max-width: 580px) 100vw, 580px\" \/><\/a><\/p>\n<p>Az egykor csod\u00e1san K\u00f6nnyez\u0151 Sz\u0171z kegyk\u00e9pe el\u0151tt, a kolozsv\u00e1ri piarista templomban, mint gyermekei, sokan gy\u0171ltek \u00f6ssze, hogy m\u00e9lt\u00f3n kezdhess\u00e9k augusztus 15-\u00e9n a 15. Kolozsv\u00e1ri Magyar Napokat, hol egy\u00fctt \u00fcnnepelt a magyars\u00e1g \u00e9s nem csak.<\/p>\n<p><!--more--><a href=\"https:\/\/imalanc.ro\/w\/wp-content\/uploads\/Tele-templom.jpg\"><img loading=\"lazy\" decoding=\"async\" class=\"aligncenter wp-image-31118 size-full\" src=\"https:\/\/imalanc.ro\/w\/wp-content\/uploads\/Tele-templom.jpg\" alt=\"N\u00e9h\u00e1ny napja volt tele a templom zar\u00e1ndokokkal, s e napon \u00fajra minden hely foglalt volt\" width=\"580\" height=\"384\" srcset=\"https:\/\/imalanc.ro\/w\/wp-content\/uploads\/Tele-templom.jpg 580w, https:\/\/imalanc.ro\/w\/wp-content\/uploads\/Tele-templom-300x199.jpg 300w\" sizes=\"auto, (max-width: 580px) 100vw, 580px\" \/><\/a><\/p>\n<p>N\u00e9h\u00e1ny napja volt tele a templom zar\u00e1ndokokkal, s e napon \u00fajra minden hely foglalt volt: az olt\u00e1r k\u00f6r\u00fcl 11 r\u00f3mai katolikus pap; m\u00e1s felekezetek k\u00e9pvisel\u0151i: Florin C\u0103t\u0103lin Ghi\u0163 ortodox pap, a Rena\u015fterea ortodox foly\u00f3irat szerkeszt\u0151je; Coste-Deak Traian Radu g\u00f6r\u00f6gkatolikus pap, a Kolozsv\u00e1r-Szamos\u00fajv\u00e1r g\u00f6r\u00f6gkatolikus egyh\u00e1zmegye egyh\u00e1zmegyei \u00e9s b\u00edr\u00f3s\u00e1gi helyn\u00f6ke; Szab\u00f3 L\u00e1szl\u00f3 az unit\u00e1rius egyh\u00e1z p\u00fcsp\u00f6ki titk\u00e1ra; Boldizs\u00e1r Be\u00e1ta az evang\u00e9likus-luther\u00e1nus egyh\u00e1z p\u00fcsp\u00f6ki titk\u00e1ra; 1 kispap, 1 akolitus, 1 piarista konfr\u00e1ter, 9 ministr\u00e1ns, s a haj\u00f3ban vil\u00e1gi szervek megannyi k\u00e9pvisel\u0151i, k\u00f6zt\u00fck Ol\u00e1h Emese, Kolozsv\u00e1r alpolg\u00e1rmestere; V\u00e1k\u00e1r Istv\u00e1n a Kolozsmegyei tan\u00e1cs aleln\u00f6ke; sok-sok h\u00edv\u0151 a v\u00e1ros k\u00fcl\u00f6nb\u00f6z\u0151 r\u00e9sz\u00e9r\u0151l, k\u00f6zt\u00fck m\u00e9g 7 cserk\u00e9sz is a 81-es Makkai S\u00e1ndor nev\u00e9t visel\u0151 cserk\u00e9szcsapatb\u00f3l, s n\u00e1luk a cserk\u00e9szek z\u00e1szlaja.<!--more--><a href=\"https:\/\/imalanc.ro\/w\/wp-content\/uploads\/Folfele-tekintsunk.jpg\"><img loading=\"lazy\" decoding=\"async\" class=\"aligncenter wp-image-31121 size-full\" src=\"https:\/\/imalanc.ro\/w\/wp-content\/uploads\/Folfele-tekintsunk.jpg\" alt=\"Tan\u00e1csolta, minden \u00e9lethelyzetben ,,f\u00f6lfele tekints\u00fcnk, azt keresve, ami odaf\u00f6nt van, mert akkor k\u00f6nnyebb lesz megtal\u00e1lni a j\u00f3 utat.\" width=\"581\" height=\"385\" srcset=\"https:\/\/imalanc.ro\/w\/wp-content\/uploads\/Folfele-tekintsunk.jpg 581w, https:\/\/imalanc.ro\/w\/wp-content\/uploads\/Folfele-tekintsunk-300x199.jpg 300w\" sizes=\"auto, (max-width: 581px) 100vw, 581px\" \/><\/a>A Gyulafeh\u00e9rv\u00e1ri \u00c9rseks\u00e9g r\u00e9sz\u00e9r\u0151l Kerekes L\u00e1szl\u00f3 seg\u00e9dp\u00fcsp\u00f6knek \u00f6rvendhett\u00fcnk, ki a bevezet\u0151 besz\u00e9dben l\u00e9nyegret\u00f6r\u0151en megfogalmazta az \u00e9lethez val\u00f3 helyes hozz\u00e1\u00e1ll\u00e1sunk hogyanj\u00e1t.<!--more--><a href=\"https:\/\/imalanc.ro\/w\/wp-content\/uploads\/Unitarius-evangelikus-lelkeszek.jpg\"><img loading=\"lazy\" decoding=\"async\" class=\"aligncenter wp-image-31124 size-full\" src=\"https:\/\/imalanc.ro\/w\/wp-content\/uploads\/Unitarius-evangelikus-lelkeszek.jpg\" alt=\"Szab\u00f3 L\u00e1szl\u00f3 az unit\u00e1rius egyh\u00e1z p\u00fcsp\u00f6ki titk\u00e1ra; Boldizs\u00e1r Be\u00e1ta az evang\u00e9likus-luther\u00e1nus egyh\u00e1z p\u00fcsp\u00f6ki titk\u00e1ra\" width=\"580\" height=\"384\" srcset=\"https:\/\/imalanc.ro\/w\/wp-content\/uploads\/Unitarius-evangelikus-lelkeszek.jpg 580w, https:\/\/imalanc.ro\/w\/wp-content\/uploads\/Unitarius-evangelikus-lelkeszek-300x199.jpg 300w\" sizes=\"auto, (max-width: 580px) 100vw, 580px\" \/><\/a><\/p>\n<p>Tan\u00e1csolta, minden \u00e9lethelyzetben ,,<em>f\u00f6lfele tekints\u00fcnk, azt keresve, ami odaf\u00f6nt van, mert akkor k\u00f6nnyebb lesz megtal\u00e1lni a j\u00f3 utat.<\/em>\u201d Ha lefele tekint\u00fcnk, akkor k\u00f6nnyen elbizonytalanodunk, elbukunk. L\u00e1t\u00e1sunk \u00edgy elhom\u00e1lyosodik. A f\u00f6ldi dolgok elterelik figyelm\u00fcnket az \u00e9giekr\u0151l, a biztos \u00fatr\u00f3l.<!--more--><a href=\"https:\/\/imalanc.ro\/w\/wp-content\/uploads\/Ambrus-Arnold-olvasmany.jpg\"><img loading=\"lazy\" decoding=\"async\" class=\"aligncenter wp-image-31122 size-full\" src=\"https:\/\/imalanc.ro\/w\/wp-content\/uploads\/Ambrus-Arnold-olvasmany.jpg\" alt=\"Az akolitus, Ambrus Arnold-P\u00e1l az olvasm\u00e1nnyal a (Jel 11, 19a; 12,1-6a, 10) az \u00e1ldott \u00e1llapotban lev\u0151 asszonyra ir\u00e1ny\u00edtotta figyelm\u00fcnket\" width=\"580\" height=\"384\" srcset=\"https:\/\/imalanc.ro\/w\/wp-content\/uploads\/Ambrus-Arnold-olvasmany.jpg 580w, https:\/\/imalanc.ro\/w\/wp-content\/uploads\/Ambrus-Arnold-olvasmany-300x199.jpg 300w\" sizes=\"auto, (max-width: 580px) 100vw, 580px\" \/><\/a>Az akolitus, Ambrus Arnold-P\u00e1l az olvasm\u00e1nnyal a (<strong>Jel 11, 19a; 12,1-6a, 10<\/strong>) az \u00e1ldott \u00e1llapotban lev\u0151 asszonyra ir\u00e1ny\u00edtotta figyelm\u00fcnket, aki a nap f\u00e9ny\u00e9ben t\u00fcnd\u00f6k\u00f6lt, s akire a s\u00e1rk\u00e1ny leselkedett, hogy \u00fajsz\u00fcl\u00f6tt gyermek\u00e9t elnyelje. De Isten gondvisel\u00e9se \u00e1ltal e gyermekben fog a vil\u00e1gba j\u00f6nni az, ki majd \u00fcdv\u00f6ss\u00e9get szerez mindny\u00e1junknak, megmutatva a vil\u00e1gnak az \u0151 orsz\u00e1g\u00e1nak erej\u00e9t.<!--more--><a href=\"https:\/\/imalanc.ro\/w\/wp-content\/uploads\/Szentlecke.jpg\"><img loading=\"lazy\" decoding=\"async\" class=\"aligncenter wp-image-31123 size-full\" src=\"https:\/\/imalanc.ro\/w\/wp-content\/uploads\/Szentlecke.jpg\" alt=\"A felolvas\u00e1sban Krisztus Isten \u00e1ltal tervezett \u00e9s beteljes\u00fclt \u00e9let\u00e9r\u0151l, hal\u00e1lb\u00f3l val\u00f3 felt\u00e1mad\u00e1s\u00e1r\u00f3l \u00e9s a hal\u00e1l f\u00f6l\u00f6tt aratott gy\u0151zelm\u00e9r\u0151l hallhattunk.\" width=\"580\" height=\"384\" srcset=\"https:\/\/imalanc.ro\/w\/wp-content\/uploads\/Szentlecke.jpg 580w, https:\/\/imalanc.ro\/w\/wp-content\/uploads\/Szentlecke-300x199.jpg 300w\" sizes=\"auto, (max-width: 580px) 100vw, 580px\" \/><\/a><\/p>\n<p>A szentleck\u00e9t (<strong>1Kor 15, 20\u201327c<\/strong>) Schuller Hajnal, a B\u00e1thory Istv\u00e1n Elm\u00e9leti L\u00edceum igazgat\u00f3n\u0151je ismertette. A felolvas\u00e1sban Krisztus Isten \u00e1ltal tervezett \u00e9s beteljes\u00fclt \u00e9let\u00e9r\u0151l, hal\u00e1lb\u00f3l val\u00f3 felt\u00e1mad\u00e1s\u00e1r\u00f3l \u00e9s a hal\u00e1l f\u00f6l\u00f6tt aratott gy\u0151zelm\u00e9r\u0151l hallhattunk. Ezzel nyitotta meg nek\u00fcnk, a Krisztushoz tartoz\u00f3knak a mennyet.<!--more--><a href=\"https:\/\/imalanc.ro\/w\/wp-content\/uploads\/Evangelium-Nagyboldogasszonykor-Veres-Stelian.jpg\"><img loading=\"lazy\" decoding=\"async\" class=\"alignnone wp-image-31125 size-full\" src=\"https:\/\/imalanc.ro\/w\/wp-content\/uploads\/Evangelium-Nagyboldogasszonykor-Veres-Stelian.jpg\" alt=\"M\u00e1ria Erzs\u00e9betn\u00e9l tett l\u00e1togat\u00e1s\u00e1r\u00f3l olvasott.\" width=\"580\" height=\"384\" srcset=\"https:\/\/imalanc.ro\/w\/wp-content\/uploads\/Evangelium-Nagyboldogasszonykor-Veres-Stelian.jpg 580w, https:\/\/imalanc.ro\/w\/wp-content\/uploads\/Evangelium-Nagyboldogasszonykor-Veres-Stelian-300x199.jpg 300w\" sizes=\"auto, (max-width: 580px) 100vw, 580px\" \/><\/a><\/p>\n<p>Az evang\u00e9liumban (<strong>Lk1, 39\u201356<\/strong>) Veres Stelian, a Szent Mih\u00e1ly pl\u00e9b\u00e1nia egykori korm\u00e1nyz\u00f3ja, a gyulafef\u00e9rv\u00e1ri \u00e9rseks\u00e9g jelenlegi gazdas\u00e1gi igazgat\u00f3ja, de legf\u0151k\u00e9pp papja, M\u00e1ria Erzs\u00e9betn\u00e9l tett l\u00e1togat\u00e1s\u00e1r\u00f3l olvasott. Az Istenanya al\u00e1zatoss\u00e1g\u00e1t, \u00f6r\u00f6m\u00e9t, seg\u00edt\u0151k\u00e9szs\u00e9g\u00e9t mutatta be a Magnificat \u00e1ltal.<!--more--><a href=\"https:\/\/imalanc.ro\/w\/wp-content\/uploads\/Ime-az-Isten-baranya.jpg\"><img loading=\"lazy\" decoding=\"async\" class=\"alignnone wp-image-31138 size-full\" src=\"https:\/\/imalanc.ro\/w\/wp-content\/uploads\/Ime-az-Isten-baranya.jpg\" alt=\"\" width=\"580\" height=\"384\" srcset=\"https:\/\/imalanc.ro\/w\/wp-content\/uploads\/Ime-az-Isten-baranya.jpg 580w, https:\/\/imalanc.ro\/w\/wp-content\/uploads\/Ime-az-Isten-baranya-300x199.jpg 300w\" sizes=\"auto, (max-width: 580px) 100vw, 580px\" \/><\/a>A szentbesz\u00e9dben Kerekes L\u00e1szl\u00f3 p\u00fcsp\u00f6k M\u00e1ria Istenre hagyatkoz\u00e1s\u00e1t \u00e9s az \u0151 akarata el\u0151tti meghajl\u00e1s\u00e1t emelte ki, kinek elszenderet\u00e9s\u00e9t \u00fcnnepelj\u00fck Nagyboldogasszony napj\u00e1n. Az Istenanya mennyei sz\u00fclet\u00e9snapj\u00e1r\u00f3l m\u00e1r az V. sz\u00e1zadban, a jeruzs\u00e1lemi \u00f6rm\u00e9ny olvasm\u00e1nyosk\u00f6nyvben is tal\u00e1lunk eml\u00edt\u00e9st, de dogmak\u00e9nt, hivatalosan az eg\u00e9sz Egyh\u00e1zra kiterjed\u0151en, csak 1950-ben fogalmazta meg XII. Piusz p\u00e1pa. Az \u00fcnnep kapcs\u00e1n a p\u00fcsp\u00f6k arra buzd\u00edtott, hogy k\u00f6vess\u00fck a Sz\u0171zanya p\u00e9ld\u00e1j\u00e1t az Istenre hagyatkoz\u00e1sban. \u0150 nem karriert akart befutni, hanem im\u00e1ival Istenre hangol\u00f3dni, tetteivel neki \u00e9lni, hogy Isten megdics\u0151\u00fclhessen benne \u00e9s nyilv\u00e1nval\u00f3v\u00e1 v\u00e1lj\u00e9k Isten nagys\u00e1ga.<!--more--><a href=\"https:\/\/imalanc.ro\/w\/wp-content\/uploads\/Aldas-leesdese.jpg\"><img loading=\"lazy\" decoding=\"async\" class=\"aligncenter wp-image-31126 size-full\" src=\"https:\/\/imalanc.ro\/w\/wp-content\/uploads\/Aldas-leesdese.jpg\" alt=\"\" width=\"581\" height=\"385\" srcset=\"https:\/\/imalanc.ro\/w\/wp-content\/uploads\/Aldas-leesdese.jpg 581w, https:\/\/imalanc.ro\/w\/wp-content\/uploads\/Aldas-leesdese-300x199.jpg 300w\" sizes=\"auto, (max-width: 581px) 100vw, 581px\" \/><\/a><\/p>\n<p>A p\u00fcsp\u00f6k visszaeml\u00e9kezett a Boldog \u00d6zs\u00e9b templomb\u00f3l pl\u00e9b\u00e1nosi tapasztalat\u00e1ra, ahol k\u00fcl\u00f6nb\u00f6z\u0151 karizm\u00e1j\u00fa lelkis\u00e9gi csoportokat l\u00e1ttak vend\u00e9g\u00fcl, amikor az egyik alkoholizmusb\u00f3l meggy\u00f3gyult \u00e9s megt\u00e9rt f\u00e9rfi tan\u00fas\u00e1gt\u00e9tel\u00e9ben a fesz\u00fcletre mutatva vallott. Elismerte, hogy meg\u00fajult \u00e9lete Krisztust\u00f3l sz\u00e1rmazik, mert \u0151 az aki neki er\u0151t adott ehhez. P\u00e9ld\u00e1zat\u00e1val arra tan\u00edtott, hogy a j\u00f3\u00e9rt, sz\u00e9p\u00e9rt, igaz\u00e9rt, mindaz\u00e9rt amit Istent\u0151l kaptunk, f\u0151leg azok\u00e9rt, amik\u00e9rt saj\u00e1t er\u0151b\u0151l semmit sem tudtunk tenni, Istennek adjunk h\u00e1l\u00e1t. Tan\u00faskodjunk mi is Isten benn\u00fcnk val\u00f3 m\u0171k\u00f6d\u00e9s\u00e9r\u0151l, mint ahogy azt nemcsak ez a meggy\u00f3gyult ember tette, hanem \u00fagy is, mint ahogy \u00e9let\u00e9vel a Sz\u0171zanya tan\u00edtott benn\u00fcnket.<!--more--><a href=\"https:\/\/imalanc.ro\/w\/wp-content\/uploads\/Felajanljak-a-bort.jpg\"><img loading=\"lazy\" decoding=\"async\" class=\"aligncenter wp-image-31127 size-full\" src=\"https:\/\/imalanc.ro\/w\/wp-content\/uploads\/Felajanljak-a-bort.jpg\" alt=\"\" width=\"580\" height=\"876\" srcset=\"https:\/\/imalanc.ro\/w\/wp-content\/uploads\/Felajanljak-a-bort.jpg 580w, https:\/\/imalanc.ro\/w\/wp-content\/uploads\/Felajanljak-a-bort-199x300.jpg 199w\" sizes=\"auto, (max-width: 580px) 100vw, 580px\" \/><\/a><\/p>\n<p>Ha \u00e9let\u00fcnk sor\u00e1n felismerj\u00fck Isten benn\u00fcnk val\u00f3 m\u0171k\u00f6d\u00e9s\u00e9t, akkor ismerj\u00fck el azt \u00e9s ne magunknak tulajdon\u00edtsuk, mint saj\u00e1t megval\u00f3s\u00edt\u00e1st, hanem l\u00e1ttassuk is m\u00e1sokkal e tapasztalatot. Ezzel m\u00e1sokat is Istenhez seg\u00edt\u00fcnk, mert \u0151k is \u00e9szrevehetik Isten nagys\u00e1g\u00e1t. Tanuljuk el Sz\u0171z M\u00e1ri\u00e1t\u00f3l az al\u00e1zatoss\u00e1got, az Isten keres\u00e9s\u00e9nek \u00e9letre v\u00e1lt\u00e1s\u00e1t. J\u00e1rjunk a hit \u00e9s az al\u00e1zat \u00fatj\u00e1n. \u00cdgy nemcsak Isten hatalmass\u00e1g\u00e1ra, hanem az \u0151 irgalmas j\u00f3s\u00e1g\u00e1ra is r\u00e1tal\u00e1lunk.<!--more--><a href=\"https:\/\/imalanc.ro\/w\/wp-content\/uploads\/Gorogkatolikus-ortodox-papok.jpg\"><img loading=\"lazy\" decoding=\"async\" class=\"aligncenter wp-image-31134 size-full\" src=\"https:\/\/imalanc.ro\/w\/wp-content\/uploads\/Gorogkatolikus-ortodox-papok.jpg\" alt=\"\" width=\"581\" height=\"385\" srcset=\"https:\/\/imalanc.ro\/w\/wp-content\/uploads\/Gorogkatolikus-ortodox-papok.jpg 581w, https:\/\/imalanc.ro\/w\/wp-content\/uploads\/Gorogkatolikus-ortodox-papok-300x199.jpg 300w\" sizes=\"auto, (max-width: 581px) 100vw, 581px\" \/><\/a><\/p>\n<p>Lelk\u00fcnk igazi b\u00e9k\u00e9j\u00e9t Istenn\u00e9l tal\u00e1ljuk meg. \u00dajuljunk meg hitben, l\u00e9lekben \u00e9s igazs\u00e1gban egyar\u00e1nt. B\u00edzzunk Istenben. Legy\u00fcnk szolg\u00e1latk\u00e9szek, m\u00e1sokkal t\u00f6r\u0151d\u0151k, al\u00e1zatosak. Gy\u0171jts\u00fcnk \u00e9gi kincseket, olyanokat melyek nem eny\u00e9sznek el soha. Az \u00e9giek fel\u00e9 ir\u00e1nyuljon tekintet\u00fcnk, mert igazi \u00e9rt\u00e9kre csak ott lel\u00fcnk.<!--more--><a href=\"https:\/\/imalanc.ro\/w\/wp-content\/uploads\/Krisztus-teste2.jpg\"><img loading=\"lazy\" decoding=\"async\" class=\"aligncenter wp-image-31129 size-full\" src=\"https:\/\/imalanc.ro\/w\/wp-content\/uploads\/Krisztus-teste2.jpg\" alt=\"\" width=\"580\" height=\"384\" srcset=\"https:\/\/imalanc.ro\/w\/wp-content\/uploads\/Krisztus-teste2.jpg 580w, https:\/\/imalanc.ro\/w\/wp-content\/uploads\/Krisztus-teste2-300x199.jpg 300w\" sizes=\"auto, (max-width: 580px) 100vw, 580px\" \/><\/a><\/p>\n<p>Az eucharisztia liturgi\u00e1ja ut\u00e1n a hossz\u00fa-hossz\u00fa \u00e1ldoz\u00e1si sorok, t\u00f6bb helyen is a templomban arr\u00f3l \u00e1rulkodtak, hogy az eg\u00e9sz szentmise alatti gy\u00f3ntat\u00e1sok nem hi\u00e1baval\u00f3k, f\u0151leg az \u00fcnnepi szentmis\u00e9ken, de b\u00e1rmely m\u00e1s szentmise el\u0151ttiek sem.<!--more--><a href=\"https:\/\/imalanc.ro\/w\/wp-content\/uploads\/Aldoztat.jpg\"><img loading=\"lazy\" decoding=\"async\" class=\"aligncenter wp-image-31133 size-full\" src=\"https:\/\/imalanc.ro\/w\/wp-content\/uploads\/Aldoztat.jpg\" alt=\"Az eucharisztia liturgi\u00e1ja ut\u00e1n a hossz\u00fa-hossz\u00fa \u00e1ldoz\u00e1si sorok\" width=\"580\" height=\"384\" srcset=\"https:\/\/imalanc.ro\/w\/wp-content\/uploads\/Aldoztat.jpg 580w, https:\/\/imalanc.ro\/w\/wp-content\/uploads\/Aldoztat-300x199.jpg 300w\" sizes=\"auto, (max-width: 580px) 100vw, 580px\" \/><\/a><\/p>\n<p>Err\u0151l ez alkalommal Nagy K\u00e1roly ferences testv\u00e9r gondoskodott.<!--more--><a href=\"https:\/\/imalanc.ro\/w\/wp-content\/uploads\/Cserkeszek-Mi-atyank.jpg\"><img loading=\"lazy\" decoding=\"async\" class=\"aligncenter wp-image-31130 size-full\" src=\"https:\/\/imalanc.ro\/w\/wp-content\/uploads\/Cserkeszek-Mi-atyank.jpg\" alt=\"\" width=\"580\" height=\"384\" srcset=\"https:\/\/imalanc.ro\/w\/wp-content\/uploads\/Cserkeszek-Mi-atyank.jpg 580w, https:\/\/imalanc.ro\/w\/wp-content\/uploads\/Cserkeszek-Mi-atyank-300x199.jpg 300w\" sizes=\"auto, (max-width: 580px) 100vw, 580px\" \/><\/a><\/p>\n<p>Sz\u00fcks\u00e9gesek, mert Istennel k\u00f6tnek \u00f6ssze, hozz\u00e1 vezetnek vissza. \u00c1ltaluk j\u00f3 megtapasztalni \u00fajra \u00e9s \u00fajra Isten j\u00f3s\u00e1g\u00e1t, irgalmass\u00e1g\u00e1t, k\u00f6zels\u00e9g\u00e9t, hogy ne hom\u00e1lyosan l\u00e1ssunk, hanem a tiszta l\u00e9lek kegyelmi \u00e1llapot\u00e1nak \u00f6rvendhess\u00fcnk.<!--more--><a href=\"https:\/\/imalanc.ro\/w\/wp-content\/uploads\/Szentmise-reszei.jpg\"><img loading=\"lazy\" decoding=\"async\" class=\"alignright wp-image-31131 size-full\" src=\"https:\/\/imalanc.ro\/w\/wp-content\/uploads\/Szentmise-reszei.jpg\" alt=\"\" width=\"580\" height=\"384\" srcset=\"https:\/\/imalanc.ro\/w\/wp-content\/uploads\/Szentmise-reszei.jpg 580w, https:\/\/imalanc.ro\/w\/wp-content\/uploads\/Szentmise-reszei-300x199.jpg 300w\" sizes=\"auto, (max-width: 580px) 100vw, 580px\" \/><\/a><\/p>\n<p>&nbsp;<\/p>\n<p>&nbsp;<\/p>\n<p>&nbsp;<\/p>\n<p>&nbsp;<\/p>\n<p>&nbsp;<\/p>\n<p>Csak \u00edgy l\u00e1thatjuk meg mi az, amit igaz\u00e1n az Isten v\u00e1r el t\u0151l\u00fcnk. Csak \u00edgy kaphatunk er\u0151t t\u0151le ezek teljes\u00edt\u00e9s\u00e9hez \u00e9s hittel val\u00f3 megvall\u00e1s\u00e1hoz, mert ennek csak akkor van \u00e9rtelme, ha igaz\u00e1n \u0151t vissz\u00fck a vil\u00e1gba, m\u00e1sokhoz, hogy \u0151k is r\u00e1ismerjenek a mindny\u00e1junk k\u00f6zel\u00e9ben lev\u0151 Istenre, az \u0151 szeretet\u00e9re, az \u0151 m\u0171k\u00f6d\u00e9s\u00e9re.<!--more--><a href=\"https:\/\/imalanc.ro\/w\/wp-content\/uploads\/Piarista-templombol-kivonulnak.jpg\"><img loading=\"lazy\" decoding=\"async\" class=\"aligncenter wp-image-31132 size-full\" src=\"https:\/\/imalanc.ro\/w\/wp-content\/uploads\/Piarista-templombol-kivonulnak.jpg\" alt=\"Ennek csak akkor van \u00e9rtelme, ha igaz\u00e1n \u0151t vissz\u00fck a vil\u00e1gba, m\u00e1sokhoz, hogy \u0151k is r\u00e1ismerjenek a mindny\u00e1junk k\u00f6zel\u00e9ben lev\u0151 Istenre, az \u0151 szeretet\u00e9re, az \u0151 m\u0171k\u00f6d\u00e9s\u00e9re.\" width=\"580\" height=\"876\" srcset=\"https:\/\/imalanc.ro\/w\/wp-content\/uploads\/Piarista-templombol-kivonulnak.jpg 580w, https:\/\/imalanc.ro\/w\/wp-content\/uploads\/Piarista-templombol-kivonulnak-199x300.jpg 199w\" sizes=\"auto, (max-width: 580px) 100vw, 580px\" \/><\/a>A templom b\u00facs\u00faja z\u00e1rult, de folytat\u00f3dott az \u00fcnneps\u00e9g a szent hely el\u0151tti t\u00e9ren a visszahelyezett, meg\u00faj\u00edtott fogadalmi M\u00e1ria-oszlop meg\u00e1ld\u00e1s\u00e1val.<\/p>\n<p style=\"text-align: right;\"><em><strong>Sz\u00f6veg: B\u00edr\u00f3 Jol\u00e1n-Ilona<\/strong><\/em><\/p>\n<p style=\"text-align: right;\"><strong><em>K\u00e9p: B\u00edr\u00f3 Ern\u0151<\/em><\/strong><\/p>\n<p>&nbsp;<\/p>\n","protected":false},"excerpt":{"rendered":"\u00c1ldott az a n\u00e9p, ki Sz\u0171z M\u00e1ri\u00e1t tiszteli. \u00c1ldott az a v\u00e1ros, ki a Boldogs\u00e1gos Sz\u0171zanya p\u00e1rtfog\u00e1s\u00e1\u00e9rt akar k\u00f6ny\u00f6r\u00f6gni, mert&#8230;","protected":false},"author":2,"featured_media":31113,"comment_status":"closed","ping_status":"closed","sticky":false,"template":"","format":"standard","meta":{"footnotes":""},"categories":[8],"tags":[],"class_list":["post-31112","post","type-post","status-publish","format-standard","has-post-thumbnail","hentry","category-lelki-gyongyok"],"_links":{"self":[{"href":"https:\/\/imalanc.ro\/w\/wp-json\/wp\/v2\/posts\/31112","targetHints":{"allow":["GET"]}}],"collection":[{"href":"https:\/\/imalanc.ro\/w\/wp-json\/wp\/v2\/posts"}],"about":[{"href":"https:\/\/imalanc.ro\/w\/wp-json\/wp\/v2\/types\/post"}],"author":[{"embeddable":true,"href":"https:\/\/imalanc.ro\/w\/wp-json\/wp\/v2\/users\/2"}],"replies":[{"embeddable":true,"href":"https:\/\/imalanc.ro\/w\/wp-json\/wp\/v2\/comments?post=31112"}],"version-history":[{"count":9,"href":"https:\/\/imalanc.ro\/w\/wp-json\/wp\/v2\/posts\/31112\/revisions"}],"predecessor-version":[{"id":31171,"href":"https:\/\/imalanc.ro\/w\/wp-json\/wp\/v2\/posts\/31112\/revisions\/31171"}],"wp:featuredmedia":[{"embeddable":true,"href":"https:\/\/imalanc.ro\/w\/wp-json\/wp\/v2\/media\/31113"}],"wp:attachment":[{"href":"https:\/\/imalanc.ro\/w\/wp-json\/wp\/v2\/media?parent=31112"}],"wp:term":[{"taxonomy":"category","embeddable":true,"href":"https:\/\/imalanc.ro\/w\/wp-json\/wp\/v2\/categories?post=31112"},{"taxonomy":"post_tag","embeddable":true,"href":"https:\/\/imalanc.ro\/w\/wp-json\/wp\/v2\/tags?post=31112"}],"curies":[{"name":"wp","href":"https:\/\/api.w.org\/{rel}","templated":true}]}}