{"id":30116,"date":"2023-12-10T15:20:53","date_gmt":"2023-12-10T14:20:53","guid":{"rendered":"https:\/\/imalanc.ro\/w\/?p=30116"},"modified":"2023-12-16T22:17:12","modified_gmt":"2023-12-16T21:17:12","slug":"arra-sem-vagyok-melto-hogy-lehajoljak-es-megoldjam-a-saruszijat","status":"publish","type":"post","link":"https:\/\/imalanc.ro\/w\/arra-sem-vagyok-melto-hogy-lehajoljak-es-megoldjam-a-saruszijat\/","title":{"rendered":"Arra sem vagyok m\u00e9lt\u00f3, hogy lehajoljak \u00e9s megoldjam a sarusz\u00edj\u00e1t"},"content":{"rendered":"<p><em>J\u00e9zus Krisztus, az Isten Fia evang\u00e9lium\u00e1nak kezdete. Izaj\u00e1s pr\u00f3f\u00e9ta meg\u00edrta: \u00cdme, elk\u00fcld\u00f6m k\u00f6vetemet sz\u00edned el\u0151tt, hogy el\u0151k\u00e9sz\u00edtse utadat. <\/em><!--more--><a href=\"https:\/\/imalanc.ro\/w\/wp-content\/uploads\/Krisztussal-mi.jpg\"><img loading=\"lazy\" decoding=\"async\" class=\"aligncenter wp-image-30118 size-full\" src=\"https:\/\/imalanc.ro\/w\/wp-content\/uploads\/Krisztussal-mi.jpg\" alt=\"Gyakran ki kell vonuljunk legbens\u0151nk puszt\u00e1j\u00e1ba, ahol csendben kell v\u00e1rakoznuk az \u00dar utas\u00edt\u00e1saira.\" width=\"580\" height=\"773\" srcset=\"https:\/\/imalanc.ro\/w\/wp-content\/uploads\/Krisztussal-mi.jpg 580w, https:\/\/imalanc.ro\/w\/wp-content\/uploads\/Krisztussal-mi-225x300.jpg 225w\" sizes=\"auto, (max-width: 580px) 100vw, 580px\" \/><\/a><\/p>\n<p><em>A puszt\u00e1ban ki\u00e1lt\u00f3nak szava: K\u00e9sz\u00edts\u00e9tek el az \u00dar \u00fatj\u00e1t, tegy\u00e9tek egyeness\u00e9 \u00f6sv\u00e9nyeit. J\u00e1nos ez\u00e9rt a puszt\u00e1ban hirdette a b\u0171nb\u00e1nat kereszts\u00e9g\u00e9t a b\u0171n\u00f6k bocs\u00e1nat\u00e1ra. Kivonult hozz\u00e1 J\u00fadea eg\u00e9sz vid\u00e9ke \u00e9s Jeruzs\u00e1lem minden lak\u00f3ja. Megvallott\u00e1k b\u0171neiket, \u0151 pedig megkeresztelte \u0151ket a Jord\u00e1n foly\u00f3ban. J\u00e1nos tevesz\u0151rb\u0151l k\u00e9sz\u00fclt ruh\u00e1t viselt, cs\u00edp\u0151j\u00e9t b\u0151r\u00f6v vette k\u00f6r\u00fcl; s\u00e1sk\u00e1t \u00e9s vadm\u00e9zet evett. <\/em><\/p>\n<p><em>Ezt hirdette: \u201eAki ut\u00e1nam j\u00f6n, hatalmasabb n\u00e1lam. Arra sem vagyok m\u00e9lt\u00f3, hogy lehajoljak \u00e9s megoldjam a sarusz\u00edj\u00e1t. \u00c9n v\u00edzzel keresztellek titeket, \u0151 pedig Szentl\u00e9lekkel keresztel majd meg benneteket!\u201d<\/em><\/p>\n<p style=\"text-align: center;\"><strong><em>M\u00e1rk Evang\u00e9liuma <\/em><\/strong><strong><em>1,1-8<\/em><\/strong><\/p>\n<p>Advent II. vas\u00e1rnapj\u00e1n Keresztel\u0151 Szent J\u00e1nos figyelmeztet\u00e9se adja meg a f\u0151 t\u00e9m\u00e1t: K\u00e9sz\u00edts\u00e9tek el az \u00dar \u00fatj\u00e1t! Ez sz\u00e1munkra is figyelmeztet\u00e9s \u00e9s feladat.<\/p>\n<p>Ma sok egyenetlens\u00e9g, ferdess\u00e9g van a vil\u00e1gban, amelyet naponta \u00e9szlel\u00fcnk \u00e9s tapasztalunk saj\u00e1t \u00e9s k\u00f6z\u00f6ss\u00e9gi \u00e9let\u00fcmkben. Kereszt\u00e9nyk\u00e9nt nek\u00fcnk is az a feladatunk, hogy m\u00e1sok sz\u00e1m\u00e1ra utat k\u00e9sz\u00edts\u00fcnk az \u00darnak. Ez a feladat nem volt k\u00f6nny\u0171 Szent J\u00e1nosnak, nek\u00fcnk sem lesz k\u00f6nny\u0171. Gyakran ki kell vonuljunk legbens\u0151nk puszt\u00e1j\u00e1ba, ahol csendben kell v\u00e1rakoznuk az \u00dar utas\u00edt\u00e1saira. Ilyenkor a legnehezebb csendben maradni, mert megszoktuk a ny\u00fczsg\u00e9st-mozg\u00e1st, a mindennapi alapzajt. Szinte s\u00e9rt\u0151 a csend, a mag\u00e1ny, mindig valamit kell mondani, cselekedni, gondolkozni. De ezek a csendes pillanatok adj\u00e1k m\u00e9g \u00e9let\u00fcnk val\u00f3di \u00e9rtelm\u00e9t. Nem vagyunk robotok, g\u00e9pek, n\u00e9ha el kell csendesedj\u00fcnk, el kell vonuljunk, hogy meg\u0151rizz\u00fck testi-lelki \u00e9ps\u00e9g\u00fcnket.<\/p>\n<p>Szent J\u00e1nos cask v\u00edzzel keresztelt, amely el\u0151k\u00e9pe volt J\u00e9zus kereszts\u00e9g\u00e9nek. Ez a b\u0171nb\u00e1nat kereszts\u00e9ge volt, de nem volt k\u00e9pes lemosni az emberek b\u0171n\u00e9t, hanem a megt\u00e9r\u00e9s\u00fck kezdet\u00e9t jelezte. J\u00e9zus kereszts\u00e9ge azonban teljesen \u00e1talak\u00edtja lelk\u00fcnket, \u00e9s k\u00e9pess\u00e9 tesz minket, hogy \u00faj, megv\u00e1ltott emberk\u00e9nt \u00e9lj\u00fcnk, k\u00e9sz\u00edts\u00fck az \u00dar \u00fatjait.<\/p>\n<p style=\"text-align: right;\"><strong><em>Ft. R\u00e1duly Istv\u00e1n Zsolt, Torda<\/em><\/strong><\/p>\n","protected":false},"excerpt":{"rendered":"J\u00e9zus Krisztus, az Isten Fia evang\u00e9lium\u00e1nak kezdete. Izaj\u00e1s pr\u00f3f\u00e9ta meg\u00edrta: \u00cdme, elk\u00fcld\u00f6m k\u00f6vetemet sz\u00edned el\u0151tt, hogy el\u0151k\u00e9sz\u00edtse utadat.","protected":false},"author":2,"featured_media":30117,"comment_status":"closed","ping_status":"closed","sticky":false,"template":"","format":"standard","meta":{"footnotes":""},"categories":[6],"tags":[],"class_list":["post-30116","post","type-post","status-publish","format-standard","has-post-thumbnail","hentry","category-igehirdetesek"],"_links":{"self":[{"href":"https:\/\/imalanc.ro\/w\/wp-json\/wp\/v2\/posts\/30116","targetHints":{"allow":["GET"]}}],"collection":[{"href":"https:\/\/imalanc.ro\/w\/wp-json\/wp\/v2\/posts"}],"about":[{"href":"https:\/\/imalanc.ro\/w\/wp-json\/wp\/v2\/types\/post"}],"author":[{"embeddable":true,"href":"https:\/\/imalanc.ro\/w\/wp-json\/wp\/v2\/users\/2"}],"replies":[{"embeddable":true,"href":"https:\/\/imalanc.ro\/w\/wp-json\/wp\/v2\/comments?post=30116"}],"version-history":[{"count":1,"href":"https:\/\/imalanc.ro\/w\/wp-json\/wp\/v2\/posts\/30116\/revisions"}],"predecessor-version":[{"id":30119,"href":"https:\/\/imalanc.ro\/w\/wp-json\/wp\/v2\/posts\/30116\/revisions\/30119"}],"wp:featuredmedia":[{"embeddable":true,"href":"https:\/\/imalanc.ro\/w\/wp-json\/wp\/v2\/media\/30117"}],"wp:attachment":[{"href":"https:\/\/imalanc.ro\/w\/wp-json\/wp\/v2\/media?parent=30116"}],"wp:term":[{"taxonomy":"category","embeddable":true,"href":"https:\/\/imalanc.ro\/w\/wp-json\/wp\/v2\/categories?post=30116"},{"taxonomy":"post_tag","embeddable":true,"href":"https:\/\/imalanc.ro\/w\/wp-json\/wp\/v2\/tags?post=30116"}],"curies":[{"name":"wp","href":"https:\/\/api.w.org\/{rel}","templated":true}]}}