{"id":30097,"date":"2023-12-08T20:10:56","date_gmt":"2023-12-08T19:10:56","guid":{"rendered":"https:\/\/imalanc.ro\/w\/?p=30097"},"modified":"2023-12-11T23:06:36","modified_gmt":"2023-12-11T22:06:36","slug":"szent-lesz-az-ki-toled-szuletik","status":"publish","type":"post","link":"https:\/\/imalanc.ro\/w\/szent-lesz-az-ki-toled-szuletik\/","title":{"rendered":"Szent lesz az, ki t\u0151led sz\u00fcletik"},"content":{"rendered":"<p><em>Abban az id\u0151ben: <\/em><em>Isten elk\u00fcldte G\u00e1bor angyalt Galilea N\u00e1z\u00e1ret nev\u0171 v\u00e1ros\u00e1ba egy sz\u0171zh\u00f6z, aki jegyese volt egy f\u00e9rfinak, a D\u00e1vid h\u00e1z\u00e1b\u00f3l val\u00f3 J\u00f3zsefnek. <\/em><!--more--><a href=\"https:\/\/imalanc.ro\/w\/wp-content\/uploads\/Az-o-teljessegebol-kaptunk-kegyelemre-kegyelmet.jpg\"><img loading=\"lazy\" decoding=\"async\" class=\"aligncenter wp-image-8973 size-full\" src=\"https:\/\/imalanc.ro\/w\/wp-content\/uploads\/Az-o-teljessegebol-kaptunk-kegyelemre-kegyelmet.jpg\" alt=\"A Boldogs\u00e1gos Szent Sz\u0171z kegyelem teljesnek nevezi \u00f6nmag\u00e1t a Lourdes-i jelen\u00e9sek alkalm\u00e1val.\" width=\"580\" height=\"801\" srcset=\"https:\/\/imalanc.ro\/w\/wp-content\/uploads\/Az-o-teljessegebol-kaptunk-kegyelemre-kegyelmet.jpg 580w, https:\/\/imalanc.ro\/w\/wp-content\/uploads\/Az-o-teljessegebol-kaptunk-kegyelemre-kegyelmet-217x300.jpg 217w\" sizes=\"auto, (max-width: 580px) 100vw, 580px\" \/><\/a><\/p>\n<p><em>A sz\u0171z neve M\u00e1ria volt. Az angyal bel\u00e9pett hozz\u00e1 \u00e9s \u00edgy sz\u00f3lt: \u201e\u00dcdv\u00f6z l\u00e9gy, kegyelemmel teljes! Az \u00dar veled van! \u00c1ldottabb vagy te minden asszonyn\u00e1l!\u201d Ennek hallat\u00e1ra M\u00e1ria zavarba j\u00f6tt, \u00e9s gondolkod\u00f3ba esett, hogy mif\u00e9le k\u00f6sz\u00f6nt\u00e9s ez.<\/em><\/p>\n<p><em>Az angyal azonban folytatta: Ne f\u00e9lj, M\u00e1ria! Hisz kegyelmet tal\u00e1lt\u00e1l Istenn\u00e9l! Mert \u00edme, gyermeket fogansz m\u00e9hedben \u00e9s fi\u00fat sz\u00fclsz, s J\u00e9zusnak fogod \u0151t nevezni! Nagy lesz \u0151: a Magass\u00e1gbeli Fi\u00e1nak fogj\u00e1k h\u00edvni. Az \u00daristen neki adja atyj\u00e1nak, D\u00e1vidnak tr\u00f3nj\u00e1t. Uralkodni fog J\u00e1kob h\u00e1z\u00e1n mind\u00f6r\u00f6kk\u00e9, \u00e9s uralm\u00e1nak soha nem lesz v\u00e9ge!<\/em><\/p>\n<p><em>M\u00e1ria ekkor megk\u00e9rdezte az angyalt: \u201eHogyan t\u00f6rt\u00e9nhet meg ez, amikor \u00e9n f\u00e9rfit nem ismerek?\u201d Az angyal ezt v\u00e1laszolta neki: <\/em><\/p>\n<p><em>\u201eA Szentl\u00e9lek sz\u00e1ll le r\u00e1d, \u00e9s a Magass\u00e1gbeli ereje bor\u00edt be \u00e1rny\u00e9k\u00e1val. Ez\u00e9rt szent lesz az, ki t\u0151led sz\u00fcletik: Isten Fi\u00e1nak fogj\u00e1k \u0151t h\u00edvni. L\u00e1sd, rokonod, Erzs\u00e9bet is gyermeket fogant \u00f6regs\u00e9g\u00e9ben, s\u0151t, m\u00e1r a hatodik h\u00f3napban van, b\u00e1r magtalannak tartj\u00e1k az emberek. Istenn\u00e9l semmi sem lehetetlen.\u201d<\/em><\/p>\n<p><em>Erre M\u00e1ria \u00edgy sz\u00f3lt: \u201e\u00cdme, az \u00dar szolg\u00e1l\u00f3le\u00e1nya: t\u00f6rt\u00e9nj\u00e9k velem szavaid szerint!\u201d<\/em><\/p>\n<p><em>Ezut\u00e1n az angyal elt\u00e1vozott.<\/em><\/p>\n<p style=\"text-align: center;\"><strong><em>Luk\u00e1cs Evang\u00e9liuma\u00a01, 26-38<\/em><\/strong><\/p>\n<p>A boldogs\u00e1gos Szent Sz\u0171z szepl\u0151telen fogantat\u00e1s\u00e1nak \u00fcnnep\u00e9n az Egyh\u00e1z azt tartja, hogy Isten Krisztus \u00e9rdemeire val\u00f3 tekintettel meg\u0151rizte M\u00e1ri\u00e1t az \u00e1tered\u0151 b\u0171nt\u0151l \u00e9s a szem\u00e9lyes b\u0171n\u00f6kt\u0151l is. B\u00e1r ez a szents\u00e9g val\u00f3ban az isteni kegyelemnek k\u00f6sz\u00f6nhet\u0151, m\u00e9gis sz\u00fcks\u00e9ges volt M\u00e1ria k\u00f6zrem\u0171k\u00f6d\u00e9se, mert ez en\u00e9lk\u00fcl nem j\u00f6hetne l\u00e9tre.<\/p>\n<p>M\u00e1ria igen-je nemcsak a sz\u00fcl\u00e9sre korl\u00e1toz\u00f3dik, hanem eg\u00e9sz \u00e9let\u00e9re kiterjed. \u0150 az \u00faj asszony, akinek \u00e9let\u00e9ben megval\u00f3sult az eredeti szents\u00e9g, amelyben Isten meg\u00e1lmodta az emberis\u00e9get, de a b\u0171n miatt ez megt\u00f6rt. A megv\u00e1lt\u00e1s \u00e9rdemeit M\u00e1ria \u00e9let\u00e9ben el\u0151v\u00e9telezte, hogy bemutassa \u00e9s megval\u00f3s\u00edtsa benne az \u00faj embert, aki Istenhez hasonl\u00f3, aki az Isten szerint igazs\u00e1goss\u00e1gban \u00e9s az igazs\u00e1g szents\u00e9g\u00e9ben alkotott teremtm\u00e9ny (<strong>Ef 4, 24b<\/strong>).<\/p>\n<p>Egy m\u00e1sik fontos t\u00f6rt\u00e9net, amely az \u00fcnnephez kapcsol\u00f3dik a Lourdes-i jelen\u00e9sek, amelyek a IX. Piusz p\u00e1pa \u00e1ltal kihirdetett dogm\u00e1t a val\u00f3s\u00e1gban is szavatolj\u00e1k. A Boldogs\u00e1gos Szent Sz\u0171z kegyelem teljesnek nevezi \u00f6nmag\u00e1t a Lourdes-i jelen\u00e9sek alkalm\u00e1val.<\/p>\n<p>Az efezusi lev\u00e9lben le\u00edrt \u00e1ld\u00e1s M\u00e1ri\u00e1ban val\u00f3sul meg a legteljesebben, minden mennyei \u00e1ld\u00e1ssal megaj\u00e1nd\u00e9kozta \u0151t Isten. M\u00e1ria predesztin\u00e1ci\u00f3ja, mint a mi\u00e9nk is, Krisztus\u00e9hoz kapcsol\u00f3dik. Krisztus az az sarj, aki sz\u00e9ttapossa a k\u00edgy\u00f3, a s\u00e1rk\u00e1ny fej\u00e9t. Az \u00faj \u00c1d\u00e1m gy\u0151zelm\u00e9ben megval\u00f3sul az \u00faj \u00c9va, a megv\u00e1ltottak anyja gy\u0151zelme is. A szepl\u0151telen fogantat\u00e1s a Szenth\u00e1roms\u00e1g m\u0171ve. \u0150 az, amit az eg\u00e9sz Egyh\u00e1z k\u00edv\u00e1n: az Egyh\u00e1z eszkatologikus ikonja (Szent II. J\u00e1nos P\u00e1l p\u00e1pa).<\/p>\n<p style=\"text-align: right;\"><strong><em>Ft. R\u00e1duly Istv\u00e1n Zsolt, Torda<\/em><\/strong><\/p>\n","protected":false},"excerpt":{"rendered":"Abban az id\u0151ben: Isten elk\u00fcldte G\u00e1bor angyalt Galilea N\u00e1z\u00e1ret nev\u0171 v\u00e1ros\u00e1ba egy sz\u0171zh\u00f6z, aki jegyese volt egy f\u00e9rfinak, a D\u00e1vid&#8230;","protected":false},"author":2,"featured_media":14766,"comment_status":"closed","ping_status":"closed","sticky":false,"template":"","format":"standard","meta":{"footnotes":""},"categories":[6],"tags":[],"class_list":["post-30097","post","type-post","status-publish","format-standard","has-post-thumbnail","hentry","category-igehirdetesek"],"_links":{"self":[{"href":"https:\/\/imalanc.ro\/w\/wp-json\/wp\/v2\/posts\/30097","targetHints":{"allow":["GET"]}}],"collection":[{"href":"https:\/\/imalanc.ro\/w\/wp-json\/wp\/v2\/posts"}],"about":[{"href":"https:\/\/imalanc.ro\/w\/wp-json\/wp\/v2\/types\/post"}],"author":[{"embeddable":true,"href":"https:\/\/imalanc.ro\/w\/wp-json\/wp\/v2\/users\/2"}],"replies":[{"embeddable":true,"href":"https:\/\/imalanc.ro\/w\/wp-json\/wp\/v2\/comments?post=30097"}],"version-history":[{"count":2,"href":"https:\/\/imalanc.ro\/w\/wp-json\/wp\/v2\/posts\/30097\/revisions"}],"predecessor-version":[{"id":30099,"href":"https:\/\/imalanc.ro\/w\/wp-json\/wp\/v2\/posts\/30097\/revisions\/30099"}],"wp:featuredmedia":[{"embeddable":true,"href":"https:\/\/imalanc.ro\/w\/wp-json\/wp\/v2\/media\/14766"}],"wp:attachment":[{"href":"https:\/\/imalanc.ro\/w\/wp-json\/wp\/v2\/media?parent=30097"}],"wp:term":[{"taxonomy":"category","embeddable":true,"href":"https:\/\/imalanc.ro\/w\/wp-json\/wp\/v2\/categories?post=30097"},{"taxonomy":"post_tag","embeddable":true,"href":"https:\/\/imalanc.ro\/w\/wp-json\/wp\/v2\/tags?post=30097"}],"curies":[{"name":"wp","href":"https:\/\/api.w.org\/{rel}","templated":true}]}}