{"id":30089,"date":"2023-12-07T21:00:42","date_gmt":"2023-12-07T20:00:42","guid":{"rendered":"https:\/\/imalanc.ro\/w\/?p=30089"},"modified":"2023-12-09T22:26:29","modified_gmt":"2023-12-09T21:26:29","slug":"aki-hallgatja-tanitasomat-es-tettekre-is-valtja","status":"publish","type":"post","link":"https:\/\/imalanc.ro\/w\/aki-hallgatja-tanitasomat-es-tettekre-is-valtja\/","title":{"rendered":"Aki hallgatja tan\u00edt\u00e1somat, \u00e9s tettekre is v\u00e1ltja,"},"content":{"rendered":"<p><em>A hegyi besz\u00e9dben J\u00e9zus \u00edgy sz\u00f3lt tan\u00edtv\u00e1nyaihoz:<\/em><br \/>\n<!--more--><a href=\"https:\/\/imalanc.ro\/w\/wp-content\/uploads\/Tabor-hegyi-kilato.jpg\"><img loading=\"lazy\" decoding=\"async\" class=\"aligncenter wp-image-15698 size-full\" src=\"https:\/\/imalanc.ro\/w\/wp-content\/uploads\/Tabor-hegyi-kilato.jpg\" alt=\"Isten ig\u00e9j\u00e9t sem el\u00e9g egyszer\u0171en hallgatni, tanulm\u00e1nyozni, hanem tettekre kell v\u00e1ltani. Isten ig\u00e9je, J\u00e9zus szavai megalapozhatj\u00e1k \u00e9let\u00fcnket. Rajtunk is m\u00falik, hogyan kamatoztatjuk \u00e9let\u00fcnkben a tanultakat. Lehet, hogy nem is \u00e9l\u00fcnk ezzel a lehet\u0151s\u00e9ggel, de legal\u00e1bb tudatosan d\u00f6nts\u00fcnk mellette, vagy ellene.\" width=\"580\" height=\"435\" srcset=\"https:\/\/imalanc.ro\/w\/wp-content\/uploads\/Tabor-hegyi-kilato.jpg 580w, https:\/\/imalanc.ro\/w\/wp-content\/uploads\/Tabor-hegyi-kilato-300x225.jpg 300w\" sizes=\"auto, (max-width: 580px) 100vw, 580px\" \/><\/a><\/p>\n<p><em>\u201eNem mindaz, aki azt mondja nekem: Uram, Uram! \u2013 jut be a mennyek orsz\u00e1g\u00e1ba, hanem csak az, aki teljes\u00edti mennyei Aty\u00e1m akarat\u00e1t.<\/em><\/p>\n<p><em>Aki hallgatja tan\u00edt\u00e1somat, \u00e9s tettekre is v\u00e1ltja, hasonl\u00edt a b\u00f6lcs emberhez, aki h\u00e1z\u00e1t szikl\u00e1ra \u00e9p\u00edtette. <\/em><\/p>\n<p><em>Szakadt a z\u00e1por, \u00f6ml\u00f6tt az \u00e1r, s\u00fcv\u00f6lt\u00f6tt a sz\u00e9l \u00e9s r\u00e1z\u00fadult a h\u00e1zra, de az nem d\u0151lt \u00f6ssze, mert szikl\u00e1ra \u00e9p\u00fclt.<\/em><\/p>\n<p><em>Mindaz pedig, aki hallgatja ugyan tan\u00edt\u00e1somat, de tettekre nem v\u00e1ltja, hasonl\u00edt a balga emberhez, aki h\u00e1z\u00e1t homokra \u00e9p\u00edtette. Szakadt a z\u00e1por, \u00f6ml\u00f6tt az \u00e1r, s\u00fcv\u00f6lt\u00f6tt a sz\u00e9l \u00e9s r\u00e1z\u00fadult a h\u00e1zra. Az \u00f6sszed\u0151lt, \u00e9s nagy romhalmaz lett bel\u0151le.\u201d<\/em><\/p>\n<p style=\"text-align: center;\"><strong><em>M\u00e1t\u00e9 Evang\u00e9liuma 7, 21.24-27<\/em><\/strong><\/p>\n<p>J\u00e9zus hegyi besz\u00e9de Isten orsz\u00e1g\u00e1nak az alkotm\u00e1ny\u00e1t k\u00e9pezi. El\u0151sz\u00f6r is az im\u00e1ds\u00e1gr\u00f3l besz\u00e9l, amely csak akkor igazi, ha \u00e1tj\u00e1rja \u00e9let\u00fcnk gyakorlati oldal\u00e1t is. Sokan csak bizonyos sz\u00f6vegek ism\u00e9telget\u00e9s\u00e9t l\u00e1tj\u00e1k az im\u00e1ds\u00e1gban. Sz\u00e1mukra az ima egy var\u00e1zsige, amellyel m\u00e9g jobban megteremthetik maguk sz\u00e1m\u00e1ra a k\u00e9nyelmes atmoszf\u00e9r\u00e1t. Bizonyos var\u00e1zsszavak ism\u00e9telget\u00e9se, de tartalom n\u00e9lk\u00fcl. J\u00e9zus az ilyeneket figyelmezteti, hogy mivel csak a szavak sorrendj\u00e9nek pontos betart\u00e1s\u00e1ra, illetve a k\u00e9r\u00e9s fontoss\u00e1g\u00e1ra figyelnek, nem biztos, hogy meghallgat\u00e1sra tal\u00e1lnak. Az im\u00e1ban is \u00f6nmaguk beteljesed\u00e9s\u00e9t, k\u00e9r\u00e9seik meghallgat\u00e1s\u00e1t keresik.<\/p>\n<p>Isten ig\u00e9j\u00e9t sem el\u00e9g egyszer\u0171en hallgatni, tanulm\u00e1nyozni, hanem tettekre kell v\u00e1ltani. Isten ig\u00e9je, J\u00e9zus szavai megalapozhatj\u00e1k \u00e9let\u00fcnket. Rajtunk is m\u00falik, hogyan kamatoztatjuk \u00e9let\u00fcnkben a tanultakat. Lehet, hogy nem is \u00e9l\u00fcnk ezzel a lehet\u0151s\u00e9ggel, de legal\u00e1bb tudatosan d\u00f6nts\u00fcnk mellette, vagy ellene.<\/p>\n<p style=\"text-align: right;\"><strong><em>Ft. R\u00e1duly Istv\u00e1n Zsolt, Torda<\/em><\/strong><\/p>\n","protected":false},"excerpt":{"rendered":"A hegyi besz\u00e9dben J\u00e9zus \u00edgy sz\u00f3lt tan\u00edtv\u00e1nyaihoz:","protected":false},"author":2,"featured_media":30090,"comment_status":"closed","ping_status":"closed","sticky":false,"template":"","format":"standard","meta":{"footnotes":""},"categories":[6],"tags":[],"class_list":["post-30089","post","type-post","status-publish","format-standard","has-post-thumbnail","hentry","category-igehirdetesek"],"_links":{"self":[{"href":"https:\/\/imalanc.ro\/w\/wp-json\/wp\/v2\/posts\/30089","targetHints":{"allow":["GET"]}}],"collection":[{"href":"https:\/\/imalanc.ro\/w\/wp-json\/wp\/v2\/posts"}],"about":[{"href":"https:\/\/imalanc.ro\/w\/wp-json\/wp\/v2\/types\/post"}],"author":[{"embeddable":true,"href":"https:\/\/imalanc.ro\/w\/wp-json\/wp\/v2\/users\/2"}],"replies":[{"embeddable":true,"href":"https:\/\/imalanc.ro\/w\/wp-json\/wp\/v2\/comments?post=30089"}],"version-history":[{"count":1,"href":"https:\/\/imalanc.ro\/w\/wp-json\/wp\/v2\/posts\/30089\/revisions"}],"predecessor-version":[{"id":30091,"href":"https:\/\/imalanc.ro\/w\/wp-json\/wp\/v2\/posts\/30089\/revisions\/30091"}],"wp:featuredmedia":[{"embeddable":true,"href":"https:\/\/imalanc.ro\/w\/wp-json\/wp\/v2\/media\/30090"}],"wp:attachment":[{"href":"https:\/\/imalanc.ro\/w\/wp-json\/wp\/v2\/media?parent=30089"}],"wp:term":[{"taxonomy":"category","embeddable":true,"href":"https:\/\/imalanc.ro\/w\/wp-json\/wp\/v2\/categories?post=30089"},{"taxonomy":"post_tag","embeddable":true,"href":"https:\/\/imalanc.ro\/w\/wp-json\/wp\/v2\/tags?post=30089"}],"curies":[{"name":"wp","href":"https:\/\/api.w.org\/{rel}","templated":true}]}}