{"id":30085,"date":"2023-11-28T14:56:43","date_gmt":"2023-11-28T13:56:43","guid":{"rendered":"https:\/\/imalanc.ro\/w\/?p=30085"},"modified":"2023-12-06T14:58:24","modified_gmt":"2023-12-06T13:58:24","slug":"nagy-foldindulas-lesz-tobb-helyen","status":"publish","type":"post","link":"https:\/\/imalanc.ro\/w\/nagy-foldindulas-lesz-tobb-helyen\/","title":{"rendered":"Nagy f\u00f6ldindul\u00e1s lesz t\u00f6bb helyen"},"content":{"rendered":"<p style=\"text-align: justify;\"><em>\u00a0\u00a0 Amikor n\u00e9h\u00e1nyan megjegyezt\u00e9k a templomr\u00f3l, hogy milyen sz\u00e9p k\u00f6vekkel \u00e9s fogadalmi aj\u00e1nd\u00e9kokkal van d\u00edsz\u00edtve, \u0151 \u00edgy sz\u00f3lt: ,,J\u00f6nnek majd napok, amikor mindezekb\u0151l, amit itt l\u00e1ttok, nem marad k\u0151 k\u00f6v\u00f6n, amelyet le ne romboln\u00e1nak.\u2019\u2019 <\/em><!--more--><a href=\"https:\/\/imalanc.ro\/w\/wp-content\/uploads\/Az-utolso-itelet-Vatikani-muzeum-Sixtus-kapolna-Michelangelo.jpg\"><img loading=\"lazy\" decoding=\"async\" class=\"aligncenter wp-image-19421 size-full\" src=\"https:\/\/imalanc.ro\/w\/wp-content\/uploads\/Az-utolso-itelet-Vatikani-muzeum-Sixtus-kapolna-Michelangelo.jpg\" alt=\"Mi Istenhez tartozunk, ez\u00e9rt az \u0150 tudta n\u00e9lk\u00fcl semmi sem t\u00f6rt\u00e9nhet meg vel\u00fcnk. Szent P\u00e1l tal\u00e1l\u00f3an \u00edrta: \u201eSenki k\u00f6z\u00fcl\u00fcnk nem \u00e9l \u00f6nmag\u00e1nak, \u00e9s senki nem hal meg \u00f6nmag\u00e1nak. M\u00edg \u00e9l\u00fcnk, Istennek \u00e9l\u00fcnk, s ha meghalunk, Istennek halunk meg. Teh\u00e1t ak\u00e1r \u00e9l\u00fcnk, ak\u00e1r meghalunk, az \u00dar\u00e9i vagyunk.\u201d (R\u00f3m 14, 7-8)\" width=\"580\" height=\"625\" srcset=\"https:\/\/imalanc.ro\/w\/wp-content\/uploads\/Az-utolso-itelet-Vatikani-muzeum-Sixtus-kapolna-Michelangelo.jpg 580w, https:\/\/imalanc.ro\/w\/wp-content\/uploads\/Az-utolso-itelet-Vatikani-muzeum-Sixtus-kapolna-Michelangelo-278x300.jpg 278w\" sizes=\"auto, (max-width: 580px) 100vw, 580px\" \/><\/a><\/p>\n<p style=\"text-align: justify;\"><em>\u00a0\u00a0 Erre megk\u00e9rdezt\u00e9k \u0151t: ,,Mester! Mikor fognak ezek bek\u00f6vetkezni, \u00e9s mi lesz el\u0151tte a jel?\u2019\u2019 \u0150 pedig \u00edgy sz\u00f3lt: ,,Vigy\u00e1zzatok, nehogy f\u00e9lrevezessenek benneteket! Mert sokan j\u00f6nnek az \u00e9n nevemben, \u00e9s azt mondj\u00e1k: ,,\u00c9n vagyok\u2019\u2019, \u00e9s: ,,El\u00e9rkezett az id\u0151\u2019\u2019; de ti ne menjetek ut\u00e1nuk. <\/em><\/p>\n<p style=\"text-align: justify;\"><em>\u00a0\u00a0 Mikor h\u00e1bor\u00fakr\u00f3l \u00e9s l\u00e1zad\u00e1sokr\u00f3l hallotok, meg ne r\u00e9m\u00fcljetek; ezeknek el\u0151bb meg kell t\u00f6rt\u00e9nni\u00fck; de ez m\u00e9g nem a v\u00e9g.\u2019\u2019 Azut\u00e1n ezt mondta nekik: ,,Nemzet nemzet ellen t\u00e1mad, \u00e9s orsz\u00e1g orsz\u00e1g ellen. Nagy f\u00f6ldindul\u00e1s lesz t\u00f6bb helyen, d\u00f6gv\u00e9sz, \u00e9hs\u00e9g, rettent\u0151 t\u00fcnem\u00e9nyek \u00e9s nagy \u00e9gi jelek.<\/em><\/p>\n<p style=\"text-align: justify;\"><em>\u00a0\u00a0\u00a0\u00a0\u00a0\u00a0\u00a0\u00a0\u00a0\u00a0\u00a0\u00a0\u00a0\u00a0\u00a0\u00a0\u00a0\u00a0\u00a0\u00a0\u00a0\u00a0\u00a0\u00a0\u00a0\u00a0\u00a0\u00a0\u00a0\u00a0\u00a0\u00a0\u00a0\u00a0\u00a0\u00a0\u00a0\u00a0\u00a0\u00a0\u00a0\u00a0\u00a0\u00a0\u00a0\u00a0\u00a0\u00a0\u00a0\u00a0 <strong>Luk\u00e1cs Evang\u00e9liuma 21,5-11<\/strong><\/em><\/p>\n<p style=\"text-align: justify;\">\u00a0\u00a0 A jeruzs\u00e1lemi Templom el\u0151csarnok\u00e1t J\u00e9zus megtiszt\u00edtotta a kuf\u00e1rokt\u00f3l. Olyan er\u0151r\u0151l tett bizonyoss\u00e1got, amely a Templom vezet\u0151s\u00e9g\u00e9nek a fej\u00e9ben is sz\u00f6get \u00fct\u00f6tt. Az ostor megfon\u00e1s\u00e1t tekinthetj\u00fck jelk\u00e9pes cselekm\u00e9nynek is.<\/p>\n<p style=\"text-align: justify;\">\u00a0\u00a0 J\u00e9zus olyan tekint\u00e9llyel besz\u00e9lt a Templomban lev\u0151 emberknek, hogy m\u00e1r csak n\u00e9z\u00e9s\u00e9vel is rendet csin\u00e1lt. Valahogy \u00fagy is el lehet k\u00e9pzelni, mint egy olyan szem\u00e9lyt, aki term\u00e9szetf\u00f6l\u00f6tti energi\u00e1j\u00e1val vonz, vagy tasz\u00edt valakit.<\/p>\n<p style=\"text-align: justify;\">\u00a0\u00a0 Krisztus ut\u00e1n 70-ben a jeruzs\u00e1lemi Templomot a r\u00f3mai hat\u00f3s\u00e1gok lerombolt\u00e1k. J\u00e9zus j\u00f6vend\u00f6l\u00e9se erre vonatkozott. Ugyanakkor hamis messi\u00e1sokr\u00f3l is besz\u00e9lt, akik az \u0150 nev\u00e9ben k\u00f6vetelik ki maguk sz\u00e1m\u00e1ra a messis\u00e1si tekint\u00e9lyt.<\/p>\n<p style=\"text-align: justify;\">\u00a0\u00a0 A vil\u00e1g v\u00e9g\u00e9vel kapcsolatos \u00e1l-j\u00f6vend\u00f6l\u00e9sek az ezredfordul\u00f3 k\u00fcsz\u00f6b\u00e9n gomba m\u00f3dra szaporodtak. Ilyen \u00e1l-pr\u00f3f\u00e9t\u00e1k r\u00e9gen is m\u0171k\u00f6dtek, \u00e9s a legt\u00f6bb embert becsapt\u00e1k, kihaszn\u00e1lva a hisz\u00e9kenys\u00e9g\u00fcket.<\/p>\n<p style=\"text-align: justify;\">\u00a0\u00a0 Olyan eset is volt, hogy az egyik hamis pr\u00f3f\u00e9ta \u00f6sszegy\u0171jt\u00f6tte az id\u0151sek vagyon\u00e1t, eladatta h\u00e1zaikat azon a c\u00edmen, hogy ha a vil\u00e1g v\u00e9ge biztosan bek\u00f6vetkezik, akkor f\u00f6l\u00f6slegess\u00e9 v\u00e1lnak az anyagi javak, a mag\u00e1n birtokaik pedig elvesz\u00edtik jelent\u0151s\u00e9g\u00fcket. Sok vissza\u00e9l\u00e9s t\u00f6rt\u00e9nt a hamis j\u00f6vend\u00f6l\u00e9sek mediatiz\u00e1l\u00e1s\u00e1val.<\/p>\n<p style=\"text-align: justify;\">\u00a0\u00a0 J\u00e9zus apokaliptikus k\u00e9peket alaklmaz besz\u00e9d\u00e9ben. A h\u00e1bor\u00fak, term\u00e9szeti katasztr\u00f3f\u00e1k m\u00e9g nem jelentenek konkr\u00e9t vil\u00e1g v\u00e9g\u00e9t, de er\u0151s jelz\u00e9s \u00e9rt\u00e9k\u00fck van. Ezzel kapcsolatosan pontos adataink nincsenek, \u00e9ppen ez\u00e9rt a felk\u00e9sz\u00fcl\u00e9sben val\u00f3 k\u00f6vetkezetess\u00e9g a m\u00e9rvad\u00f3. \u00dagy \u00e9rkezik meg, mint a hal\u00e1l pillanata, nem tudjuk mikor k\u00f6vetkezik be, ez\u00e9rt \u00e1lland\u00f3 virraszt\u00e1st ig\u00e9nyel.<\/p>\n<p style=\"text-align: justify;\">\u00a0\u00a0 Mi Istenhez tartozunk, ez\u00e9rt az \u0150 tudta n\u00e9lk\u00fcl semmi sem t\u00f6rt\u00e9nhet meg vel\u00fcnk. Szent P\u00e1l tal\u00e1l\u00f3an \u00edrta: \u201e<em>Senki k\u00f6z\u00fcl\u00fcnk nem \u00e9l \u00f6nmag\u00e1nak, \u00e9s senki nem hal meg \u00f6nmag\u00e1nak. M\u00edg \u00e9l\u00fcnk, Istennek \u00e9l\u00fcnk, s ha meghalunk, Istennek halunk meg. Teh\u00e1t ak\u00e1r \u00e9l\u00fcnk, ak\u00e1r meghalunk, az \u00dar\u00e9i vagyunk.<\/em>\u201d (<strong>R\u00f3m 14, 7-8<\/strong>)<\/p>\n<p style=\"text-align: right;\"><strong><em>Ft. R\u00e1duly Istv\u00e1n Zsolt, Torda<\/em><\/strong><\/p>\n","protected":false},"excerpt":{"rendered":"\u00a0\u00a0 Amikor n\u00e9h\u00e1nyan megjegyezt\u00e9k a templomr\u00f3l, hogy milyen sz\u00e9p k\u00f6vekkel \u00e9s fogadalmi aj\u00e1nd\u00e9kokkal van d\u00edsz\u00edtve, \u0151 \u00edgy sz\u00f3lt: ,,J\u00f6nnek majd&#8230;","protected":false},"author":2,"featured_media":30086,"comment_status":"closed","ping_status":"closed","sticky":false,"template":"","format":"standard","meta":{"footnotes":""},"categories":[6],"tags":[],"class_list":["post-30085","post","type-post","status-publish","format-standard","has-post-thumbnail","hentry","category-igehirdetesek"],"_links":{"self":[{"href":"https:\/\/imalanc.ro\/w\/wp-json\/wp\/v2\/posts\/30085","targetHints":{"allow":["GET"]}}],"collection":[{"href":"https:\/\/imalanc.ro\/w\/wp-json\/wp\/v2\/posts"}],"about":[{"href":"https:\/\/imalanc.ro\/w\/wp-json\/wp\/v2\/types\/post"}],"author":[{"embeddable":true,"href":"https:\/\/imalanc.ro\/w\/wp-json\/wp\/v2\/users\/2"}],"replies":[{"embeddable":true,"href":"https:\/\/imalanc.ro\/w\/wp-json\/wp\/v2\/comments?post=30085"}],"version-history":[{"count":1,"href":"https:\/\/imalanc.ro\/w\/wp-json\/wp\/v2\/posts\/30085\/revisions"}],"predecessor-version":[{"id":30087,"href":"https:\/\/imalanc.ro\/w\/wp-json\/wp\/v2\/posts\/30085\/revisions\/30087"}],"wp:featuredmedia":[{"embeddable":true,"href":"https:\/\/imalanc.ro\/w\/wp-json\/wp\/v2\/media\/30086"}],"wp:attachment":[{"href":"https:\/\/imalanc.ro\/w\/wp-json\/wp\/v2\/media?parent=30085"}],"wp:term":[{"taxonomy":"category","embeddable":true,"href":"https:\/\/imalanc.ro\/w\/wp-json\/wp\/v2\/categories?post=30085"},{"taxonomy":"post_tag","embeddable":true,"href":"https:\/\/imalanc.ro\/w\/wp-json\/wp\/v2\/tags?post=30085"}],"curies":[{"name":"wp","href":"https:\/\/api.w.org\/{rel}","templated":true}]}}