{"id":30078,"date":"2023-11-29T14:15:15","date_gmt":"2023-11-29T13:15:15","guid":{"rendered":"https:\/\/imalanc.ro\/w\/?p=30078"},"modified":"2023-12-06T14:43:06","modified_gmt":"2023-12-06T13:43:06","slug":"allhatatossaggal-orzitek-meg-lelketeket","status":"publish","type":"post","link":"https:\/\/imalanc.ro\/w\/allhatatossaggal-orzitek-meg-lelketeket\/","title":{"rendered":"\u00c1llhatatoss\u00e1ggal \u0151rzitek meg lelketeket"},"content":{"rendered":"<p><em>Abban az id\u0151ben J\u00e9zus \u00edgy k\u00e9sz\u00edtette el\u0151 tan\u00edtv\u00e1nyait a r\u00e1juk v\u00e1r\u00f3 megpr\u00f3b\u00e1ltat\u00e1sokra: <\/em><!--more--><a href=\"https:\/\/imalanc.ro\/w\/wp-content\/uploads\/Uldoztetesek.jpg\"><img loading=\"lazy\" decoding=\"async\" class=\"aligncenter wp-image-30081 size-full\" src=\"https:\/\/imalanc.ro\/w\/wp-content\/uploads\/Uldoztetesek.jpg\" alt=\"Az \u00fcld\u00f6ztet\u00e9sek azonban nem gyeng\u00edtik az Egyh\u00e1zat, hanem megadj\u00e1k sz\u00e1m\u00e1ra a tan\u00fas\u00e1gt\u00e9tel lehet\u0151s\u00e9g\u00e9t. Krisztus tan\u00fai a t\u00f6rt\u00e9nelemben mindig erk\u00f6lcsileg, szellemileg gy\u0151ztek az ellens\u00e9geik felett. Amikor az Egyh\u00e1zat \u00fcld\u00f6zt\u00e9k, akkor \u00e9lte a vir\u00e1gkor\u00e1t.\" width=\"580\" height=\"435\" srcset=\"https:\/\/imalanc.ro\/w\/wp-content\/uploads\/Uldoztetesek.jpg 580w, https:\/\/imalanc.ro\/w\/wp-content\/uploads\/Uldoztetesek-300x225.jpg 300w\" sizes=\"auto, (max-width: 580px) 100vw, 580px\" \/><\/a><\/p>\n<p><em>\u201eKezet emelnek r\u00e1tok, \u00e9s \u00fcld\u00f6zni fognak benneteket. Kiszolg\u00e1ltatnak a zsinag\u00f3g\u00e1knak \u00e9s b\u00f6rt\u00f6nbe vetnek. Kir\u00e1lyok \u00e9s helytart\u00f3k el\u00e9 hurcolnak az \u00e9n nevem\u00e9rt, az\u00e9rt, hogy tan\u00fas\u00e1got tegyetek. V\u00e9ss\u00e9tek h\u00e1t sz\u00edvetekbe: Ne t\u00f6rj\u00e9tek fejeteket el\u0151re, hogyan v\u00e9dekezzetek. \u00c9n olyan \u00e9kessz\u00f3l\u00e1st \u00e9s b\u00f6lcsess\u00e9get adok majd nektek, hogy egyetlen ellenfeletek sem tud ellen\u00e1llni vagy ellentmondani.<\/em><\/p>\n<p><em>Kiszolg\u00e1ltatnak benneteket a sz\u00fcl\u0151k, testv\u00e9rek, rokonok \u00e9s bar\u00e1tok, s k\u00f6z\u00fcletek n\u00e9melyeket meg is \u00f6lnek. Az \u00e9n nevem\u00e9rt mindenki gy\u0171l\u00f6lni fog titeket. De egyetlen hajsz\u00e1l sem v\u00e9sz el a fejetekr\u0151l. \u00c1llhatatoss\u00e1ggal \u0151rzitek meg lelketeket.\u201d<\/em><\/p>\n<p style=\"text-align: center;\"><strong><em>Luk\u00e1cs\u00a0 Evang\u00e9liuma <\/em><\/strong><strong><em>21, 12-19<\/em><\/strong><\/p>\n<p>Krisztus k\u00f6vet\u00e9s\u00e9nek egyik konkr\u00e9t k\u00f6vetkezm\u00e9nye az \u00fcld\u00f6ztet\u00e9s. J\u00e9zus nem rejti el k\u00f6vet\u00e9s\u00e9nek kock\u00e1zatait a tan\u00edtv\u00e1nyok el\u0151l, hanem lelkileg felk\u00e9sz\u00edti \u0151ket. \u0150 viszont nem szolg\u00e1ltatja ki ellens\u00e9gei k\u00e9nye kedv\u00e9nek a k\u00f6vet\u0151it, hanem a t\u00e1mogat\u00e1s\u00e1r\u00f3l biztos\u00edtja \u0151ket.<\/p>\n<p>Ez a leki, szellemi harc nem egy mag\u00e1nyos k\u00fczdelem, hanem a hit harca, amely nem \u00f6sszevissza csapkod\u00e1s, rem\u00e9nytelen k\u00fczdelem, hanem a kitart\u00e1s, a rem\u00e9ny k\u00fcdeleme, amely nem adja fel, mert tudja, hogy kiben b\u00edzhat.<\/p>\n<p>Fontos, hogy az \u00fcld\u00f6z\u00f6ttek ne adj\u00e1k fel a k\u00fczdelmet \u00e9s hogy k\u00f6zvetlen\u00fcl ne a magatart\u00e1suk okozza az \u00fcld\u00f6ztet\u00e9st.<\/p>\n<p>Az \u00fcld\u00f6ztet\u00e9sek azonban nem gyeng\u00edtik az Egyh\u00e1zat, hanem megadj\u00e1k sz\u00e1m\u00e1ra a tan\u00fas\u00e1gt\u00e9tel lehet\u0151s\u00e9g\u00e9t. Krisztus tan\u00fai a t\u00f6rt\u00e9nelemben mindig erk\u00f6lcsileg, szellemileg gy\u0151ztek az ellens\u00e9geik felett. Amikor az Egyh\u00e1zat \u00fcld\u00f6zt\u00e9k, akkor \u00e9lte a vir\u00e1gkor\u00e1t.<\/p>\n<p style=\"text-align: right;\"><strong><em>Ft. R\u00e1duly Istv\u00e1n Zsolt, Torda<\/em><\/strong><\/p>\n","protected":false},"excerpt":{"rendered":"Abban az id\u0151ben J\u00e9zus \u00edgy k\u00e9sz\u00edtette el\u0151 tan\u00edtv\u00e1nyait a r\u00e1juk v\u00e1r\u00f3 megpr\u00f3b\u00e1ltat\u00e1sokra:","protected":false},"author":2,"featured_media":30079,"comment_status":"closed","ping_status":"closed","sticky":false,"template":"","format":"standard","meta":{"footnotes":""},"categories":[6],"tags":[],"class_list":["post-30078","post","type-post","status-publish","format-standard","has-post-thumbnail","hentry","category-igehirdetesek"],"_links":{"self":[{"href":"https:\/\/imalanc.ro\/w\/wp-json\/wp\/v2\/posts\/30078","targetHints":{"allow":["GET"]}}],"collection":[{"href":"https:\/\/imalanc.ro\/w\/wp-json\/wp\/v2\/posts"}],"about":[{"href":"https:\/\/imalanc.ro\/w\/wp-json\/wp\/v2\/types\/post"}],"author":[{"embeddable":true,"href":"https:\/\/imalanc.ro\/w\/wp-json\/wp\/v2\/users\/2"}],"replies":[{"embeddable":true,"href":"https:\/\/imalanc.ro\/w\/wp-json\/wp\/v2\/comments?post=30078"}],"version-history":[{"count":2,"href":"https:\/\/imalanc.ro\/w\/wp-json\/wp\/v2\/posts\/30078\/revisions"}],"predecessor-version":[{"id":30083,"href":"https:\/\/imalanc.ro\/w\/wp-json\/wp\/v2\/posts\/30078\/revisions\/30083"}],"wp:featuredmedia":[{"embeddable":true,"href":"https:\/\/imalanc.ro\/w\/wp-json\/wp\/v2\/media\/30079"}],"wp:attachment":[{"href":"https:\/\/imalanc.ro\/w\/wp-json\/wp\/v2\/media?parent=30078"}],"wp:term":[{"taxonomy":"category","embeddable":true,"href":"https:\/\/imalanc.ro\/w\/wp-json\/wp\/v2\/categories?post=30078"},{"taxonomy":"post_tag","embeddable":true,"href":"https:\/\/imalanc.ro\/w\/wp-json\/wp\/v2\/tags?post=30078"}],"curies":[{"name":"wp","href":"https:\/\/api.w.org\/{rel}","templated":true}]}}