{"id":30070,"date":"2023-11-30T13:08:33","date_gmt":"2023-11-30T12:08:33","guid":{"rendered":"https:\/\/imalanc.ro\/w\/?p=30070"},"modified":"2023-12-06T13:22:04","modified_gmt":"2023-12-06T12:22:04","slug":"kovessetek-engem","status":"publish","type":"post","link":"https:\/\/imalanc.ro\/w\/kovessetek-engem\/","title":{"rendered":"K\u00f6vessetek engem"},"content":{"rendered":"<p><em>A Galileai-tenger ment\u00e9n j\u00e1rva megl\u00e1tott k\u00e9t testv\u00e9rt: Simont, akit P\u00e9ternek is neveznek, \u00e9s Andr\u00e1st, a testv\u00e9r\u00e9t. <\/em><!--more--> <a href=\"https:\/\/imalanc.ro\/w\/wp-content\/uploads\/Meghivas-.jpg\"><img loading=\"lazy\" decoding=\"async\" class=\"aligncenter wp-image-30071 size-full\" src=\"https:\/\/imalanc.ro\/w\/wp-content\/uploads\/Meghivas-.jpg\" alt=\"Mindannyian arra tartunk, amerre n\u00e9z\u00fcnk. Ha tekintet\u00fcnket vil\u00e1gi dolgok foglalj\u00e1k le, akkor c\u00e9lvesztettek maradunk. Ma is kell a j\u00f3, a szent \u00e9s az igaz.\" width=\"580\" height=\"435\" srcset=\"https:\/\/imalanc.ro\/w\/wp-content\/uploads\/Meghivas-.jpg 580w, https:\/\/imalanc.ro\/w\/wp-content\/uploads\/Meghivas--300x225.jpg 300w\" sizes=\"auto, (max-width: 580px) 100vw, 580px\" \/><\/a><\/p>\n<p><em>\u00c9ppen h\u00e1l\u00f3t vetettek a tengerbe, mert hal\u00e1szok voltak. \u00cdgy sz\u00f3lt hozz\u00e1juk: \u201eK\u00f6vessetek engem, \u00e9s \u00e9n emberek hal\u00e1sz\u00e1v\u00e1 teszlek titeket!\u201d Erre azok otthagyt\u00e1k h\u00e1l\u00f3ikat, \u00e9s k\u00f6vett\u00e9k \u0151t.<\/em><\/p>\n<p><em>Amint onnan tov\u00e1bbment, megl\u00e1tott m\u00e1sik k\u00e9t testv\u00e9rt is: Zebedeus fi\u00e1t, Jakabot \u00e9s testv\u00e9r\u00e9t, J\u00e1nost. Apjukkal, Zebedeussal a h\u00e1l\u00f3ikat jav\u00edtott\u00e1k a cs\u00f3nakban. \u0150ket is elh\u00edvta. \u0150k is otthagyt\u00e1k a cs\u00f3nakot \u00e9s az apjukat, \u00e9s k\u00f6vett\u00e9k \u0151t.<\/em><\/p>\n<p style=\"text-align: center;\"><strong><em>M\u00e1t\u00e9 Evang\u00e9liuma 4, 18-22<\/em><\/strong><\/p>\n<p>A pusztai megk\u00eds\u00e9rt\u00e9se ut\u00e1n J\u00e9zus kiv\u00e1lasztotta j\u00f6vend\u0151beli apostolait. Egyszer\u0171 hal\u00e1szembereket sz\u00f3l\u00edtott meg, akik a mindennapi meg\u00e9lhest\u00e9s\u00fck\u00e9rt dolgoztak. P\u00e9ternek csal\u00e1dja is volt. Andr\u00e1s apostol volt az els\u0151 megh\u00edvott, aki testv\u00e9r\u00e9t, Simont sz\u00f3l\u00edtotta meg. Ut\u00e1na megsz\u00f3l\u00edtotta a Zebedeus testv\u00e9reket, akik ugyancsak hal\u00e1szattal fogalkoztak. A hivat\u00e1s \u00faj n\u00e9vvel \u00e9s foglalkoz\u00e1ssal j\u00e1r. Simonb\u00f3l P\u00e9ter lesz, Andr\u00e1sb\u00f3l az els\u0151 megh\u00edvott, Jakab \u00e9s J\u00e1nos pedig a mennyd\u00f6rg\u00e9s fiai, akik J\u00e9zus bels\u0151 k\u00f6r\u00e9hez fognak tartozni.<\/p>\n<p>Hivat\u00e1sunk Istent\u0151l sz\u00e1rmazik. Ma sokan nem tudj\u00e1k mi az \u00e9let\u00fck c\u00e9lja, csak robotolnak egy v\u00e1llalkoz\u00e1sn\u00e1l, mindent megtesznek a k\u00e9nyelm\u00fck\u00e9rt, de azon t\u00fal m\u00e1r semmivel sem t\u00f6r\u0151dnek. A posztmodern kult\u00fara ki\u00fcres\u00edtette a hit vil\u00e1g\u00e1t \u00e9s mindenf\u00e9le p\u00f3tl\u00e9kokkal pr\u00f3b\u00e1lja felcser\u00e9lni az igazit. Azonban mindez csak csapda, mert az embert mindig a lelke m\u00e9ly\u00e9n foglalkoztatja az a k\u00e9rd\u00e9s, hogy honnan j\u00f6tt \u00e9s hov\u00e1 tart. Mindannyian arra tartunk, amerre n\u00e9z\u00fcnk. Ha tekintet\u00fcnket vil\u00e1gi dolgok foglalj\u00e1k le, akkor c\u00e9lvesztettek maradunk. Ma is kell a j\u00f3, a szent \u00e9s az igaz.<\/p>\n<p style=\"text-align: right;\"><strong><em>Ft. R\u00e1duly Istv\u00e1n Zsolt, Torda<\/em><\/strong><\/p>\n","protected":false},"excerpt":{"rendered":"A Galileai-tenger ment\u00e9n j\u00e1rva megl\u00e1tott k\u00e9t testv\u00e9rt: Simont, akit P\u00e9ternek is neveznek, \u00e9s Andr\u00e1st, a testv\u00e9r\u00e9t.","protected":false},"author":2,"featured_media":10734,"comment_status":"closed","ping_status":"closed","sticky":false,"template":"","format":"standard","meta":{"footnotes":""},"categories":[6],"tags":[],"class_list":["post-30070","post","type-post","status-publish","format-standard","has-post-thumbnail","hentry","category-igehirdetesek"],"_links":{"self":[{"href":"https:\/\/imalanc.ro\/w\/wp-json\/wp\/v2\/posts\/30070","targetHints":{"allow":["GET"]}}],"collection":[{"href":"https:\/\/imalanc.ro\/w\/wp-json\/wp\/v2\/posts"}],"about":[{"href":"https:\/\/imalanc.ro\/w\/wp-json\/wp\/v2\/types\/post"}],"author":[{"embeddable":true,"href":"https:\/\/imalanc.ro\/w\/wp-json\/wp\/v2\/users\/2"}],"replies":[{"embeddable":true,"href":"https:\/\/imalanc.ro\/w\/wp-json\/wp\/v2\/comments?post=30070"}],"version-history":[{"count":2,"href":"https:\/\/imalanc.ro\/w\/wp-json\/wp\/v2\/posts\/30070\/revisions"}],"predecessor-version":[{"id":30073,"href":"https:\/\/imalanc.ro\/w\/wp-json\/wp\/v2\/posts\/30070\/revisions\/30073"}],"wp:featuredmedia":[{"embeddable":true,"href":"https:\/\/imalanc.ro\/w\/wp-json\/wp\/v2\/media\/10734"}],"wp:attachment":[{"href":"https:\/\/imalanc.ro\/w\/wp-json\/wp\/v2\/media?parent=30070"}],"wp:term":[{"taxonomy":"category","embeddable":true,"href":"https:\/\/imalanc.ro\/w\/wp-json\/wp\/v2\/categories?post=30070"},{"taxonomy":"post_tag","embeddable":true,"href":"https:\/\/imalanc.ro\/w\/wp-json\/wp\/v2\/tags?post=30070"}],"curies":[{"name":"wp","href":"https:\/\/api.w.org\/{rel}","templated":true}]}}