{"id":30066,"date":"2023-12-01T12:48:41","date_gmt":"2023-12-01T11:48:41","guid":{"rendered":"https:\/\/imalanc.ro\/w\/?p=30066"},"modified":"2023-12-06T12:59:56","modified_gmt":"2023-12-06T11:59:56","slug":"kozel-van-az-isten-orszaga","status":"publish","type":"post","link":"https:\/\/imalanc.ro\/w\/kozel-van-az-isten-orszaga\/","title":{"rendered":"K\u00f6zel van az Isten orsz\u00e1ga"},"content":{"rendered":"<p style=\"text-align: justify;\"><em>Abban az id\u0151ben J\u00e9zus a k\u00f6vetkez\u0151 hasonlatot mondta tan\u00edtv\u00e1nyainak:<\/em><br \/>\n<!--more--> <a href=\"https:\/\/imalanc.ro\/w\/wp-content\/uploads\/Isten-kicsalogat-az-alombol.jpg\"><img loading=\"lazy\" decoding=\"async\" class=\"aligncenter wp-image-30068 size-full\" src=\"https:\/\/imalanc.ro\/w\/wp-content\/uploads\/Isten-kicsalogat-az-alombol.jpg\" alt=\"Isten nem v\u00e1rt m\u00f3don \u00e9s id\u0151ben \u00e9rkezik, ez\u00e9rt minden Vele val\u00f3 tal\u00e1lkoz\u00e1s kaland. Nem maradhatunk a komfort z\u00f3n\u00e1nkban, hanem ki kell l\u00e9pj\u00fcnk bel\u0151le, Isten onnan csalogat ki minket.\" width=\"580\" height=\"435\" srcset=\"https:\/\/imalanc.ro\/w\/wp-content\/uploads\/Isten-kicsalogat-az-alombol.jpg 580w, https:\/\/imalanc.ro\/w\/wp-content\/uploads\/Isten-kicsalogat-az-alombol-300x225.jpg 300w\" sizes=\"auto, (max-width: 580px) 100vw, 580px\" \/><\/a><\/p>\n<p style=\"text-align: justify;\"><em>\u00a0 \u00a0N\u00e9zz\u00e9tek a f\u00fcgef\u00e1t \u00e9s a t\u00f6bbi f\u00e1kat! Amikor l\u00e1tj\u00e1tok, hogy m\u00e1r hajtanak, tudj\u00e1tok, hogy k\u00f6zel van a ny\u00e1r. Ugyan\u00edgy ti is, amikor l\u00e1tj\u00e1tok, hogy mindez bek\u00f6vetkezik, tudj\u00e1tok meg, hogy k\u00f6zel van az Isten orsz\u00e1ga.<\/em><\/p>\n<p style=\"text-align: justify;\"><em>\u00a0 \u00a0Bizony, mondom nektek: Nem m\u00falik el ez a nemzed\u00e9k, am\u00edg mindez meg nem t\u00f6rt\u00e9nik. \u00c9g \u00e9s f\u00f6ld elm\u00falnak, de az \u00e9n ig\u00e9im el nem m\u00falnak.<\/em><\/p>\n<p style=\"text-align: justify;\"><em>\u00a0 \u00a0 \u00a0 \u00a0 \u00a0 \u00a0 \u00a0 \u00a0 \u00a0 \u00a0 \u00a0 \u00a0 \u00a0 \u00a0 \u00a0 \u00a0 \u00a0 \u00a0 \u00a0 \u00a0 \u00a0 \u00a0 \u00a0 \u00a0 \u00a0 \u00a0 \u00a0 \u00a0 \u00a0 \u00a0 \u00a0 \u00a0 \u00a0 <strong>Luk\u00e1cs Evang\u00e9liuma 21, 29-33<\/strong><\/em><\/p>\n<p style=\"text-align: justify;\">\u00a0 \u00a0P\u00e9ldabesz\u00e9deiben J\u00e9zus gyakran hivatkozott a f\u00fcgef\u00e1ra. Palesztin\u00e1ban otthonos fa, az \u00e9letet \u00e9s boldogs\u00e1got jelk\u00e9pezi. A term\u00e9ketlen f\u00fcgefa ennek az ellent\u00e9t\u00e9t jelk\u00e9pezi. J\u00e9zus meg\u00e1tkozta a f\u00fcgef\u00e1t, mert nem hozott term\u00e9st. K\u00f6vetel\u00e9se egyes helyen indokolatlan, hiszen m\u00e9g nem \u00e9rkezett el a f\u00fcge\u00e9r\u00e9si id\u0151szak. Ezzel az addigi tan\u00edt\u00f3k kudarc\u00e1t akarta jelezni.<\/p>\n<p style=\"text-align: justify;\">\u00a0 \u00a0Luk\u00e1cs m\u00e1s szempontb\u00f3l k\u00f6zel\u00edti meg a term\u00e9ketlen f\u00fcgef\u00e1val kapcsolatos k\u00e9rd\u00e9st. N\u00e1la az isteni irgalmass\u00e1g \u00e1ll a k\u00f6z\u00e9ppontban. (<strong>Lk 13,6-9<\/strong>) A vincell\u00e9r halad\u00e9kot k\u00e9r a gazd\u00e1t\u00f3l. H\u00e1rom \u00e9v szimb\u00f3likus sz\u00e1m, lehetne J\u00e9zus h\u00e1rom \u00e9ves nyilv\u00e1nos m\u0171k\u00f6d\u00e9s\u00e9nek a sz\u00e1ma.<\/p>\n<p style=\"text-align: justify;\">\u00a0 \u00a0Isten orsz\u00e1ga J\u00e9zus szerint nem szembet\u0171n\u0151 m\u00f3don \u00e9rkezik el, m\u00e9gis olyan v\u00e1ltoz\u00e1sok t\u00f6rt\u00e9nnek a term\u00e9szetben \u00e9s a vil\u00e1gt\u00f6rt\u00e9nelemben, amelyek s\u00fcrgetni l\u00e1tszanak annak a kibontakoz\u00e1s\u00e1t. Az \u00edr\u00e1stud\u00f3kat egyenesen megfeddi, mert tudtak olvasni az \u00e9gi jelekb\u0151l, de nem vett\u00e9k \u00e9szre az el\u0151tt\u00fck \u00e1ll\u00f3 Messi\u00e1st. Isten orsz\u00e1g\u00e1nak elj\u00f6vetele szorosan kapcsol\u00f3dik a v\u00e1rakoz\u00e1shoz. El\u0151bb azonban meg kell tisztuljon benn\u00fcnk az Istenr\u0151l alkotott illuzi\u00f3nk. Sz\u00e1mos mese sz\u00f3l arr\u00f3l, hogy valaki egyed\u00fcl v\u00e1rja az Istent. Kopogtat egy koldus, elk\u00fcldi, mert Istent v\u00e1rja. J\u00f6n egy ifj\u00fa, \u00e9s megzavarja az illet\u0151t a v\u00e1rakoz\u00e1s\u00e1ban. Valahogy mi is \u00edgy vagyunk ezzel. Isten k\u00f6zeledik fel\u00e9nk, de nem \u00fagy ahogyan mi el\u0151re elk\u00e9pzelt\u00fck. Rendk\u00edv\u00fclire v\u00e1runk, ez\u00e9rt egy\u00e1ltal\u00e1n nem vessz\u00fck \u0150t \u00e9szre. Isten nem v\u00e1rt m\u00f3don \u00e9s id\u0151ben \u00e9rkezik, ez\u00e9rt minden Vele val\u00f3 tal\u00e1lkoz\u00e1s kaland. Nem maradhatunk a komfort z\u00f3n\u00e1nkban, hanem ki kell l\u00e9pj\u00fcnk bel\u0151le, Isten onnan csalogat ki minket.<\/p>\n<p style=\"text-align: right;\"><strong><em>Ft. R\u00e1duly Istv\u00e1n Zsolt, Torda<\/em><\/strong><\/p>\n","protected":false},"excerpt":{"rendered":"Abban az id\u0151ben J\u00e9zus a k\u00f6vetkez\u0151 hasonlatot mondta tan\u00edtv\u00e1nyainak:","protected":false},"author":2,"featured_media":30067,"comment_status":"closed","ping_status":"closed","sticky":false,"template":"","format":"standard","meta":{"footnotes":""},"categories":[6],"tags":[],"class_list":["post-30066","post","type-post","status-publish","format-standard","has-post-thumbnail","hentry","category-igehirdetesek"],"_links":{"self":[{"href":"https:\/\/imalanc.ro\/w\/wp-json\/wp\/v2\/posts\/30066","targetHints":{"allow":["GET"]}}],"collection":[{"href":"https:\/\/imalanc.ro\/w\/wp-json\/wp\/v2\/posts"}],"about":[{"href":"https:\/\/imalanc.ro\/w\/wp-json\/wp\/v2\/types\/post"}],"author":[{"embeddable":true,"href":"https:\/\/imalanc.ro\/w\/wp-json\/wp\/v2\/users\/2"}],"replies":[{"embeddable":true,"href":"https:\/\/imalanc.ro\/w\/wp-json\/wp\/v2\/comments?post=30066"}],"version-history":[{"count":1,"href":"https:\/\/imalanc.ro\/w\/wp-json\/wp\/v2\/posts\/30066\/revisions"}],"predecessor-version":[{"id":30069,"href":"https:\/\/imalanc.ro\/w\/wp-json\/wp\/v2\/posts\/30066\/revisions\/30069"}],"wp:featuredmedia":[{"embeddable":true,"href":"https:\/\/imalanc.ro\/w\/wp-json\/wp\/v2\/media\/30067"}],"wp:attachment":[{"href":"https:\/\/imalanc.ro\/w\/wp-json\/wp\/v2\/media?parent=30066"}],"wp:term":[{"taxonomy":"category","embeddable":true,"href":"https:\/\/imalanc.ro\/w\/wp-json\/wp\/v2\/categories?post=30066"},{"taxonomy":"post_tag","embeddable":true,"href":"https:\/\/imalanc.ro\/w\/wp-json\/wp\/v2\/tags?post=30066"}],"curies":[{"name":"wp","href":"https:\/\/api.w.org\/{rel}","templated":true}]}}