{"id":30063,"date":"2023-12-02T12:35:28","date_gmt":"2023-12-02T11:35:28","guid":{"rendered":"https:\/\/imalanc.ro\/w\/?p=30063"},"modified":"2023-12-06T12:46:39","modified_gmt":"2023-12-06T11:46:39","slug":"virrasszatok-hat-es-imadkozzatok-szuntelenul","status":"publish","type":"post","link":"https:\/\/imalanc.ro\/w\/virrasszatok-hat-es-imadkozzatok-szuntelenul\/","title":{"rendered":"Virrasszatok h\u00e1t \u00e9s im\u00e1dkozzatok sz\u00fcntelen\u00fcl"},"content":{"rendered":"<p><em>J\u00e9zus ezeket mondta tan\u00edtv\u00e1nyainak a vil\u00e1g v\u00e9g\u00e9r\u0151l:<\/em><br \/>\n<!--more--><a href=\"https:\/\/imalanc.ro\/w\/wp-content\/uploads\/Unnepel-a-kolozsvar-szentpeteri-egyhazkozseg.jpg\"><img loading=\"lazy\" decoding=\"async\" class=\"aligncenter wp-image-7521 size-full\" src=\"https:\/\/imalanc.ro\/w\/wp-content\/uploads\/Unnepel-a-kolozsvar-szentpeteri-egyhazkozseg.jpg\" alt=\"Az \u00fcnnepek szinte ir\u00e1nyt\u0171i annak, hogy mi a fontos sz\u00e1munkra az \u00fcnnepre val\u00f3 felk\u00e9sz\u00fcl\u00e9sben, ugyanakkor r\u00e1mutatnak arra, hogy hogyan fogunk felk\u00e9sz\u00fclni \u00e9let\u00fcnk bankettj\u00e9re.\" width=\"580\" height=\"329\" srcset=\"https:\/\/imalanc.ro\/w\/wp-content\/uploads\/Unnepel-a-kolozsvar-szentpeteri-egyhazkozseg.jpg 580w, https:\/\/imalanc.ro\/w\/wp-content\/uploads\/Unnepel-a-kolozsvar-szentpeteri-egyhazkozseg-300x170.jpg 300w\" sizes=\"auto, (max-width: 580px) 100vw, 580px\" \/><\/a><\/p>\n<p><em>\u201eVigy\u00e1zzatok, hogy el ne nehezedj\u00e9k sz\u00edvetek tobz\u00f3d\u00e1sban, r\u00e9szegesked\u00e9sben \u00e9s az evil\u00e1gi gondokban. \u00cdgy majd nem \u00e9r k\u00e9sz\u00fcletlen\u00fcl benneteket az a nap. Mint a csapda, \u00fagy csap le mindazokra, akik a f\u00f6ld\u00f6n laknak. Virrasszatok h\u00e1t \u00e9s im\u00e1dkozzatok sz\u00fcntelen\u00fcl, hogy megmenek\u00fcljetek att\u00f3l, ami majd bek\u00f6vetkezik, \u00e9s meg\u00e1llhassatok az Emberfia sz\u00edne el\u0151tt.\u201d<\/em><\/p>\n<p style=\"text-align: center;\"><strong><em>Luk\u00e1cs Evang\u00e9liuma 21,34-36<\/em><\/strong><\/p>\n<p>J\u00e9zus a v\u00e9gs\u0151 napokra val\u00f3 felk\u00e9sz\u00fcl\u00e9sre figyelmeztet benn\u00fcnket. Felsorolja azokat a t\u00e9nyez\u0151ket, amelyek akad\u00e1lyozhatj\u00e1k a rendes k\u00e9szenl\u00e9tet. Sz\u00e1munkra ismer\u0151s t\u00e9nyez\u0151kr\u0151l besz\u00e9l.<\/p>\n<p>\u00dcnnepeken igazi vesz\u00e9lyt jelenthetnek a m\u00e9rt\u00e9ktelen ev\u00e9s-iv\u00e1sok, v\u00e1s\u00e1rol\u00e1sok, a t\u00falhajszol\u00f3 bulik, a drogfogyaszt\u00e1s stb. A j\u00f6v\u0151 miatti aggodalmaskod\u00e1s megkeser\u00edti az \u00e9let\u00fcnket, leblokkol \u00e9s szemellenz\u0151 m\u00f3dj\u00e1ra eltakarja lehet\u0151s\u00e9geinket. Maradjunk meg a val\u00f3s\u00e1g talaj\u00e1n, mert az elm\u00e9let gyakorlat n\u00e9lk\u00fcl csak \u00e1lom marad, a gyakorlat \u00e1lom n\u00e9lk\u00fcl r\u00e9m\u00e1lomm\u00e1 fajulhat.<\/p>\n<p>Az \u00fcnnepek szinte ir\u00e1nyt\u0171i annak, hogy mi a fontos sz\u00e1munkra az \u00fcnnepre val\u00f3 felk\u00e9sz\u00fcl\u00e9sben, ugyanakkor r\u00e1mutatnak arra, hogy hogyan fogunk felk\u00e9sz\u00fclni \u00e9let\u00fcnk bankettj\u00e9re.<\/p>\n<p style=\"text-align: right;\"><strong><em>Ft. R\u00e1duly Istv\u00e1n Zsolt, Torda<\/em><\/strong><\/p>\n","protected":false},"excerpt":{"rendered":"J\u00e9zus ezeket mondta tan\u00edtv\u00e1nyainak a vil\u00e1g v\u00e9g\u00e9r\u0151l:","protected":false},"author":2,"featured_media":19663,"comment_status":"closed","ping_status":"closed","sticky":false,"template":"","format":"standard","meta":{"footnotes":""},"categories":[6],"tags":[],"class_list":["post-30063","post","type-post","status-publish","format-standard","has-post-thumbnail","hentry","category-igehirdetesek"],"_links":{"self":[{"href":"https:\/\/imalanc.ro\/w\/wp-json\/wp\/v2\/posts\/30063","targetHints":{"allow":["GET"]}}],"collection":[{"href":"https:\/\/imalanc.ro\/w\/wp-json\/wp\/v2\/posts"}],"about":[{"href":"https:\/\/imalanc.ro\/w\/wp-json\/wp\/v2\/types\/post"}],"author":[{"embeddable":true,"href":"https:\/\/imalanc.ro\/w\/wp-json\/wp\/v2\/users\/2"}],"replies":[{"embeddable":true,"href":"https:\/\/imalanc.ro\/w\/wp-json\/wp\/v2\/comments?post=30063"}],"version-history":[{"count":1,"href":"https:\/\/imalanc.ro\/w\/wp-json\/wp\/v2\/posts\/30063\/revisions"}],"predecessor-version":[{"id":30064,"href":"https:\/\/imalanc.ro\/w\/wp-json\/wp\/v2\/posts\/30063\/revisions\/30064"}],"wp:featuredmedia":[{"embeddable":true,"href":"https:\/\/imalanc.ro\/w\/wp-json\/wp\/v2\/media\/19663"}],"wp:attachment":[{"href":"https:\/\/imalanc.ro\/w\/wp-json\/wp\/v2\/media?parent=30063"}],"wp:term":[{"taxonomy":"category","embeddable":true,"href":"https:\/\/imalanc.ro\/w\/wp-json\/wp\/v2\/categories?post=30063"},{"taxonomy":"post_tag","embeddable":true,"href":"https:\/\/imalanc.ro\/w\/wp-json\/wp\/v2\/tags?post=30063"}],"curies":[{"name":"wp","href":"https:\/\/api.w.org\/{rel}","templated":true}]}}