{"id":30060,"date":"2023-12-03T12:18:12","date_gmt":"2023-12-03T11:18:12","guid":{"rendered":"https:\/\/imalanc.ro\/w\/?p=30060"},"modified":"2023-12-06T12:35:25","modified_gmt":"2023-12-06T11:35:25","slug":"legyetek-hat-eberek","status":"publish","type":"post","link":"https:\/\/imalanc.ro\/w\/legyetek-hat-eberek\/","title":{"rendered":"Legyetek h\u00e1t \u00e9berek!"},"content":{"rendered":"<p><em>Abban az id\u0151ben J\u00e9zus \u00edgy tan\u00edtott: Vigy\u00e1zzatok \u00e9s virrasszatok! Nem tudj\u00e1tok, mikor j\u00f6n el az id\u0151. Az idegenbe indul\u00f3 ember is, amikor otthagyja h\u00e1z\u00e1t, szolg\u00e1ira b\u00edzza minden\u00e9t, \u00e9s mindegyiknek kijel\u00f6li a maga feladat\u00e1t; a kapu\u0151rnek megparancsolja, hogy virrasszon.<\/em><br \/>\n<!--more--><a href=\"https:\/\/imalanc.ro\/w\/wp-content\/uploads\/Krisztussal-lenni-a-szentmiseben.jpg\"><img loading=\"lazy\" decoding=\"async\" class=\"aligncenter wp-image-16732 size-full\" src=\"https:\/\/imalanc.ro\/w\/wp-content\/uploads\/Krisztussal-lenni-a-szentmiseben.jpg\" alt=\"Nem tudjuk mikor \u00e9s kin kereszt\u00fcl fog megl\u00e1togatni minket, ez\u00e9rt mindenkivel \u00fagy kell b\u00e1njunk, mintha Vele szem\u00e9lyesen tal\u00e1lkozn\u00e1nk.\" width=\"580\" height=\"343\" srcset=\"https:\/\/imalanc.ro\/w\/wp-content\/uploads\/Krisztussal-lenni-a-szentmiseben.jpg 580w, https:\/\/imalanc.ro\/w\/wp-content\/uploads\/Krisztussal-lenni-a-szentmiseben-300x177.jpg 300w\" sizes=\"auto, (max-width: 580px) 100vw, 580px\" \/><\/a><\/p>\n<p><em>Legyetek h\u00e1t \u00e9berek! Mert nem tudj\u00e1tok, mikor \u00e9rkezik meg a h\u00e1z ura: lehet, hogy este, vagy \u00e9jf\u00e9lkor; kakassz\u00f3ra, vagy reggel. Ne tal\u00e1ljon alva benneteket, ha v\u00e1ratlanul meg\u00e9rkezik! Amit nektek mondok, mindenkinek mondom: Virrasszatok!<\/em><\/p>\n<p style=\"text-align: center;\"><strong><em>M\u00e1rk Evang\u00e9liuma 13, 33-37<\/em><\/strong><\/p>\n<p>J\u00e9zus minket is arra figyelmeztet, hogy az adventi id\u0151szak elej\u00e9n, de \u00e9let\u00fcnk minden napj\u00e1n is virrasszunk. A virraszt\u00e1s \u00e9beren tartja a lelk\u00fcnket, felk\u00e9sz\u00edt a v\u00e1ratlan esem\u00e9nyekre. A virraszt\u00e1s a sivatagi aty\u00e1k \u00e9let\u00e9ben az \u00f6nmegtart\u00f3ztat\u00e1s, az indulatok megf\u00e9kez\u00e9s\u00e9nek a gyakorlata volt.<\/p>\n<p>Egy \u00e9jszakai virraszt\u00e1s ut\u00e1n az ember nem annyira \u00e9l\u00e9nken \u00e9rzi a rendetlen v\u00e1gyak erej\u00e9t, a k\u00eds\u00e9rt\u00e9seknek pedig k\u00f6nnyebben ellen\u00e1ll.<\/p>\n<p>Virraszt\u00e1sunk egy \u00e9letre sz\u00f3l, mert a k\u00eds\u00e9rt\u00e9sek nem sz\u0171nnek meg, hanem v\u00e9gigk\u00eds\u00e9rik eg\u00e9sz \u00e9let\u00fcnket. Isten nem akar minket kellemetlen helyzetbe sodorni, ez\u00e9rt Fi\u00e1n kereszt\u00fcl figyelmezet minket, hogy mindig legy\u00fcnk k\u00e9szen az \u00e9rkez\u00e9s\u00e9re. Nem sejtett \u00f3r\u00e1kban \u00e9rkezik, ez\u00e9rt fontos, hogy ne adjuk \u00e1t magunkat a k\u00e9nyelem k\u00eds\u00e9rt\u00e9s\u00e9nek, hanem \u00e9beren v\u00e1rakozzunk. Nem tudjuk mikor \u00e9s kin kereszt\u00fcl fog megl\u00e1togatni minket, ez\u00e9rt mindenkivel \u00fagy kell b\u00e1njunk, mintha Vele szem\u00e9lyesen tal\u00e1lkozn\u00e1nk.<\/p>\n<p style=\"text-align: right;\"><strong><em>Ft. R\u00e1duly Istv\u00e1n Zsolt, Torda<\/em><\/strong><\/p>\n","protected":false},"excerpt":{"rendered":"Abban az id\u0151ben J\u00e9zus \u00edgy tan\u00edtott: Vigy\u00e1zzatok \u00e9s virrasszatok! Nem tudj\u00e1tok, mikor j\u00f6n el az id\u0151. Az idegenbe indul\u00f3 ember&#8230;","protected":false},"author":2,"featured_media":30061,"comment_status":"closed","ping_status":"closed","sticky":false,"template":"","format":"standard","meta":{"footnotes":""},"categories":[6],"tags":[],"class_list":["post-30060","post","type-post","status-publish","format-standard","has-post-thumbnail","hentry","category-igehirdetesek"],"_links":{"self":[{"href":"https:\/\/imalanc.ro\/w\/wp-json\/wp\/v2\/posts\/30060","targetHints":{"allow":["GET"]}}],"collection":[{"href":"https:\/\/imalanc.ro\/w\/wp-json\/wp\/v2\/posts"}],"about":[{"href":"https:\/\/imalanc.ro\/w\/wp-json\/wp\/v2\/types\/post"}],"author":[{"embeddable":true,"href":"https:\/\/imalanc.ro\/w\/wp-json\/wp\/v2\/users\/2"}],"replies":[{"embeddable":true,"href":"https:\/\/imalanc.ro\/w\/wp-json\/wp\/v2\/comments?post=30060"}],"version-history":[{"count":1,"href":"https:\/\/imalanc.ro\/w\/wp-json\/wp\/v2\/posts\/30060\/revisions"}],"predecessor-version":[{"id":30062,"href":"https:\/\/imalanc.ro\/w\/wp-json\/wp\/v2\/posts\/30060\/revisions\/30062"}],"wp:featuredmedia":[{"embeddable":true,"href":"https:\/\/imalanc.ro\/w\/wp-json\/wp\/v2\/media\/30061"}],"wp:attachment":[{"href":"https:\/\/imalanc.ro\/w\/wp-json\/wp\/v2\/media?parent=30060"}],"wp:term":[{"taxonomy":"category","embeddable":true,"href":"https:\/\/imalanc.ro\/w\/wp-json\/wp\/v2\/categories?post=30060"},{"taxonomy":"post_tag","embeddable":true,"href":"https:\/\/imalanc.ro\/w\/wp-json\/wp\/v2\/tags?post=30060"}],"curies":[{"name":"wp","href":"https:\/\/api.w.org\/{rel}","templated":true}]}}