{"id":30048,"date":"2023-12-04T09:40:38","date_gmt":"2023-12-04T08:40:38","guid":{"rendered":"https:\/\/imalanc.ro\/w\/?p=30048"},"modified":"2023-12-06T14:14:14","modified_gmt":"2023-12-06T13:14:14","slug":"amikor-jezus-ezt-hallotta-elcsodalkozott","status":"publish","type":"post","link":"https:\/\/imalanc.ro\/w\/amikor-jezus-ezt-hallotta-elcsodalkozott\/","title":{"rendered":"Amikor J\u00e9zus ezt hallotta, elcsod\u00e1lkozott"},"content":{"rendered":"<p><em>Abban az id\u0151ben, amikor J\u00e9zus bement Kafarnaumba, egy (pog\u00e1ny) sz\u00e1zados j\u00e1rult el\u00e9je, \u00e9s \u00edgy sz\u00f3lt: \u201eUram, szolg\u00e1m b\u00e9n\u00e1n fekszik otthon, \u00e9s sz\u00f6rnyen k\u00ednl\u00f3dik.\u201d<\/em><!--more--><a href=\"https:\/\/imalanc.ro\/w\/wp-content\/uploads\/Szent-Peter-szobra-Kafarnaumban.jpg\"><img loading=\"lazy\" decoding=\"async\" class=\"aligncenter wp-image-14883 size-full\" src=\"https:\/\/imalanc.ro\/w\/wp-content\/uploads\/Szent-Peter-szobra-Kafarnaumban.jpg\" alt=\"Szt Peter szobor Kafarrnau \u2013 A hit mindenki sz\u00e1m\u00e1ra jel \u00e9s p\u00e9lda. Jel az elbizakodottaknak, p\u00e9lda a hitetleneknek.\" width=\"580\" height=\"773\" srcset=\"https:\/\/imalanc.ro\/w\/wp-content\/uploads\/Szent-Peter-szobra-Kafarnaumban.jpg 580w, https:\/\/imalanc.ro\/w\/wp-content\/uploads\/Szent-Peter-szobra-Kafarnaumban-225x300.jpg 225w\" sizes=\"auto, (max-width: 580px) 100vw, 580px\" \/><\/a><\/p>\n<p><em> J\u00e9zus \u00edgy felelt: \u201eMegyek \u00e9s meggy\u00f3gy\u00edtom.\u201d <\/em><\/p>\n<p><em>A sz\u00e1zados ezt v\u00e1laszolta: \u201eUram, nem vagyok m\u00e9lt\u00f3, hogy hajl\u00e9komba j\u00f6jj, hanem csak egy sz\u00f3val mondd, \u00e9s meggy\u00f3gyul az \u00e9n szolg\u00e1m. J\u00f3magam, b\u00e1r al\u00e1rendelt ember vagyok, katon\u00e1knak parancsolok. Ha azt mondom az egyiknek: \u00bbMenj!\u00ab \u2013 elmegy; a m\u00e1siknak: \u00bbJ\u00f6jj ide!\u00ab \u2013 akkor hozz\u00e1m j\u00f6n; \u00e9s szolg\u00e1mnak: \u00bbTedd ezt!\u00ab \u2013 \u00e9s megteszi.\u201d<\/em><\/p>\n<p><em>Amikor J\u00e9zus ezt hallotta, elcsod\u00e1lkozott, \u00e9s \u00edgy sz\u00f3lt k\u00eds\u00e9r\u0151ihez: \u201eBizony mondom nektek, ekkora hitet senkin\u00e9l sem tal\u00e1ltam Izraelben. Ez\u00e9rt azt mondom nektek: Sokan j\u00f6nnek majd napkeletr\u0151l \u00e9s napnyugatr\u00f3l, \u00e9s asztalhoz telepednek \u00c1brah\u00e1m, Izs\u00e1k \u00e9s J\u00e1kob mell\u00e9 a mennyek orsz\u00e1g\u00e1ban.\u201d<\/em><\/p>\n<p style=\"text-align: center;\"><strong><em>M\u00e1t\u00e9 Evang\u00e9liuma <\/em><\/strong><strong><em>8, 5-11<\/em><\/strong><\/p>\n<p>J\u00e9zus nemcsak a kafarnaumi sz\u00e1zados hit\u00e9n csod\u00e1lkozott el, hanem rendhagy\u00f3 embers\u00e9g\u00e9n is. Az \u00f3korban kevesen agg\u00f3dtak alattval\u00f3ik eg\u00e9szs\u00e9gi \u00e1llapota miatt, esetleg a munkaer\u0151 hi\u00e1nya miatt \u00e9rezhettek kev\u00e9s el\u00e9gedetlens\u00e9get. A sz\u00e1zadosnak nincs sz\u00fcks\u00e9ge k\u00fcl\u00f6n\u00f6sebb bizony\u00edt\u00e9kokra ahhoz, hogy J\u00e9zus gy\u00f3gy\u00edt\u00f3 hatalm\u00e1ban higgyen. \u00c9rvel\u00e9s\u00e9t a katonai vil\u00e1gb\u00f3l mer\u00edti, ahol a parancs szent.<\/p>\n<p>\u00dagy ahogy a rangban kisebb engedelmeskedik a nagyobbnak, ugyan\u00fagy el\u00e9g J\u00e9zus r\u00e9sz\u00e9r\u0151l a gy\u00f3gy\u00edt\u00f3 sz\u00f3. Nincs sz\u00fcks\u00e9g k\u00fcl\u00f6n\u00f6sebb k\u00fcld\u00f6tts\u00e9gr\u0151l, megb\u00edz\u00e1sr\u00f3l, deleg\u00e1l\u00e1sr\u00f3l, el\u00e9g J\u00e9zus gy\u00f3gy\u00edt\u00f3 szava. \u00c9s ez a hit mindenki sz\u00e1m\u00e1ra jel \u00e9s p\u00e9lda. Jel az elbizakodottaknak, p\u00e9lda a hitetleneknek. A sz\u00e1zados hite megmentette szolg\u00e1j\u00e1nak az \u00e9let\u00e9t. Ugyan\u00edgy hatunk hit\u00fcnkkel m\u00e1sok \u00e9let\u00e9re.<\/p>\n<p style=\"text-align: right;\"><strong><em>Ft. R\u00e1duly Istv\u00e1n Zsolt, Torda<\/em><\/strong><\/p>\n","protected":false},"excerpt":{"rendered":"Abban az id\u0151ben, amikor J\u00e9zus bement Kafarnaumba, egy (pog\u00e1ny) sz\u00e1zados j\u00e1rult el\u00e9je, \u00e9s \u00edgy sz\u00f3lt: \u201eUram, szolg\u00e1m b\u00e9n\u00e1n fekszik otthon,&#8230;","protected":false},"author":2,"featured_media":10872,"comment_status":"closed","ping_status":"closed","sticky":false,"template":"","format":"standard","meta":{"footnotes":""},"categories":[6],"tags":[],"class_list":["post-30048","post","type-post","status-publish","format-standard","has-post-thumbnail","hentry","category-igehirdetesek"],"_links":{"self":[{"href":"https:\/\/imalanc.ro\/w\/wp-json\/wp\/v2\/posts\/30048","targetHints":{"allow":["GET"]}}],"collection":[{"href":"https:\/\/imalanc.ro\/w\/wp-json\/wp\/v2\/posts"}],"about":[{"href":"https:\/\/imalanc.ro\/w\/wp-json\/wp\/v2\/types\/post"}],"author":[{"embeddable":true,"href":"https:\/\/imalanc.ro\/w\/wp-json\/wp\/v2\/users\/2"}],"replies":[{"embeddable":true,"href":"https:\/\/imalanc.ro\/w\/wp-json\/wp\/v2\/comments?post=30048"}],"version-history":[{"count":1,"href":"https:\/\/imalanc.ro\/w\/wp-json\/wp\/v2\/posts\/30048\/revisions"}],"predecessor-version":[{"id":30049,"href":"https:\/\/imalanc.ro\/w\/wp-json\/wp\/v2\/posts\/30048\/revisions\/30049"}],"wp:featuredmedia":[{"embeddable":true,"href":"https:\/\/imalanc.ro\/w\/wp-json\/wp\/v2\/media\/10872"}],"wp:attachment":[{"href":"https:\/\/imalanc.ro\/w\/wp-json\/wp\/v2\/media?parent=30048"}],"wp:term":[{"taxonomy":"category","embeddable":true,"href":"https:\/\/imalanc.ro\/w\/wp-json\/wp\/v2\/categories?post=30048"},{"taxonomy":"post_tag","embeddable":true,"href":"https:\/\/imalanc.ro\/w\/wp-json\/wp\/v2\/tags?post=30048"}],"curies":[{"name":"wp","href":"https:\/\/api.w.org\/{rel}","templated":true}]}}