{"id":30034,"date":"2023-12-05T09:13:19","date_gmt":"2023-12-05T08:13:19","guid":{"rendered":"https:\/\/imalanc.ro\/w\/?p=30034"},"modified":"2023-12-07T22:01:14","modified_gmt":"2023-12-07T21:01:14","slug":"elrejtetted-ezeket-a-bolcsek-es-okosak-elol","status":"publish","type":"post","link":"https:\/\/imalanc.ro\/w\/elrejtetted-ezeket-a-bolcsek-es-okosak-elol\/","title":{"rendered":"Elrejtetted ezeket a b\u00f6lcsek \u00e9s okosak el\u0151l"},"content":{"rendered":"<p><em>Amikor a hetvenk\u00e9t tan\u00edtv\u00e1ny nagy \u00f6r\u00f6mmel visszat\u00e9rt k\u00fcldet\u00e9s\u00e9b\u0151l, J\u00e9zus felujjongott a Szentl\u00e9lekben, \u00e9s \u00edgy im\u00e1dkozott: <\/em><!--more--> <a href=\"https:\/\/imalanc.ro\/w\/wp-content\/uploads\/Hajal.jpg\"><img loading=\"lazy\" decoding=\"async\" class=\"aligncenter wp-image-30045 size-full\" src=\"https:\/\/imalanc.ro\/w\/wp-content\/uploads\/Hajal.jpg\" alt=\"J\u00e9zus \u00e1ltal mindenki sz\u00e1m\u00e1ra el\u00e9rhet\u0151v\u00e9 lett az \u00fcdv\u00f6ss\u00e9g. S ez\u00e9rt ad h\u00e1l\u00e1t a j\u00f3s\u00e1gos mennyei Aty\u00e1nak. Vele elkezd\u0151d\u00f6tt az \u00fcdv\u00f6ss\u00e9g \u00faj hajnala.\" width=\"580\" height=\"435\" srcset=\"https:\/\/imalanc.ro\/w\/wp-content\/uploads\/Hajal.jpg 580w, https:\/\/imalanc.ro\/w\/wp-content\/uploads\/Hajal-300x225.jpg 300w\" sizes=\"auto, (max-width: 580px) 100vw, 580px\" \/><\/a><\/p>\n<p><em>\u201e\u00c1ldalak t\u00e9ged, Aty\u00e1m, mennynek \u00e9s f\u00f6ldnek Ura, mert elrejtetted ezeket a b\u00f6lcsek \u00e9s okosak el\u0151l, \u00e9s a kicsinyeknek jelentetted ki. Igen, Aty\u00e1m, \u00edgy tetszett neked.<\/em><\/p>\n<p><em>Mindent \u00e1tadott nekem Aty\u00e1m. Senki m\u00e1s nem ismeri a Fi\u00fat, csak az Atya; \u00e9s az Aty\u00e1t sem ismeri senki, csak a Fi\u00fa, \u00e9s az, akinek a Fi\u00fa ki akarja jelenteni.\u201d J\u00e9zus ezut\u00e1n tan\u00edtv\u00e1nyaihoz fordult, \u00e9s k\u00fcl\u00f6n nekik mondta: \u201eBoldog a szem, amely l\u00e1tja, amit ti l\u00e1ttok. Mondom nektek, sok pr\u00f3f\u00e9ta \u00e9s kir\u00e1ly szerette volna l\u00e1tni, amit ti l\u00e1ttok, de nem l\u00e1tta, \u00e9s hallani, amit ti hallotok, de nem hallotta.\u201d<\/em><\/p>\n<p style=\"text-align: center;\"><strong><em>Luk\u00e1cs Evang\u00e9liuma 10, 21-24<\/em><\/strong><\/p>\n<p>A mennyorsz\u00e1g m\u00e1r itt a f\u00f6ld\u00f6n elkezd\u0151dik, err\u0151l sz\u00f3l J\u00e9zus Atyj\u00e1nak c\u00edmzett magasztal\u00e1sa is.<\/p>\n<p><em> Szem nem l\u00e1tta, f\u00fcl nem halotta, emberi sz\u00edv f\u00f6l nem fogta, amit Isten azoknak k\u00e9sz\u00edt, akik \u0151t szeretik<\/em> \u2013 zengi Szent P\u00e1l apostol ha a korintusiakhoz \u00edrt 2. level\u00e9ben.<\/p>\n<p>A mennyorsz\u00e1g az eszkatologikus kett\u0151ss\u00e9gben val\u00f3sul meg, elkezd\u0151dik m\u00e1r itt a f\u00f6ld\u00f6n, de a v\u00e9gs\u0151 id\u0151kben val\u00f3sul meg a maga teljess\u00e9g\u00e9ben. A M\u00e1r \u00e9s a M\u00e9g nem eszkatologikus fesz\u00fclts\u00e9gben \u00e9l\u00fcnk, de J\u00e9zus \u00e9s a kicsinyek sz\u00e1m\u00e1ra ez a val\u00f3s\u00e1g m\u00e1r el\u00e9rhet\u0151.<\/p>\n<p>Az isteni b\u00f6lcsess\u00e9gnek k\u00f6sz\u00f6nhet\u0151en az \u00fcdv\u00f6ss\u00e9g nem a kiv\u00e1lts\u00e1gosoknak j\u00e1r ki, hanem a kicsinyeknek, a kiv\u00e1lasztottaknak, ha akiket Isten m\u00e9lt\u00f3nak tal\u00e1lt az \u00fcdv\u00f6ss\u00e9g j\u00f3 h\u00edr\u00e9nek megoszt\u00e1s\u00e1ra. S ez\u00e1ltal megsz\u0171nt minden h\u00e1tr\u00e1nyos megk\u00fcl\u00f6nb\u00f6ztet\u00e9s, amely csak a vall\u00e1sos elit sz\u00e1m\u00e1ra volt fenntartva. J\u00e9zus \u00e1ltal mindenki sz\u00e1m\u00e1ra el\u00e9rhet\u0151v\u00e9 lett az \u00fcdv\u00f6ss\u00e9g. S ez\u00e9rt ad h\u00e1l\u00e1t a j\u00f3s\u00e1gos mennyei Aty\u00e1nak. Vele elkezd\u0151d\u00f6tt az \u00fcdv\u00f6ss\u00e9g \u00faj hajnala.<\/p>\n<p style=\"text-align: right;\"><strong><em>Ft. R\u00e1duly Istv\u00e1n Zsolt, Torda<\/em><\/strong><\/p>\n","protected":false},"excerpt":{"rendered":"Amikor a hetvenk\u00e9t tan\u00edtv\u00e1ny nagy \u00f6r\u00f6mmel visszat\u00e9rt k\u00fcldet\u00e9s\u00e9b\u0151l, J\u00e9zus felujjongott a Szentl\u00e9lekben, \u00e9s \u00edgy im\u00e1dkozott:","protected":false},"author":2,"featured_media":30035,"comment_status":"closed","ping_status":"closed","sticky":false,"template":"","format":"standard","meta":{"footnotes":""},"categories":[6],"tags":[],"class_list":["post-30034","post","type-post","status-publish","format-standard","has-post-thumbnail","hentry","category-igehirdetesek"],"_links":{"self":[{"href":"https:\/\/imalanc.ro\/w\/wp-json\/wp\/v2\/posts\/30034","targetHints":{"allow":["GET"]}}],"collection":[{"href":"https:\/\/imalanc.ro\/w\/wp-json\/wp\/v2\/posts"}],"about":[{"href":"https:\/\/imalanc.ro\/w\/wp-json\/wp\/v2\/types\/post"}],"author":[{"embeddable":true,"href":"https:\/\/imalanc.ro\/w\/wp-json\/wp\/v2\/users\/2"}],"replies":[{"embeddable":true,"href":"https:\/\/imalanc.ro\/w\/wp-json\/wp\/v2\/comments?post=30034"}],"version-history":[{"count":2,"href":"https:\/\/imalanc.ro\/w\/wp-json\/wp\/v2\/posts\/30034\/revisions"}],"predecessor-version":[{"id":30047,"href":"https:\/\/imalanc.ro\/w\/wp-json\/wp\/v2\/posts\/30034\/revisions\/30047"}],"wp:featuredmedia":[{"embeddable":true,"href":"https:\/\/imalanc.ro\/w\/wp-json\/wp\/v2\/media\/30035"}],"wp:attachment":[{"href":"https:\/\/imalanc.ro\/w\/wp-json\/wp\/v2\/media?parent=30034"}],"wp:term":[{"taxonomy":"category","embeddable":true,"href":"https:\/\/imalanc.ro\/w\/wp-json\/wp\/v2\/categories?post=30034"},{"taxonomy":"post_tag","embeddable":true,"href":"https:\/\/imalanc.ro\/w\/wp-json\/wp\/v2\/tags?post=30034"}],"curies":[{"name":"wp","href":"https:\/\/api.w.org\/{rel}","templated":true}]}}