{"id":30030,"date":"2023-12-06T09:12:30","date_gmt":"2023-12-06T08:12:30","guid":{"rendered":"https:\/\/imalanc.ro\/w\/?p=30030"},"modified":"2023-12-09T21:27:08","modified_gmt":"2023-12-09T20:27:08","slug":"hany-kenyeretek-van","status":"publish","type":"post","link":"https:\/\/imalanc.ro\/w\/hany-kenyeretek-van\/","title":{"rendered":"H\u00e1ny kenyeretek van?"},"content":{"rendered":"<p><em>Abban az id\u0151ben J\u00e9zus a Galileai-tengerhez \u00e9rkezett. F\u00f6lment egy hegyre, \u00e9s le\u00fclt. Nagy sokas\u00e1g j\u00f6tt hozz\u00e1. Hoztak magukkal s\u00e1nt\u00e1kat, b\u00e9n\u00e1kat, vakokat, n\u00e9m\u00e1kat meg sok m\u00e1s beteget, \u00e9s l\u00e1ba el\u00e9 tett\u00e9k \u0151ket. Valamennyi\u00fcket meggy\u00f3gy\u00edtotta.<\/em><br \/>\n<!--more--><a href=\"https:\/\/imalanc.ro\/w\/wp-content\/uploads\/Galileai-to.jpg\"><img loading=\"lazy\" decoding=\"async\" class=\"size-full wp-image-30032 aligncenter\" src=\"https:\/\/imalanc.ro\/w\/wp-content\/uploads\/Galileai-to.jpg\" alt=\"\" width=\"580\" height=\"309\" srcset=\"https:\/\/imalanc.ro\/w\/wp-content\/uploads\/Galileai-to.jpg 580w, https:\/\/imalanc.ro\/w\/wp-content\/uploads\/Galileai-to-300x160.jpg 300w\" sizes=\"auto, (max-width: 580px) 100vw, 580px\" \/><\/a><\/p>\n<p><em>Amikor a n\u00e9p l\u00e1tta, hogy a n\u00e9m\u00e1k besz\u00e9lnek, a b\u00e9n\u00e1k meggy\u00f3gyulnak, a s\u00e1nt\u00e1k j\u00e1rnak \u00e9s a vakok l\u00e1tnak, el\u00e1mult, \u00e9s magasztalta Izrael Isten\u00e9t.<\/em><\/p>\n<p><em>J\u00e9zus akkor \u00f6sszeh\u00edvta tan\u00edtv\u00e1nyait, \u00e9s \u00edgy sz\u00f3lt hozz\u00e1juk: \u201eSajn\u00e1lom a n\u00e9pet. M\u00e1r harmadnapja kitartanak mellettem, \u00e9s nincs mit enni\u00fck. Nem akarom \u00e9tlen hazak\u00fcldeni \u0151ket, hogy ki ne d\u0151ljenek az \u00faton.\u201d A tan\u00edtv\u00e1nyok erre megjegyezt\u00e9k: \u201eDe honnan szerz\u00fcnk itt a puszt\u00e1ban annyi kenyeret, hogy ekkora t\u00f6meget ell\u00e1ssunk?\u201d<\/em><br \/>\n<!--more--><a href=\"https:\/\/imalanc.ro\/w\/wp-content\/uploads\/Kozelebb-az-Oltariszentseghez.jpg\"><img loading=\"lazy\" decoding=\"async\" class=\"aligncenter wp-image-23352 size-full\" src=\"https:\/\/imalanc.ro\/w\/wp-content\/uploads\/Kozelebb-az-Oltariszentseghez.jpg\" alt=\"Az \u00e9let kenyere viszont olyan lelki eledel, amely a lelk\u00fcnket t\u00e1pl\u00e1lja.\" width=\"580\" height=\"261\" srcset=\"https:\/\/imalanc.ro\/w\/wp-content\/uploads\/Kozelebb-az-Oltariszentseghez.jpg 580w, https:\/\/imalanc.ro\/w\/wp-content\/uploads\/Kozelebb-az-Oltariszentseghez-300x135.jpg 300w\" sizes=\"auto, (max-width: 580px) 100vw, 580px\" \/><\/a><\/p>\n<p><em>J\u00e9zus megk\u00e9rdezte t\u0151l\u00fck: \u201eH\u00e1ny kenyeretek van?\u201d<\/em><\/p>\n<p><em>\u201eH\u00e9t, \u00e9s n\u00e9h\u00e1ny apr\u00f3 halunk\u201d \u2013 felelt\u00e9k.<\/em><\/p>\n<p><em>Erre meghagyta a n\u00e9pnek, hogy telepedj\u00e9k le a f\u00f6ldre. Azt\u00e1n fogta a h\u00e9t kenyeret \u00e9s a halakat, h\u00e1l\u00e1t adott, megt\u00f6rte \u00e9s odaadta tan\u00edtv\u00e1nyainak, a tan\u00edtv\u00e1nyok pedig a n\u00e9pnek. Miut\u00e1n mindny\u00e1jan ettek \u00e9s j\u00f3llaktak, h\u00e9t kos\u00e1r keny\u00e9rmarad\u00e9kot szedtek \u00f6ssze.<\/em><\/p>\n<p style=\"text-align: center;\"><strong><em>M\u00e1t\u00e9 Evang\u00e9liuma 15, 29-37<\/em><\/strong><\/p>\n<p>A m\u00e1sodik keny\u00e9rszapor\u00edt\u00e1s a pog\u00e1nyok megh\u00edv\u00e1s\u00e1ra teszi a hangs\u00falyt. Itt nem t\u00f6bb napr\u00f3l van sz\u00f3, hanem egy napr\u00f3l, de amikor a betegek t\u00f6megesen vonulnak J\u00e9zushoz. J\u00e9zus nem akarja \u0151ket \u00e9tlen\u00fcl hazak\u00fcldeni, hanem sz\u00e9tosztja k\u00f6zt\u00fck a 7 marad\u00e9k kenyeret. Miel\u0151tt sz\u00e9tosztotta, h\u00e1l\u00e1t adott. Ugyanezt fogja tenni az utols\u00f3 vacsor\u00e1n, amikor apostolainak osztja sz\u00e9t a kenyeret. B\u00e1r nincs utal\u00e1s k\u00f6zvetlen\u00fcl az eukariszti\u00e1ra, de vannak hasonl\u00f3 mot\u00edvumok. A pog\u00e1ny nemzetek misszion\u00e1l\u00e1s\u00e1ra utal a hetes sz\u00e1m. A t\u00f6meg j\u00f3llakott, mert h\u00e9t kos\u00e1r \u00e9telmarad\u00e9kr\u00f3l sz\u00e1mol be az evang\u00e9lium.<\/p>\n<p>Itt nincs utal\u00e1s az \u00e9let kenyer\u00e9re, de J\u00e1nos evang\u00e9lium\u00e1ban J\u00e9zus kifejti, hogy ink\u00e1bb annak megszerz\u00e9s\u00e9re kellene t\u00f6rekedni\u00fck. Hiszen a mindennapi keny\u00e9r ugyan\u00fagy elfogyott, mint a puszt\u00e1ban a manna. Az \u00e9let kenyere viszont olyan lelki eledel, amely a lelk\u00fcnket t\u00e1pl\u00e1lja.<\/p>\n<p style=\"text-align: right;\"><strong><em>Ft. R\u00e1duly Istv\u00e1n Zsolt, Torda<\/em><\/strong><\/p>\n","protected":false},"excerpt":{"rendered":"Abban az id\u0151ben J\u00e9zus a Galileai-tengerhez \u00e9rkezett. F\u00f6lment egy hegyre, \u00e9s le\u00fclt. Nagy sokas\u00e1g j\u00f6tt hozz\u00e1. Hoztak magukkal s\u00e1nt\u00e1kat, b\u00e9n\u00e1kat,&#8230;","protected":false},"author":2,"featured_media":30031,"comment_status":"closed","ping_status":"closed","sticky":false,"template":"","format":"standard","meta":{"footnotes":""},"categories":[6],"tags":[],"class_list":["post-30030","post","type-post","status-publish","format-standard","has-post-thumbnail","hentry","category-igehirdetesek"],"_links":{"self":[{"href":"https:\/\/imalanc.ro\/w\/wp-json\/wp\/v2\/posts\/30030","targetHints":{"allow":["GET"]}}],"collection":[{"href":"https:\/\/imalanc.ro\/w\/wp-json\/wp\/v2\/posts"}],"about":[{"href":"https:\/\/imalanc.ro\/w\/wp-json\/wp\/v2\/types\/post"}],"author":[{"embeddable":true,"href":"https:\/\/imalanc.ro\/w\/wp-json\/wp\/v2\/users\/2"}],"replies":[{"embeddable":true,"href":"https:\/\/imalanc.ro\/w\/wp-json\/wp\/v2\/comments?post=30030"}],"version-history":[{"count":1,"href":"https:\/\/imalanc.ro\/w\/wp-json\/wp\/v2\/posts\/30030\/revisions"}],"predecessor-version":[{"id":30033,"href":"https:\/\/imalanc.ro\/w\/wp-json\/wp\/v2\/posts\/30030\/revisions\/30033"}],"wp:featuredmedia":[{"embeddable":true,"href":"https:\/\/imalanc.ro\/w\/wp-json\/wp\/v2\/media\/30031"}],"wp:attachment":[{"href":"https:\/\/imalanc.ro\/w\/wp-json\/wp\/v2\/media?parent=30030"}],"wp:term":[{"taxonomy":"category","embeddable":true,"href":"https:\/\/imalanc.ro\/w\/wp-json\/wp\/v2\/categories?post=30030"},{"taxonomy":"post_tag","embeddable":true,"href":"https:\/\/imalanc.ro\/w\/wp-json\/wp\/v2\/tags?post=30030"}],"curies":[{"name":"wp","href":"https:\/\/api.w.org\/{rel}","templated":true}]}}