{"id":30026,"date":"2023-11-27T17:32:26","date_gmt":"2023-11-27T16:32:26","guid":{"rendered":"https:\/\/imalanc.ro\/w\/?p=30026"},"modified":"2023-12-06T10:30:10","modified_gmt":"2023-12-06T09:30:10","slug":"mindent-odaadott","status":"publish","type":"post","link":"https:\/\/imalanc.ro\/w\/mindent-odaadott\/","title":{"rendered":"Mindent odaadott"},"content":{"rendered":"<p><em>J\u00e9zus egy alkalommal megfigyelte, hogyan dobj\u00e1k a gazdagok adom\u00e1nyaikat a templom persely\u00e9be. K\u00f6zben \u00e9szrevette, hogy egy szeg\u00e9ny \u00f6zvegyasszony k\u00e9t fill\u00e9rt dobott be. <\/em><!--more--><a href=\"https:\/\/imalanc.ro\/w\/wp-content\/uploads\/Mindent-odaadott-amije-volt.jpg\"><img loading=\"lazy\" decoding=\"async\" class=\"aligncenter wp-image-10543 size-full\" src=\"https:\/\/imalanc.ro\/w\/wp-content\/uploads\/Mindent-odaadott-amije-volt.jpg\" alt=\"Nem a cselekedet nagys\u00e1ga, hanem a gesztus \u0151szintes\u00e9ge sz\u00e1m\u00edt. Ezt a fajta j\u00e9zusi logik\u00e1t egy fogyaszt\u00f3i t\u00e1rsadalomban kevesen \u00e9rtik meg, mert a csomagol\u00e1s, az aj\u00e1nd\u00e9k rendk\u00edv\u00fclis\u00e9ge d\u00f6nti el, hogy mennyire szeret\u00fcnk valakit.\" width=\"580\" height=\"379\" srcset=\"https:\/\/imalanc.ro\/w\/wp-content\/uploads\/Mindent-odaadott-amije-volt.jpg 580w, https:\/\/imalanc.ro\/w\/wp-content\/uploads\/Mindent-odaadott-amije-volt-300x196.jpg 300w\" sizes=\"auto, (max-width: 580px) 100vw, 580px\" \/><\/a><\/p>\n<p><em>Erre megjegyezte: \u201eBizony, mondom nektek, ez a szeg\u00e9ny \u00f6zvegy t\u00f6bbet dobott be, mint b\u00e1rki m\u00e1s. <\/em><\/p>\n<p><em>A t\u00f6bbiek ugyanis abb\u00f3l adakoztak, amiben b\u0151velkednek, ez azonban mindent odaadott, ami szeg\u00e9nys\u00e9g\u00e9b\u0151l telt: eg\u00e9sz meg\u00e9lhet\u00e9s\u00e9t.\u201d<\/em><\/p>\n<p style=\"text-align: center;\"><strong><em>Luk\u00e1cs Evang\u00e9liuma 21, 1-4<\/em><\/strong><\/p>\n<p>Nem az adakoz\u00e1s m\u00e9rt\u00e9ke, hanem az \u00e1ldozathozatal nagys\u00e1ga d\u00f6nti el, hogy val\u00f3j\u00e1ban mekkora valakinek az adom\u00e1nya. A l\u00e1tszat n\u00e9ha csal, \u00e9s erre h\u00edvja fel a figyelmet J\u00e9zus, aki l\u00e1tta, ki mennyit dobot be a templomperselybe.<\/p>\n<p>Nem a cselekedet nagys\u00e1ga a fontos, hanem az, hogy mekkora szeretettel tessz\u00fck azt. Ahogyan kalkuttai Szent Ter\u00e9z anya mondta: kis tetteket nagy sz\u00edvvel.<\/p>\n<p>Az evang\u00e9lium a legminim\u00e1lisabbra cs\u00f6kkenti a j\u00f3cselekedetek m\u00e9rt\u00e9k\u00e9t: aki egy poh\u00e1r vizet ad valakinek J\u00e9zus nev\u00e9ben, az megszerezheti az \u00fcdv\u00f6ss\u00e9get.<\/p>\n<p>Nem a cselekedet nagys\u00e1ga, hanem a gesztus \u0151szintes\u00e9ge sz\u00e1m\u00edt. Ezt a fajta j\u00e9zusi logik\u00e1t egy fogyaszt\u00f3i t\u00e1rsadalomban kevesen \u00e9rtik meg, mert a csomagol\u00e1s, az aj\u00e1nd\u00e9k rendk\u00edv\u00fclis\u00e9ge d\u00f6nti el, hogy mennyire szeret\u00fcnk valakit.<\/p>\n<p style=\"text-align: right;\"><strong><em>Ft. R\u00e1duly Istv\u00e1n Zsolt, Torda<\/em><\/strong><\/p>\n","protected":false},"excerpt":{"rendered":"J\u00e9zus egy alkalommal megfigyelte, hogyan dobj\u00e1k a gazdagok adom\u00e1nyaikat a templom persely\u00e9be. K\u00f6zben \u00e9szrevette, hogy egy szeg\u00e9ny \u00f6zvegyasszony k\u00e9t fill\u00e9rt&#8230;","protected":false},"author":2,"featured_media":22560,"comment_status":"closed","ping_status":"closed","sticky":false,"template":"","format":"standard","meta":{"footnotes":""},"categories":[6],"tags":[],"class_list":["post-30026","post","type-post","status-publish","format-standard","has-post-thumbnail","hentry","category-igehirdetesek"],"_links":{"self":[{"href":"https:\/\/imalanc.ro\/w\/wp-json\/wp\/v2\/posts\/30026","targetHints":{"allow":["GET"]}}],"collection":[{"href":"https:\/\/imalanc.ro\/w\/wp-json\/wp\/v2\/posts"}],"about":[{"href":"https:\/\/imalanc.ro\/w\/wp-json\/wp\/v2\/types\/post"}],"author":[{"embeddable":true,"href":"https:\/\/imalanc.ro\/w\/wp-json\/wp\/v2\/users\/2"}],"replies":[{"embeddable":true,"href":"https:\/\/imalanc.ro\/w\/wp-json\/wp\/v2\/comments?post=30026"}],"version-history":[{"count":1,"href":"https:\/\/imalanc.ro\/w\/wp-json\/wp\/v2\/posts\/30026\/revisions"}],"predecessor-version":[{"id":30027,"href":"https:\/\/imalanc.ro\/w\/wp-json\/wp\/v2\/posts\/30026\/revisions\/30027"}],"wp:featuredmedia":[{"embeddable":true,"href":"https:\/\/imalanc.ro\/w\/wp-json\/wp\/v2\/media\/22560"}],"wp:attachment":[{"href":"https:\/\/imalanc.ro\/w\/wp-json\/wp\/v2\/media?parent=30026"}],"wp:term":[{"taxonomy":"category","embeddable":true,"href":"https:\/\/imalanc.ro\/w\/wp-json\/wp\/v2\/categories?post=30026"},{"taxonomy":"post_tag","embeddable":true,"href":"https:\/\/imalanc.ro\/w\/wp-json\/wp\/v2\/tags?post=30026"}],"curies":[{"name":"wp","href":"https:\/\/api.w.org\/{rel}","templated":true}]}}