{"id":30024,"date":"2023-11-26T16:51:21","date_gmt":"2023-11-26T15:51:21","guid":{"rendered":"https:\/\/imalanc.ro\/w\/?p=30024"},"modified":"2023-12-06T10:30:24","modified_gmt":"2023-12-06T09:30:24","slug":"mikor-lattunk-teged","status":"publish","type":"post","link":"https:\/\/imalanc.ro\/w\/mikor-lattunk-teged\/","title":{"rendered":"Mikor l\u00e1ttunk t\u00e9ged"},"content":{"rendered":"<p><em>Abban az id\u0151ben J\u00e9zus \u00edgy sz\u00f3lt tan\u00edtv\u00e1nyaihoz:<\/em><br \/>\n<!--more--><a href=\"https:\/\/imalanc.ro\/w\/wp-content\/uploads\/Minden-jot-cselekedett.jpg\"><img loading=\"lazy\" decoding=\"async\" class=\"aligncenter wp-image-27065 size-full\" src=\"https:\/\/imalanc.ro\/w\/wp-content\/uploads\/Minden-jot-cselekedett.jpg\" alt=\"H\u00e9tk\u00f6znapjainkban a konkr\u00e9t cselekedetekben nyilv\u00e1nul meg Isten szeretete \u00e1ltalunk. Azonban nem szabad szem el\u0151l t\u00e9veszteni azt, hogy az irgalmass\u00e1g lelki cselekedetei ugyanannyit nyomnak a latba, mint az irgalmass\u00e1g testi cselekedetei.\" width=\"580\" height=\"435\" srcset=\"https:\/\/imalanc.ro\/w\/wp-content\/uploads\/Minden-jot-cselekedett.jpg 580w, https:\/\/imalanc.ro\/w\/wp-content\/uploads\/Minden-jot-cselekedett-300x225.jpg 300w\" sizes=\"auto, (max-width: 580px) 100vw, 580px\" \/><\/a><\/p>\n<p><em>Amikor az Emberfia elj\u00f6n az \u0151 dics\u0151s\u00e9g\u00e9ben, \u00f6sszes angyal\u00e1nak k\u00eds\u00e9ret\u00e9ben, \u00e9s helyet foglal dics\u0151s\u00e9ges tr\u00f3nus\u00e1n, akkor minden nemzet \u00f6sszesereglik el\u0151tte, \u0151 pedig elv\u00e1lasztja \u0151ket egym\u00e1st\u00f3l, mik\u00e9nt a p\u00e1sztor elv\u00e1lasztja a juhokat a kosokt\u00f3l; a juhokat a jobbj\u00e1ra \u00e1ll\u00edtja, a kosokat pedig a balj\u00e1ra.<\/em><\/p>\n<p><em>Azut\u00e1n a kir\u00e1ly \u00edgy sz\u00f3l a jobbj\u00e1n \u00e1ll\u00f3khoz: \u201eJ\u00f6jjetek, Aty\u00e1m \u00e1ldottai, vegy\u00e9tek birtokba a vil\u00e1g kezdet\u00e9t\u0151l nektek k\u00e9sz\u00edtett orsz\u00e1got! Mert \u00e9hes voltam \u00e9s ti ennem adtatok; szomjas voltam, \u00e9s ti innom adtatok; idegen voltam, s ti befogadtatok; ruh\u00e1tlan voltam, \u00e9s ti betakartatok; beteg voltam, \u00e9s ti f\u00f6lkerestetek; b\u00f6rt\u00f6nben voltam, \u00e9s ti megl\u00e1togattatok!\u201d<\/em><\/p>\n<p><em>Erre megk\u00e9rdezik t\u0151le az igazak: \u201eUram, mikor l\u00e1ttunk t\u00e9ged \u00e9hezni, hogy enni adtunk volna neked, vagy szomjazni, hogy inni adtunk volna? Mikor l\u00e1ttunk idegenk\u00e9nt, hogy befogadtunk volna, vagy ruh\u00e1tlanul, hogy betakartunk volna t\u00e9ged? Mikor l\u00e1ttunk betegen vagy b\u00f6rt\u00f6nben, hogy megl\u00e1togattunk volna?\u201d Akkor a kir\u00e1ly \u00edgy felel: \u201eBizony, mondom nektek: Amit e legkisebb testv\u00e9reim k\u00f6z\u00fcl eggyel is tettetek, velem tett\u00e9tek!\u201d<\/em><\/p>\n<p><em>Ezut\u00e1n a balj\u00e1n \u00e1ll\u00f3khoz sz\u00f3l: \u201eT\u00e1vozzatok t\u0151lem, ti \u00e1tkozottak, az \u00f6r\u00f6k t\u0171zre, amely az \u00f6rd\u00f6gnek \u00e9s angyalainak k\u00e9sz\u00fclt. Mert \u00e9hes voltam, \u00e9s nem adtatok nekem enni; szomjas voltam, \u00e9s nem adtatok inni; idegen voltam, s nem fogadtatok be; ruh\u00e1tlan voltam, \u00e9s nem takartatok be; beteg voltam \u00e9s b\u00f6rt\u00f6nben s\u00ednyl\u0151dtem; s ti nem l\u00e1togattatok meg engem!\u201d<\/em><\/p>\n<p><em>Erre \u0151k is megk\u00e9rdezik: \u201eUram, mikor l\u00e1ttunk t\u00e9ged \u00e9hezni vagy szomjazni, idegenk\u00e9nt vagy ruh\u00e1tlanul, betegen vagy b\u00f6rt\u00f6nben, \u00e9s nem siett\u00fcnk a seg\u00edts\u00e9gedre?\u201d \u0150 pedig ezt feleli majd nekik: \u201eBizony, mondom nektek: Amit e legkisebbek egyik\u00e9vel nem tettetek, velem nem tett\u00e9tek!\u201d Ezek akkor az \u00f6r\u00f6k b\u00fcntet\u00e9sre mennek, az igazak pedig az \u00f6r\u00f6k \u00e9letre.<\/em><\/p>\n<p style=\"text-align: center;\"><strong><em>M\u00e1t\u00e9 Evang\u00e9liuma <\/em><\/strong><strong><em>25, 31-46<\/em><\/strong><\/p>\n<p>J\u00e9zus a figyelm\u00fcnket az irgalmass\u00e1g testi cselekedeteire tereli. Sokan akart\u00e1k tudni, hogy melyek az \u00fcdv\u00f6ss\u00e9g el\u00e9r\u00e9s\u00e9nek a felt\u00e9telei. J\u00e9zus ebben az evang\u00e9liumban felt\u00e1rja Isten orsz\u00e1g\u00e1nak titk\u00e1t, amely a nyolc boldogs\u00e1g ut\u00e1n konkr\u00e9t tettekben hat\u00e1rozza meg a felt\u00e9teleket.<\/p>\n<p>Ez a tan\u00edt\u00e1s ihlette kalkuttai Szent Ter\u00e9z any\u00e1t is, aki a szeg\u00e9nyekben \u00e9s a betegekben mindig Krisztus arc\u00e1t fedezte fel. A mennyorsz\u00e1g mindig egy karny\u00fajt\u00e1snyira van t\u0151l\u00fcnk. J\u00e9zus a legelesettebbeknek mutatkozik meg. Sokan \u00e9rdekl\u0151dtek Ter\u00e9z any\u00e1t\u00f3l, hogy mikor fog megsz\u0171nni az \u00e9hez\u00e9s a vil\u00e1gban.<\/p>\n<p>V\u00e1lasz\u00e1ban egy\u00e9rtelm\u0171en kifejezi mindenkinek a felel\u0151ss\u00e9g\u00e9t: akkor sz\u0171nik meg a vil\u00e1gban az \u00e9hs\u00e9g, amikor \u00e9n \u00e9s te elkezdj\u00fck megosztani azt amink van. H\u00e9tk\u00f6znapjainkban a konkr\u00e9t cselekedetekben nyilv\u00e1nul meg Isten szeretete \u00e1ltalunk. Azonban nem szabad szem el\u0151l t\u00e9veszteni azt, hogy az irgalmass\u00e1g lelki cselekedetei ugyanannyit nyomnak a latba, mint az irgalmass\u00e1g testi cselekedetei. A szeg\u00e9nyeknek nemcsak testi sz\u00fcks\u00e9gletei vannak, hanem lelkileg is biztatni, tan\u00edtani kell \u0151ket.<\/p>\n<p style=\"text-align: right;\"><strong><em>Ft. R\u00e1duly Istv\u00e1n Zsolt, Torda<\/em><\/strong><\/p>\n","protected":false},"excerpt":{"rendered":"Abban az id\u0151ben J\u00e9zus \u00edgy sz\u00f3lt tan\u00edtv\u00e1nyaihoz:","protected":false},"author":2,"featured_media":4104,"comment_status":"closed","ping_status":"closed","sticky":false,"template":"","format":"standard","meta":{"footnotes":""},"categories":[6],"tags":[],"class_list":["post-30024","post","type-post","status-publish","format-standard","has-post-thumbnail","hentry","category-igehirdetesek"],"_links":{"self":[{"href":"https:\/\/imalanc.ro\/w\/wp-json\/wp\/v2\/posts\/30024","targetHints":{"allow":["GET"]}}],"collection":[{"href":"https:\/\/imalanc.ro\/w\/wp-json\/wp\/v2\/posts"}],"about":[{"href":"https:\/\/imalanc.ro\/w\/wp-json\/wp\/v2\/types\/post"}],"author":[{"embeddable":true,"href":"https:\/\/imalanc.ro\/w\/wp-json\/wp\/v2\/users\/2"}],"replies":[{"embeddable":true,"href":"https:\/\/imalanc.ro\/w\/wp-json\/wp\/v2\/comments?post=30024"}],"version-history":[{"count":1,"href":"https:\/\/imalanc.ro\/w\/wp-json\/wp\/v2\/posts\/30024\/revisions"}],"predecessor-version":[{"id":30025,"href":"https:\/\/imalanc.ro\/w\/wp-json\/wp\/v2\/posts\/30024\/revisions\/30025"}],"wp:featuredmedia":[{"embeddable":true,"href":"https:\/\/imalanc.ro\/w\/wp-json\/wp\/v2\/media\/4104"}],"wp:attachment":[{"href":"https:\/\/imalanc.ro\/w\/wp-json\/wp\/v2\/media?parent=30024"}],"wp:term":[{"taxonomy":"category","embeddable":true,"href":"https:\/\/imalanc.ro\/w\/wp-json\/wp\/v2\/categories?post=30024"},{"taxonomy":"post_tag","embeddable":true,"href":"https:\/\/imalanc.ro\/w\/wp-json\/wp\/v2\/tags?post=30024"}],"curies":[{"name":"wp","href":"https:\/\/api.w.org\/{rel}","templated":true}]}}