{"id":30017,"date":"2023-11-24T15:55:25","date_gmt":"2023-11-24T14:55:25","guid":{"rendered":"https:\/\/imalanc.ro\/w\/?p=30017"},"modified":"2023-12-06T09:40:15","modified_gmt":"2023-12-06T08:40:15","slug":"jezus-jeruzsalemben-tartozkodott-bement-a-templomba","status":"publish","type":"post","link":"https:\/\/imalanc.ro\/w\/jezus-jeruzsalemben-tartozkodott-bement-a-templomba\/","title":{"rendered":"J\u00e9zus Jeruzs\u00e1lemben tart\u00f3zkodott, bement a templomba"},"content":{"rendered":"<p><em>Amikor J\u00e9zus<\/em> <em>Jeruzs\u00e1lemben tart\u00f3zkodott, bement a templomba, \u00e9s ki\u0171zte onnan a keresked\u0151ket. Ezt mondta nekik: \u201e\u00cdrva van: \u00bbAz \u00e9n h\u00e1zam az im\u00e1ds\u00e1g h\u00e1za. Ti pedig rabl\u00f3barlangg\u00e1 tett\u00e9tek.\u00ab\u201d<\/em><\/p>\n<p><!--more--><a href=\"https:\/\/imalanc.ro\/w\/wp-content\/uploads\/Budapesti-templom.jpg\"><img loading=\"lazy\" decoding=\"async\" class=\"aligncenter wp-image-30018 size-full\" src=\"https:\/\/imalanc.ro\/w\/wp-content\/uploads\/Budapesti-templom.jpg\" alt=\"Budapesti Szent Kereszt templom \u2013 A templom az egybegy\u0171lt k\u00f6z\u00f6ss\u00e9g k\u00f6z\u00f6s \u00e9s nyilv\u00e1nos istentiszteleti helye, ahol a menny tal\u00e1lkozik a f\u00f6ldivel. A h\u00e9tk\u00f6znapi dolgokat kiemeli \u00e9s lefoglalja Istennek \u00e9s a szent szolg\u00e1latnak. A kereszt\u00e9ny k\u00f6z\u00f6ss\u00e9g tal\u00e1lkoz\u00f3 helye, ahol az im\u00e1dkoz\u00f3 szem\u00e9lyek egym\u00e1sban Krisztussal tal\u00e1lkoznak.\" width=\"580\" height=\"384\" srcset=\"https:\/\/imalanc.ro\/w\/wp-content\/uploads\/Budapesti-templom.jpg 580w, https:\/\/imalanc.ro\/w\/wp-content\/uploads\/Budapesti-templom-300x199.jpg 300w\" sizes=\"auto, (max-width: 580px) 100vw, 580px\" \/><\/a><\/p>\n<p><em>Ott tan\u00edtott azut\u00e1n mindennap a templomban. A f\u0151papok, az \u00edr\u00e1stud\u00f3k \u00e9s a n\u00e9p vezet\u0151i az \u00e9let\u00e9re t\u00f6rtek. De nem tudt\u00e1k eld\u00f6nteni, hogy mit tegyenek vele, mert az eg\u00e9sz n\u00e9p odaad\u00f3 figyelemmel hallgatta (tan\u00edt\u00e1s\u00e1t).<\/em><\/p>\n<p style=\"text-align: center;\"><strong><em>Luk\u00e1cs Evang\u00e9liuma 19, 45-48<\/em><\/strong><\/p>\n<p>A Templom megtiszt\u00edt\u00e1s\u00e1nak epiz\u00f3dja J\u00e9zus vir\u00e1gvas\u00e1rnapi bevonul\u00e1sa ut\u00e1n t\u00f6rt\u00e9nt. J\u00e9zus az\u00e9rt vonult be Jeruzs\u00e1lembe, hogy megtiszt\u00edtsa a Templomot \u00e9s visszaadja annak eredeti szolg\u00e1ltat\u00e1s\u00e1t. A jeruzs\u00e1lemi Templom el\u0151ter\u00e9ben p\u00e9nzv\u00e1lt\u00f3k \u00e9s \u00e1llatkeresked\u0151k voltak, akik a templomba zar\u00e1ndokl\u00f3 embereknek k\u00fcl\u00f6nb\u00f6z\u0151 szolg\u00e1ltat\u00e1sokat ny\u00fajtottak.<\/p>\n<p>Mivel a pog\u00e1nyok p\u00e9nznem\u00e9t nem fogadt\u00e1k el, ez\u00e9rt a p\u00e9nzt be kellett v\u00e1ltani, miel\u0151tt azt a templom fenntart\u00e1s\u00e1ra adom\u00e1nyozt\u00e1k. Az els\u0151sz\u00fcl\u00f6ttek kiv\u00e1lt\u00e1s\u00e1ra pedig \u00e1ldozati \u00e1llatokat biztos\u00edtottak. J\u00e9zus azonban helytelennek tartotta ezeket a gyakorlatokat, mert s\u00e9rtette a templom szents\u00e9g\u00e9t.<\/p>\n<p>Bevonul\u00e1s\u00e1val a templomot megt\u00f6lt\u00f6tte a l\u00e9lekkel, \u00e9s a jelenl\u00e9v\u0151ket biztos\u00edtotta Isten \u00e1lland\u00f3 jelenl\u00e9t\u00e9r\u0151l, amely nem a Templomhoz k\u00f6t\u0151dik, hanem az emberek lelk\u00fclet\u00e9hez.<\/p>\n<p>A templom az egybegy\u0171lt k\u00f6z\u00f6ss\u00e9g k\u00f6z\u00f6s \u00e9s nyilv\u00e1nos istentiszteleti helye, ahol a menny tal\u00e1lkozik a f\u00f6ldivel. A h\u00e9tk\u00f6znapi dolgokat kiemeli \u00e9s lefoglalja Istennek \u00e9s a szent szolg\u00e1latnak. A kereszt\u00e9ny k\u00f6z\u00f6ss\u00e9g tal\u00e1lkoz\u00f3 helye, ahol az im\u00e1dkoz\u00f3 szem\u00e9lyek egym\u00e1sban Krisztussal tal\u00e1lkoznak. Krisztus az \u00faj f\u0151pap \u00e9s \u0150 mutatja be az \u00fajsz\u00f6vets\u00e9g egyetlen \u00e9s \u00f6r\u00f6k \u00e1ldozat\u00e1t.<\/p>\n<p style=\"text-align: right;\"><strong><em>Ft. R\u00e1duly Istv\u00e1n Zsolt, Torda<\/em><\/strong><\/p>\n","protected":false},"excerpt":{"rendered":"Amikor J\u00e9zus Jeruzs\u00e1lemben tart\u00f3zkodott, bement a templomba, \u00e9s ki\u0171zte onnan a keresked\u0151ket. Ezt mondta nekik: \u201e\u00cdrva van: \u00bbAz \u00e9n h\u00e1zam&#8230;","protected":false},"author":2,"featured_media":7431,"comment_status":"closed","ping_status":"closed","sticky":false,"template":"","format":"standard","meta":{"footnotes":""},"categories":[6],"tags":[],"class_list":["post-30017","post","type-post","status-publish","format-standard","has-post-thumbnail","hentry","category-igehirdetesek"],"_links":{"self":[{"href":"https:\/\/imalanc.ro\/w\/wp-json\/wp\/v2\/posts\/30017","targetHints":{"allow":["GET"]}}],"collection":[{"href":"https:\/\/imalanc.ro\/w\/wp-json\/wp\/v2\/posts"}],"about":[{"href":"https:\/\/imalanc.ro\/w\/wp-json\/wp\/v2\/types\/post"}],"author":[{"embeddable":true,"href":"https:\/\/imalanc.ro\/w\/wp-json\/wp\/v2\/users\/2"}],"replies":[{"embeddable":true,"href":"https:\/\/imalanc.ro\/w\/wp-json\/wp\/v2\/comments?post=30017"}],"version-history":[{"count":1,"href":"https:\/\/imalanc.ro\/w\/wp-json\/wp\/v2\/posts\/30017\/revisions"}],"predecessor-version":[{"id":30019,"href":"https:\/\/imalanc.ro\/w\/wp-json\/wp\/v2\/posts\/30017\/revisions\/30019"}],"wp:featuredmedia":[{"embeddable":true,"href":"https:\/\/imalanc.ro\/w\/wp-json\/wp\/v2\/media\/7431"}],"wp:attachment":[{"href":"https:\/\/imalanc.ro\/w\/wp-json\/wp\/v2\/media?parent=30017"}],"wp:term":[{"taxonomy":"category","embeddable":true,"href":"https:\/\/imalanc.ro\/w\/wp-json\/wp\/v2\/categories?post=30017"},{"taxonomy":"post_tag","embeddable":true,"href":"https:\/\/imalanc.ro\/w\/wp-json\/wp\/v2\/tags?post=30017"}],"curies":[{"name":"wp","href":"https:\/\/api.w.org\/{rel}","templated":true}]}}