{"id":30014,"date":"2023-11-23T15:50:02","date_gmt":"2023-11-23T14:50:02","guid":{"rendered":"https:\/\/imalanc.ro\/w\/?p=30014"},"modified":"2023-11-27T17:56:28","modified_gmt":"2023-11-27T16:56:28","slug":"barcsak-felismerned-te-is-legalabb-ezen-a-napon-ami-udvossegedre-szolgal-3","status":"publish","type":"post","link":"https:\/\/imalanc.ro\/w\/barcsak-felismerned-te-is-legalabb-ezen-a-napon-ami-udvossegedre-szolgal-3\/","title":{"rendered":"B\u00e1rcsak felismern\u00e9d te is, legal\u00e1bb ezen a napon, ami \u00fcdv\u00f6ss\u00e9gedre szolg\u00e1l!"},"content":{"rendered":"<p style=\"text-align: justify;\"><em>\u00a0Amikor J\u00e9zus k\u00f6zel \u00e9rt Jeruzs\u00e1lemhez, \u00e9s megpillantotta a v\u00e1rost, s\u00edrva fakadt. Azut\u00e1n ezt mondta:<\/em><br \/>\n<!--more--><a href=\"https:\/\/imalanc.ro\/w\/wp-content\/uploads\/Jeruzsalem-kulvarosa-1.jpg\"><img loading=\"lazy\" decoding=\"async\" class=\"aligncenter wp-image-30015 size-full\" src=\"https:\/\/imalanc.ro\/w\/wp-content\/uploads\/Jeruzsalem-kulvarosa-1.jpg\" alt=\"Isten minden embert szeret. N\u00e1la nem sz\u00e1m\u00edtanak a sz\u00e1rmaz\u00e1si k\u00e9rd\u00e9sek. A b\u00e9ke val\u00f3ban csak N\u00e1la val\u00f3sul meg. Ahogyan az egyik \u00e9nek mondja: n\u00e1la van az a hely ahol a sz\u00edv b\u00e9k\u00e9re lel.\" width=\"580\" height=\"435\" srcset=\"https:\/\/imalanc.ro\/w\/wp-content\/uploads\/Jeruzsalem-kulvarosa-1.jpg 580w, https:\/\/imalanc.ro\/w\/wp-content\/uploads\/Jeruzsalem-kulvarosa-1-300x225.jpg 300w\" sizes=\"auto, (max-width: 580px) 100vw, 580px\" \/><\/a><\/p>\n<p style=\"text-align: justify;\"><em>\u00a0 \u00a0\u201eB\u00e1rcsak felismern\u00e9d te is, legal\u00e1bb ezen a napon, ami \u00fcdv\u00f6ss\u00e9gedre szolg\u00e1l! Most azonban el van rejtve szemed el\u0151tt. J\u00f6nnek majd napok, amikor s\u00e1nccal vesz k\u00f6r\u00fcl ellens\u00e9ged, beker\u00edt \u00e9s mindenfel\u0151l ostromol. Eltipornak t\u00e9ged \u00e9s gyermekeidet, akik falaid k\u00f6zt laknak. Nem hagynak benned k\u00f6vet k\u00f6v\u00f6n, mert nem ismerted fel l\u00e1togat\u00e1sod idej\u00e9t.\u201d<\/em><\/p>\n<p style=\"text-align: justify;\"><em>\u00a0 \u00a0 \u00a0 \u00a0 \u00a0 \u00a0 \u00a0 \u00a0 \u00a0 \u00a0 \u00a0 \u00a0 \u00a0 \u00a0 \u00a0 \u00a0 \u00a0 \u00a0 \u00a0 \u00a0 \u00a0 \u00a0 \u00a0 \u00a0 \u00a0 \u00a0 \u00a0 \u00a0 \u00a0 \u00a0 \u00a0 \u00a0 \u00a0 \u00a0 \u00a0 <strong>\u00a0Luk\u00e1cs Evang\u00e9liuma 19, 41-44<\/strong><\/em><\/p>\n<p style=\"text-align: justify;\">\u00a0 \u00a0Jeruzs\u00e1lem a b\u00e9ke otthona, lakosai nem ismert\u00e9k fel J\u00e9zusban a b\u00e9ke k\u00f6vet\u00e9t. Saj\u00e1t haz\u00e1j\u00e1nak vezet\u0151i fogj\u00e1k kiv\u00e9geztetni. A v\u00e1ros sem \u00fassza meg b\u00e9k\u00e9ben, mert Kr.u. 70-ben a f\u00f6ldig rombolj\u00e1k. J\u00e9zus a kor\u00e1bbi pr\u00f3f\u00e9t\u00e1k sors\u00e1ra eml\u00e9keztet, akiket kiv\u00e9geztek, sz\u00e1m\u0171ztek. A tan\u00edtv\u00e1nys\u00e1g \u00e1ra, hogy b\u00e1rmikor meg\u00f6lhetik, sz\u00e1m\u0171zhetik \u0151ket J\u00e9zus miatt.<\/p>\n<p style=\"text-align: justify;\">\u00a0 \u00a0J\u00e9zus k\u00fcl\u00f6n kit\u00e9rt a haz\u00e1ja \u00e9s k\u00f6zte lev\u0151 viszonyra. Sz\u00fclei szerett\u00e9k, bar\u00e1tai gyakran befogadt\u00e1k. Jeruzs\u00e1lemben konfliktusba ker\u00fclt a Templom vezet\u0151ivel, Her\u00f3des pedig k\u00edv\u00e1ncsian kereste t\u00e1rsas\u00e1g\u00e1t. Kiv\u00e9gz\u00e9s\u00e9nek sz\u00ednhelye egy Jeruzs\u00e1lemen k\u00edv\u00fcli domb, amelyet a s\u00falyos b\u0171n\u00f6z\u0151knek alak\u00edtottak ki.<\/p>\n<p style=\"text-align: justify;\">\u00a0 \u00a0Jeruzs\u00e1lem a tragikomikus esem\u00e9nyek sz\u00ednhelye. J\u00e9zust nem fogadj\u00e1k el, de p\u00e1lma\u00e1gakkal k\u00f6sz\u00f6ntik, Hozsan\u00e1znak Neki. Nem tudj\u00e1k r\u00e1bizony\u00edtani a b\u0171nv\u00e1dat, de meg\u00f6lik. J\u00e9zus pere az emberben lev\u0151 olthatatlan hatalomv\u00e1gy, a vall\u00e1si megk\u00fcl\u00f6nb\u00f6ztet\u00e9s, az elutas\u00edt\u00e1s eredm\u00e9nye. Hogyan viszonyulnak hozz\u00e1m honfit\u00e1rsaim? Hogyan fogadj\u00e1k m\u00e1sok sz\u00e1rmaz\u00e1sodat?<\/p>\n<p style=\"text-align: justify;\">\u00a0 \u00a0Isten minden embert szeret. N\u00e1la nem sz\u00e1m\u00edtanak a sz\u00e1rmaz\u00e1si k\u00e9rd\u00e9sek. A b\u00e9ke val\u00f3ban csak N\u00e1la val\u00f3sul meg. Ahogyan az egyik \u00e9nek mondja: n\u00e1la van az a hely ahol a sz\u00edv b\u00e9k\u00e9re lel.<\/p>\n<p style=\"text-align: right;\"><strong><em>Ft. R\u00e1duly Istv\u00e1n Zsolt, Torda<\/em><\/strong><\/p>\n","protected":false},"excerpt":{"rendered":"\u00a0Amikor J\u00e9zus k\u00f6zel \u00e9rt Jeruzs\u00e1lemhez, \u00e9s megpillantotta a v\u00e1rost, s\u00edrva fakadt. Azut\u00e1n ezt mondta:","protected":false},"author":2,"featured_media":10690,"comment_status":"closed","ping_status":"closed","sticky":false,"template":"","format":"standard","meta":{"footnotes":""},"categories":[6],"tags":[],"class_list":["post-30014","post","type-post","status-publish","format-standard","has-post-thumbnail","hentry","category-igehirdetesek"],"_links":{"self":[{"href":"https:\/\/imalanc.ro\/w\/wp-json\/wp\/v2\/posts\/30014","targetHints":{"allow":["GET"]}}],"collection":[{"href":"https:\/\/imalanc.ro\/w\/wp-json\/wp\/v2\/posts"}],"about":[{"href":"https:\/\/imalanc.ro\/w\/wp-json\/wp\/v2\/types\/post"}],"author":[{"embeddable":true,"href":"https:\/\/imalanc.ro\/w\/wp-json\/wp\/v2\/users\/2"}],"replies":[{"embeddable":true,"href":"https:\/\/imalanc.ro\/w\/wp-json\/wp\/v2\/comments?post=30014"}],"version-history":[{"count":1,"href":"https:\/\/imalanc.ro\/w\/wp-json\/wp\/v2\/posts\/30014\/revisions"}],"predecessor-version":[{"id":30016,"href":"https:\/\/imalanc.ro\/w\/wp-json\/wp\/v2\/posts\/30014\/revisions\/30016"}],"wp:featuredmedia":[{"embeddable":true,"href":"https:\/\/imalanc.ro\/w\/wp-json\/wp\/v2\/media\/10690"}],"wp:attachment":[{"href":"https:\/\/imalanc.ro\/w\/wp-json\/wp\/v2\/media?parent=30014"}],"wp:term":[{"taxonomy":"category","embeddable":true,"href":"https:\/\/imalanc.ro\/w\/wp-json\/wp\/v2\/categories?post=30014"},{"taxonomy":"post_tag","embeddable":true,"href":"https:\/\/imalanc.ro\/w\/wp-json\/wp\/v2\/tags?post=30014"}],"curies":[{"name":"wp","href":"https:\/\/api.w.org\/{rel}","templated":true}]}}