{"id":30009,"date":"2023-11-22T23:55:14","date_gmt":"2023-11-22T22:55:14","guid":{"rendered":"https:\/\/imalanc.ro\/w\/?p=30009"},"modified":"2023-11-27T17:56:11","modified_gmt":"2023-11-27T16:56:11","slug":"akinek-nincs-meg-azt-is-elveszik-amije-van","status":"publish","type":"post","link":"https:\/\/imalanc.ro\/w\/akinek-nincs-meg-azt-is-elveszik-amije-van\/","title":{"rendered":"Akinek nincs, m\u00e9g azt is elveszik, amije van"},"content":{"rendered":"<p><em>J\u00e9zus Jeruzs\u00e1lemhez k\u00f6zeledett. Sokan azt hitt\u00e9k, hogy hamarosan megval\u00f3sul az Isten orsz\u00e1ga, ez\u00e9rt a k\u00f6vetkez\u0151 p\u00e9ldabesz\u00e9det mondta nekik: <\/em><!--more--><a href=\"https:\/\/imalanc.ro\/w\/wp-content\/uploads\/DSC_0012-FILEminimizer-1.jpg\"><img loading=\"lazy\" decoding=\"async\" class=\"alignnone wp-image-27265 size-full\" src=\"https:\/\/imalanc.ro\/w\/wp-content\/uploads\/DSC_0012-FILEminimizer-1.jpg\" alt=\"Ugyanez t\u00f6rt\u00e9nik vel\u00fcnk is, amikor nem m\u0171k\u00f6d\u00fcnk k\u00f6zre a kapott kegyelmekkel, vagy amikor a bab\u00e9rjainkon \u0171l\u00fcnk. A szolgai f\u00e9lelem nem lesz el\u00e9g ments\u00e9g a hanyags\u00e1g igazol\u00e1s\u00e1ra.\" width=\"721\" height=\"480\" srcset=\"https:\/\/imalanc.ro\/w\/wp-content\/uploads\/DSC_0012-FILEminimizer-1.jpg 721w, https:\/\/imalanc.ro\/w\/wp-content\/uploads\/DSC_0012-FILEminimizer-1-300x200.jpg 300w\" sizes=\"auto, (max-width: 721px) 100vw, 721px\" \/><\/a><\/p>\n<p><em>\u201eEgy el\u0151kel\u0151 ember messze f\u00f6ldre indult, hogy ott kir\u00e1lyi m\u00e9lt\u00f3s\u00e1got nyerjen, \u00e9s \u00fagy t\u00e9rjen vissza. Mag\u00e1hoz h\u00edvta t\u00edz szolg\u00e1j\u00e1t. T\u00edz m\u00edn\u00e1t adott nekik, \u00e9s \u00edgy sz\u00f3lt: \u00bbKereskedjetek vele, m\u00edg vissza nem t\u00e9rek!\u00ab Polg\u00e1rt\u00e1rsai azonban gy\u0171l\u00f6lt\u00e9k \u0151t, ez\u00e9rt k\u00f6vets\u00e9get k\u00fcldtek ut\u00e1na, \u00e9s tiltakoztak: \u00bbNem akarjuk, hogy ez legyen a kir\u00e1lyunk!\u00ab Az el\u0151kel\u0151 ember m\u00e9gis elnyerte a kir\u00e1lyi m\u00e9lt\u00f3s\u00e1got, \u00e9s hazat\u00e9rt. <\/em><\/p>\n<p><em>Ekkor h\u00edvatta szolg\u00e1it, akiknek a p\u00e9nzt adta, hogy megtudja, ki mennyit szerzett vele. El\u0151l\u00e9pett az els\u0151, \u00e9s \u00edgy sz\u00f3lt: \u00bbUram, m\u00edn\u00e1d t\u00edz m\u00edn\u00e1t hozott.\u00ab Erre azt mondta neki: \u00bbJ\u00f3l van, der\u00e9k szolg\u00e1m! Mivel a kev\u00e9sben h\u0171s\u00e9ges volt\u00e1l, t\u00edz v\u00e1ros korm\u00e1nyz\u00e1s\u00e1t b\u00edzom r\u00e1d.\u00ab<\/em><\/p>\n<p><em>J\u00f6tt a m\u00e1sik szolga, \u00e9s \u00edgy sz\u00f3lt: \u00bbUram, m\u00edn\u00e1d \u00f6t m\u00edn\u00e1t hozott.\u00ab Ennek azt mondta: \u00bbTe \u00f6t v\u00e1ros korm\u00e1nyz\u00f3ja leszel.\u00ab<\/em><\/p>\n<p><em>J\u00f6tt a harmadik, \u00e9s \u00edgy sz\u00f3lt: \u00bbUram, itt a m\u00edn\u00e1d. Kend\u0151be k\u00f6tve elrejtettem. F\u00e9ltem ugyanis t\u0151led, mert szigor\u00fa ember vagy: felveszed, amit le nem tett\u00e9l, \u00e9s learatod, amit nem is vetett\u00e9l.\u00ab<\/em><\/p>\n<p><em>Ezt \u00edgy b\u00fcntette meg: \u00bbA magad szav\u00e1val \u00edt\u00e9llek el, haszontalan szolga. Tudtad, hogy szigor\u00fa ember vagyok: felveszem, amit le nem tettem, \u00e9s learatom, amit nem vetettem. Mi\u00e9rt nem adtad p\u00e9nzemet a p\u00e9nzv\u00e1lt\u00f3knak, hogy haza\u00e9rkezve kamatostul kaptam volna vissza?\u00ab Azt\u00e1n a k\u00f6r\u00fcl\u00e1ll\u00f3khoz fordult: \u00bbVegy\u00e9tek el t\u0151le a m\u00edn\u00e1t, \u00e9s adj\u00e1tok annak, akinek t\u00edz m\u00edn\u00e1ja van!\u00ab <\/em><\/p>\n<p><em>Azok megjegyezt\u00e9k: \u00bbUram, hiszen m\u00e1r van t\u00edz m\u00edn\u00e1ja.\u00ab<\/em><\/p>\n<p><em>De \u0151 \u00edgy v\u00e1laszolt: \u00bbMondom nektek: Mindenkinek, akinek van, m\u00e9g adnak, hogy b\u0151velkedj\u00e9k. Att\u00f3l azonban, akinek nincs, m\u00e9g azt is elveszik, amije van. Ellens\u00e9geimet pedig, akik nem akart\u00e1k, hogy kir\u00e1lyuk legyek, hozz\u00e1tok ide, \u00e9s \u00f6lj\u00e9tek meg szemem l\u00e1tt\u00e1ra!\u00ab\u201d<\/em><\/p>\n<p><em>E szavak ut\u00e1n J\u00e9zus folytatta \u00fatj\u00e1t Jeruzs\u00e1lem fel\u00e9.<\/em><\/p>\n<p style=\"text-align: center;\"><strong><em>Luk\u00e1cs Evang\u00e9liuma <\/em><\/strong><strong><em>19, 11-28<\/em><\/strong><\/p>\n<p>A m\u00edn\u00e1kr\u00f3l sz\u00f3l\u00f3 p\u00e9ldabesz\u00e9d alapgondolata hasonl\u00edt a talentumokr\u00f3l sz\u00f3l\u00f3 p\u00e9ldabesz\u00e9dhez (<strong>Mt 25, 14-30<\/strong>). Itt viszont a kir\u00e1ly idegen orsz\u00e1gba megy kir\u00e1lys\u00e1got szerezni mag\u00e1nak. Mindenkinek egyforma mennyis\u00e9g\u0171 m\u00edn\u00e1t oszt ki, a m\u00edna 100 napi munkab\u00e9rnek volt a megfelel\u0151je. Azzal a felt\u00e9tellel kapj\u00e1k, hogy kamatoztass\u00e1k meg \u0151ket.<\/p>\n<p>A szolg\u00e1knak nem tetszik a gazda viselked\u00e9se, ez\u00e9rt k\u00f6veteket k\u00fcldenek, hogy megakad\u00e1lyozz\u00e1k uruk terv\u00e9t, de a pr\u00f3b\u00e1lkoz\u00e1s sikertelen\u00fcl j\u00e1r. Az elsz\u00e1mol\u00e1skor nem \u00edt\u00e9li k\u00e1rhozatra a hanyag szolg\u00e1t, hanem elveszi t\u0151le a jogos let\u00e9tet.<\/p>\n<p>A hangs\u00faly ink\u00e1bb a j\u00f3 gazd\u00e1lkod\u00e1son van, \u00e9s nem a hanyag szolga megb\u00fcntet\u00e9s\u00e9n. De el\u00e9g b\u00fcntet\u00e9s volt sz\u00e1m\u00e1ra az a t\u00e9ny, hogy elszalasztott egy j\u00f3 lehet\u0151s\u00e9get.<\/p>\n<p>Ugyanez t\u00f6rt\u00e9nik vel\u00fcnk is, amikor nem m\u0171k\u00f6d\u00fcnk k\u00f6zre a kapott kegyelmekkel, vagy amikor a bab\u00e9rjainkon \u0171l\u00fcnk. A szolgai f\u00e9lelem nem lesz el\u00e9g ments\u00e9g a hanyags\u00e1g igazol\u00e1s\u00e1ra.<\/p>\n<p style=\"text-align: right;\"><strong><em>Ft. R\u00e1duly Istv\u00e1n Zsolt, Torda<\/em><\/strong><\/p>\n","protected":false},"excerpt":{"rendered":"J\u00e9zus Jeruzs\u00e1lemhez k\u00f6zeledett. Sokan azt hitt\u00e9k, hogy hamarosan megval\u00f3sul az Isten orsz\u00e1ga, ez\u00e9rt a k\u00f6vetkez\u0151 p\u00e9ldabesz\u00e9det mondta nekik:","protected":false},"author":2,"featured_media":30010,"comment_status":"closed","ping_status":"closed","sticky":false,"template":"","format":"standard","meta":{"footnotes":""},"categories":[6],"tags":[],"class_list":["post-30009","post","type-post","status-publish","format-standard","has-post-thumbnail","hentry","category-igehirdetesek"],"_links":{"self":[{"href":"https:\/\/imalanc.ro\/w\/wp-json\/wp\/v2\/posts\/30009","targetHints":{"allow":["GET"]}}],"collection":[{"href":"https:\/\/imalanc.ro\/w\/wp-json\/wp\/v2\/posts"}],"about":[{"href":"https:\/\/imalanc.ro\/w\/wp-json\/wp\/v2\/types\/post"}],"author":[{"embeddable":true,"href":"https:\/\/imalanc.ro\/w\/wp-json\/wp\/v2\/users\/2"}],"replies":[{"embeddable":true,"href":"https:\/\/imalanc.ro\/w\/wp-json\/wp\/v2\/comments?post=30009"}],"version-history":[{"count":1,"href":"https:\/\/imalanc.ro\/w\/wp-json\/wp\/v2\/posts\/30009\/revisions"}],"predecessor-version":[{"id":30012,"href":"https:\/\/imalanc.ro\/w\/wp-json\/wp\/v2\/posts\/30009\/revisions\/30012"}],"wp:featuredmedia":[{"embeddable":true,"href":"https:\/\/imalanc.ro\/w\/wp-json\/wp\/v2\/media\/30010"}],"wp:attachment":[{"href":"https:\/\/imalanc.ro\/w\/wp-json\/wp\/v2\/media?parent=30009"}],"wp:term":[{"taxonomy":"category","embeddable":true,"href":"https:\/\/imalanc.ro\/w\/wp-json\/wp\/v2\/categories?post=30009"},{"taxonomy":"post_tag","embeddable":true,"href":"https:\/\/imalanc.ro\/w\/wp-json\/wp\/v2\/tags?post=30009"}],"curies":[{"name":"wp","href":"https:\/\/api.w.org\/{rel}","templated":true}]}}