{"id":30006,"date":"2023-11-21T23:02:49","date_gmt":"2023-11-21T22:02:49","guid":{"rendered":"https:\/\/imalanc.ro\/w\/?p=30006"},"modified":"2023-11-27T17:56:01","modified_gmt":"2023-11-27T16:56:01","slug":"jezus-ezt-felelte-neki-ma-udvosseg-koszontott-erre-a-hazra","status":"publish","type":"post","link":"https:\/\/imalanc.ro\/w\/jezus-ezt-felelte-neki-ma-udvosseg-koszontott-erre-a-hazra\/","title":{"rendered":"\u00a0J\u00e9zus ezt felelte neki: \u201eMa \u00fcdv\u00f6ss\u00e9g k\u00f6sz\u00f6nt\u00f6tt erre a h\u00e1zra"},"content":{"rendered":"<p style=\"text-align: justify;\"><em>\u00a0 \u00a0Abban az id\u0151ben J\u00e9zus Jerik\u00f3 v\u00e1ros\u00e1n haladt \u00e1t. \u00c9lt ott egy Zakeus nev\u0171 gazdag ember, aki a v\u00e1mosok feje volt. <\/em><!--more--><a href=\"https:\/\/imalanc.ro\/w\/wp-content\/uploads\/Atya-Fiu-Szentlelek-es-az-ember.jpg\"><img loading=\"lazy\" decoding=\"async\" class=\"aligncenter wp-image-21048 size-full\" src=\"https:\/\/imalanc.ro\/w\/wp-content\/uploads\/Atya-Fiu-Szentlelek-es-az-ember.jpg\" alt=\"\u00a0J\u00e9zus megsz\u00f3l\u00edt\u00e1sa fel\u00e9breszti az emberekben az alv\u00f3 m\u00e9lt\u00f3s\u00e1gukat. Emberekt\u0151l nem kapnak semmilyen elismer\u00e9st, J\u00e9zus a figyelem k\u00f6zpontj\u00e1ba helyezi \u0151ket. Nem szidja a t\u00f6meggel egy\u00fctt \u0151ket, hanem szeretetteljesen megsz\u00f3l\u00edtja \u0151ket, \u00e9s saj\u00e1t h\u00e1zukba h\u00edvatja meg mag\u00e1t.\" width=\"580\" height=\"474\" srcset=\"https:\/\/imalanc.ro\/w\/wp-content\/uploads\/Atya-Fiu-Szentlelek-es-az-ember.jpg 580w, https:\/\/imalanc.ro\/w\/wp-content\/uploads\/Atya-Fiu-Szentlelek-es-az-ember-300x245.jpg 300w\" sizes=\"auto, (max-width: 580px) 100vw, 580px\" \/><\/a><\/p>\n<p style=\"text-align: justify;\"><em>Szerette volna l\u00e1tni \u00e9s megismerni J\u00e9zust, de a t\u00f6meg miatt nem l\u00e1thatta, mert alacsony termet\u0171 volt. \u00cdgy h\u00e1t el\u0151refutott, felm\u00e1szott egy vad f\u00fcgef\u00e1ra, hogy l\u00e1thassa, mert arra kellett elhaladnia.<\/em><\/p>\n<p style=\"text-align: justify;\"><em>\u00a0 \u00a0Amikor J\u00e9zus oda\u00e9rt, feln\u00e9zett \u00e9s megsz\u00f3l\u00edtotta: \u201eZakeus, gyere le gyorsan, mert ma a te h\u00e1zadban kell megsz\u00e1llnom.\u201d<\/em><\/p>\n<p style=\"text-align: justify;\"><em>\u00a0 \u00a0Erre \u0151 sietve lej\u00f6tt, \u00e9s \u00f6r\u00f6mmel fogadta J\u00e9zust. Akik ezt l\u00e1tt\u00e1k, m\u00e9ltatlankodva megjegyezt\u00e9k: \u00bbB\u0171n\u00f6s embern\u00e9l sz\u00e1ll meg.\u00ab<\/em><\/p>\n<p style=\"text-align: justify;\"><em>\u00a0 \u00a0Zakeus azonban oda\u00e1llt az \u00dar el\u00e9, \u00e9s \u00edgy sz\u00f3lt: \u201eN\u00e9zd, Uram, vagyonom fel\u00e9t a szeg\u00e9nyeknek adom, \u00e9s ha valakit valamiben megk\u00e1ros\u00edtottam, n\u00e9gyannyit adok helyette.\u201d<\/em><\/p>\n<p style=\"text-align: justify;\"><em>\u00a0 \u00a0J\u00e9zus ezt felelte neki: \u201eMa \u00fcdv\u00f6ss\u00e9g k\u00f6sz\u00f6nt\u00f6tt erre a h\u00e1zra, hiszen \u0151 is \u00c1brah\u00e1m fia. Az Emberfia az\u00e9rt j\u00f6tt, hogy megkeresse \u00e9s \u00fcdv\u00f6z\u00edtse, ami elveszett.\u201d<\/em><\/p>\n<p style=\"text-align: justify;\"><strong><em>\u00a0 \u00a0 \u00a0 \u00a0 \u00a0 \u00a0 \u00a0 \u00a0 \u00a0 \u00a0 \u00a0 \u00a0 \u00a0 \u00a0 \u00a0 \u00a0 \u00a0 \u00a0 \u00a0 \u00a0 \u00a0 \u00a0 \u00a0 \u00a0 \u00a0 \u00a0 \u00a0 \u00a0 \u00a0 \u00a0 \u00a0 \u00a0 \u00a0Luk\u00e1cs Evang\u00e9liuma 19, 1-10<\/em><\/strong><\/p>\n<p style=\"text-align: justify;\">\u00a0 \u00a0Zakeus t\u00f6rt\u00e9nete bevezet minket az isteni irgalmass\u00e1g titkaiba. Zakeus a v\u00e1mosk fejedelme volt, ez a kijelent\u00e9s egyben jellemz\u00e9s is. Alacsony termete miatt felm\u00e1szott egy f\u00e1ra. Nemcsak lelkileg szenvedett, hanem fizikum\u00e1nak alacsonys\u00e1ga miatt is. Az emberek megvetett\u00e9k, egyed\u00fcl Krisztuban l\u00e1tta meg az \u00e9let megv\u00e1ltoztat\u00e1s\u00e1nak a lehet\u0151s\u00e9g\u00e9t.<\/p>\n<p style=\"text-align: justify;\">\u00a0 \u00a0J\u00e9zus nem b\u00e1ntja meg, hanem megk\u00e9rte, hogy sz\u00e1lljon le a f\u00e1r\u00f3l. Egy kicsit Natanael t\u00f6rt\u00e9net\u00e9hez hasonl\u00edt, Natanael egy fa m\u00f6g\u00f6tt leste J\u00e9zust, nem akarta elfogadni a seg\u00edts\u00e9g\u00e9t, de v\u00e9g\u00fcl is engedett a b\u00e1tor\u00edt\u00e1snak.<\/p>\n<p style=\"text-align: justify;\">\u00a0 \u00a0J\u00e9zus megsz\u00f3l\u00edt\u00e1sa fel\u00e9breszti az emberekben az alv\u00f3 m\u00e9lt\u00f3s\u00e1gukat. Emberekt\u0151l nem kapnak semmilyen elismer\u00e9st, J\u00e9zus a figyelem k\u00f6zpontj\u00e1ba helyezi \u0151ket. Nem szidja a t\u00f6meggel egy\u00fctt \u0151ket, hanem szeretetteljesen megsz\u00f3l\u00edtja \u0151ket, \u00e9s saj\u00e1t h\u00e1zukba h\u00edvatja meg mag\u00e1t.<\/p>\n<p style=\"text-align: justify;\">\u00a0 \u00a0Sok beteget arra \u00f6szt\u00f6n\u00f6z, hogy menjenek haza. A b\u00e9na embernek azt mondta: Vedd \u00e1gyadat, \u00e9s j\u00e1rj! Ma a te h\u00e1zadban eszek! T\u00e9rj be Aty\u00e1t \u00f6r\u00f6k\u00e9be! stb. A lelkileg padl\u00f3 alatt lev\u0151 embereket a hazat\u00e9r\u00e9sre \u00f6szt\u00f6n\u00f6zte. Azt jelenti, hogy nem n\u00e9ztek szembe saj\u00e1t magukkal, nem fogadt\u00e1k el saj\u00e1t magukat, hamis k\u00e9p alakult ki az \u00e9let\u00fckr\u0151l.<\/p>\n<p style=\"text-align: justify;\">\u00a0 \u00a0Zakeus nem v\u00e1rja meg az \u00e1ldott vend\u00e9get, hanem megb\u00e1nja tetteit. Akit becsapott annak n\u00e9gyszeresen fizeti vissza, a szeg\u00e9nyeket pedig felp\u00e1rt\u00f3lja. A m\u00e1sokr\u00f3l val\u00f3 gondolkod\u00e1s m\u00e1r a megt\u00e9r\u00e9st bizony\u00edtja. Nem a saj\u00e1t sebeit nyalogatja tov\u00e1bbra is, hanem \u00e9szreveszi m\u00e1sok probl\u00e9m\u00e1it is.<\/p>\n<p style=\"text-align: justify;\">\u00a0 \u00a0Lewis Wallase; Ben Hur c. k\u00f6nyve azzal fejez\u0151dik be, hogy a csal\u00e1dja meggy\u00f3gyul\u00e1s\u00e1\u00e9rt \u00e9rzett h\u00e1la miatt a f\u0151h\u00f6s, Ben-Hur a vagyon\u00e1t a Szent Kallixtus katakomba \u00e9p\u00edt\u00e9s\u00e9re ford\u00edtotta. A k\u00f6nyv utols\u00f3 mondata: \u201eEbb\u0151l a katakomb\u00e1b\u00f3l indult el a kereszt\u00e9nys\u00e9g, hogy legy\u0151zze a c\u00e9z\u00e1rokat.\u201d<\/p>\n<p style=\"text-align: right;\"><strong><em>Ft. R\u00e1duly Istv\u00e1n Zsolt, Torda<\/em><\/strong><\/p>\n","protected":false},"excerpt":{"rendered":"\u00a0 \u00a0Abban az id\u0151ben J\u00e9zus Jerik\u00f3 v\u00e1ros\u00e1n haladt \u00e1t. \u00c9lt ott egy Zakeus nev\u0171 gazdag ember, aki a v\u00e1mosok feje&#8230;","protected":false},"author":2,"featured_media":30007,"comment_status":"closed","ping_status":"closed","sticky":false,"template":"","format":"standard","meta":{"footnotes":""},"categories":[6],"tags":[],"class_list":["post-30006","post","type-post","status-publish","format-standard","has-post-thumbnail","hentry","category-igehirdetesek"],"_links":{"self":[{"href":"https:\/\/imalanc.ro\/w\/wp-json\/wp\/v2\/posts\/30006","targetHints":{"allow":["GET"]}}],"collection":[{"href":"https:\/\/imalanc.ro\/w\/wp-json\/wp\/v2\/posts"}],"about":[{"href":"https:\/\/imalanc.ro\/w\/wp-json\/wp\/v2\/types\/post"}],"author":[{"embeddable":true,"href":"https:\/\/imalanc.ro\/w\/wp-json\/wp\/v2\/users\/2"}],"replies":[{"embeddable":true,"href":"https:\/\/imalanc.ro\/w\/wp-json\/wp\/v2\/comments?post=30006"}],"version-history":[{"count":1,"href":"https:\/\/imalanc.ro\/w\/wp-json\/wp\/v2\/posts\/30006\/revisions"}],"predecessor-version":[{"id":30008,"href":"https:\/\/imalanc.ro\/w\/wp-json\/wp\/v2\/posts\/30006\/revisions\/30008"}],"wp:featuredmedia":[{"embeddable":true,"href":"https:\/\/imalanc.ro\/w\/wp-json\/wp\/v2\/media\/30007"}],"wp:attachment":[{"href":"https:\/\/imalanc.ro\/w\/wp-json\/wp\/v2\/media?parent=30006"}],"wp:term":[{"taxonomy":"category","embeddable":true,"href":"https:\/\/imalanc.ro\/w\/wp-json\/wp\/v2\/categories?post=30006"},{"taxonomy":"post_tag","embeddable":true,"href":"https:\/\/imalanc.ro\/w\/wp-json\/wp\/v2\/tags?post=30006"}],"curies":[{"name":"wp","href":"https:\/\/api.w.org\/{rel}","templated":true}]}}