{"id":30002,"date":"2023-11-20T14:04:16","date_gmt":"2023-11-20T13:04:16","guid":{"rendered":"https:\/\/imalanc.ro\/w\/?p=30002"},"modified":"2023-11-27T17:55:47","modified_gmt":"2023-11-27T16:55:47","slug":"uram-hogy-lassak","status":"publish","type":"post","link":"https:\/\/imalanc.ro\/w\/uram-hogy-lassak\/","title":{"rendered":"Uram, hogy l\u00e1ssak!"},"content":{"rendered":"<p><em>Amikor Jeruzs\u00e1lembe menet J\u00e9zus Jerik\u00f3 v\u00e1ros\u00e1hoz k\u00f6zeledett, egy vak koldus \u00fclt az \u00fat sz\u00e9l\u00e9n. Amint ez meghallotta, hogy sokan vonulnak arra, megk\u00e9rdezte, mi t\u00f6rt\u00e9nik.<\/em><!--more--><a href=\"https:\/\/imalanc.ro\/w\/wp-content\/uploads\/Egyutt-kozossegben.jpg\"><img loading=\"lazy\" decoding=\"async\" class=\"aligncenter wp-image-29242 size-full\" src=\"https:\/\/imalanc.ro\/w\/wp-content\/uploads\/Egyutt-kozossegben.jpg\" alt=\"Ha hit\u00fcnk hat\u00e9kony, akkor kihat\u00e1ssal van a k\u00f6z\u00f6ss\u00e9g\u00fcnkre, m\u00e1sok \u00e9let\u00e9re.\" width=\"580\" height=\"271\" srcset=\"https:\/\/imalanc.ro\/w\/wp-content\/uploads\/Egyutt-kozossegben.jpg 580w, https:\/\/imalanc.ro\/w\/wp-content\/uploads\/Egyutt-kozossegben-300x140.jpg 300w\" sizes=\"auto, (max-width: 580px) 100vw, 580px\" \/><\/a><\/p>\n<p><em> Mondt\u00e1k neki, hogy a n\u00e1z\u00e1reti J\u00e9zus j\u00f6n errefel\u00e9. Erre ki\u00e1ltozni kezdett: \u201eJ\u00e9zus, D\u00e1vid fia k\u00f6ny\u00f6r\u00fclj rajtam!\u201d Akik el\u00f6l mentek, csit\u00edtott\u00e1k, hogy hallgasson. De \u0151 ann\u00e1l jobban ki\u00e1ltotta: \u201eD\u00e1vid fia, k\u00f6ny\u00f6r\u00fclj rajtam!\u201d<\/em><\/p>\n<p><em>J\u00e9zus ekkor meg\u00e1llt, \u00e9s sz\u00f3lt, hogy vezess\u00e9k hozz\u00e1. Amikor oda\u00e9rt, megk\u00e9rdezte: \u201eMit akarsz, mit tegyek veled?\u201d A vak k\u00f6ny\u00f6rg\u00f6tt: \u201eUram, hogy l\u00e1ssak!\u201d J\u00e9zus \u00edgy sz\u00f3lt hozz\u00e1: \u201eL\u00e1ss! Hited meggy\u00f3gy\u00edtott t\u00e9ged.\u201d Azonnal visszanyerte l\u00e1t\u00e1s\u00e1t. <\/em><\/p>\n<p><em>Dics\u0151\u00edtette Istent, \u00e9s k\u00f6vette \u0151t. Ennek l\u00e1tt\u00e1ra az eg\u00e9sz n\u00e9p \u00e1ldotta Istent.<\/em><\/p>\n<p style=\"text-align: center;\"><strong><em>Luk\u00e1cs Evang\u00e9liuma\u00a0<\/em><\/strong><strong><em>18, 35-43<\/em><\/strong><\/p>\n<p>A hit fontos szerepet j\u00e1tszik a gy\u00f3gyul\u00e1sban, hiszen gy\u00f3gy\u00edt\u00e1sai sor\u00e1n J\u00e9zus mindig hitet k\u00f6vetel a betegekt\u0151l. A jerik\u00f3i vak a hall\u00e1s\u00e1ra volt utalva, amikor meghallotta, hogy nagy menet vonul el el\u0151tte, akkor k\u00edv\u00e1ncsis\u00e1gb\u00f3l meg\u00e9rdekl\u0151dte, hogy minek k\u00f6sz\u00f6nhet\u0151 ez a l\u00e1rma. Amikor megtudta, hogy J\u00e9zus k\u00f6zeledett fel\u00e9je, akkor nem vacill\u00e1lt, hanem azonnal seg\u00edts\u00e9get k\u00e9rt. A t\u00f6meg erre csit\u00edtani kezdte, de nem foglalkozott ezzel, mert tudta, hogy ez az egyetlen es\u00e9lye.<\/p>\n<p>Az \u00e9let\u00fatunkon gyakran mi is belebotlunk egy-egy ilyen helyzetbe, amikor m\u00e1sok hangja hangosabb a mi\u00e9nkn\u00e9l, el akarnak hallgattatni minket. Ilyenkor k\u00e9t lehet\u0151s\u00e9g\u00fcnk van, vagy elhallgatunk, mert f\u00e9l\u00fcnk, hogy er\u0151sebbek n\u00e1lunk, vagy felv\u00e1llaljuk a kellemetlens\u00e9get, a konfliktust \u00e9s b\u00e1tran kifejezz\u00fck \u00e9rz\u00e9s\u00fcnket, gondolatainkat. Fontos, hogy merj\u00fck kimondani \u00e9rz\u00e9seinket, gondjainkat, mert ezek is fontos r\u00e9szei a gy\u00f3gyul\u00e1sunknak, a fel\u00e9p\u00fcl\u00e9s\u00fcnknek.<\/p>\n<p>Nemcsak a vak koldusra volt hat\u00e1ssal a gy\u00f3gyul\u00e1s, hanem k\u00f6rnyezet\u00e9re is, amely vele egy\u00fctt \u00e1ldani, dics\u0151\u00edteni kezdte Istent. A vak szem\u00e9lyes gy\u00f3gyul\u00e1sa kihatott az eg\u00e9sz k\u00f6z\u00f6ss\u00e9gre. Ugyan\u00edgy, ha hit\u00fcnk hat\u00e9kony, akkor kihat\u00e1ssal van a k\u00f6z\u00f6ss\u00e9g\u00fcnkre, m\u00e1sok \u00e9let\u00e9re.<\/p>\n<p style=\"text-align: right;\"><strong><em>Ft. R\u00e1duly Istv\u00e1n Zsolt, Torda<\/em><\/strong><\/p>\n","protected":false},"excerpt":{"rendered":"Amikor Jeruzs\u00e1lembe menet J\u00e9zus Jerik\u00f3 v\u00e1ros\u00e1hoz k\u00f6zeledett, egy vak koldus \u00fclt az \u00fat sz\u00e9l\u00e9n. Amint ez meghallotta, hogy sokan vonulnak&#8230;","protected":false},"author":2,"featured_media":30003,"comment_status":"closed","ping_status":"closed","sticky":false,"template":"","format":"standard","meta":{"footnotes":""},"categories":[6],"tags":[],"class_list":["post-30002","post","type-post","status-publish","format-standard","has-post-thumbnail","hentry","category-igehirdetesek"],"_links":{"self":[{"href":"https:\/\/imalanc.ro\/w\/wp-json\/wp\/v2\/posts\/30002","targetHints":{"allow":["GET"]}}],"collection":[{"href":"https:\/\/imalanc.ro\/w\/wp-json\/wp\/v2\/posts"}],"about":[{"href":"https:\/\/imalanc.ro\/w\/wp-json\/wp\/v2\/types\/post"}],"author":[{"embeddable":true,"href":"https:\/\/imalanc.ro\/w\/wp-json\/wp\/v2\/users\/2"}],"replies":[{"embeddable":true,"href":"https:\/\/imalanc.ro\/w\/wp-json\/wp\/v2\/comments?post=30002"}],"version-history":[{"count":1,"href":"https:\/\/imalanc.ro\/w\/wp-json\/wp\/v2\/posts\/30002\/revisions"}],"predecessor-version":[{"id":30004,"href":"https:\/\/imalanc.ro\/w\/wp-json\/wp\/v2\/posts\/30002\/revisions\/30004"}],"wp:featuredmedia":[{"embeddable":true,"href":"https:\/\/imalanc.ro\/w\/wp-json\/wp\/v2\/media\/30003"}],"wp:attachment":[{"href":"https:\/\/imalanc.ro\/w\/wp-json\/wp\/v2\/media?parent=30002"}],"wp:term":[{"taxonomy":"category","embeddable":true,"href":"https:\/\/imalanc.ro\/w\/wp-json\/wp\/v2\/categories?post=30002"},{"taxonomy":"post_tag","embeddable":true,"href":"https:\/\/imalanc.ro\/w\/wp-json\/wp\/v2\/tags?post=30002"}],"curies":[{"name":"wp","href":"https:\/\/api.w.org\/{rel}","templated":true}]}}