{"id":29994,"date":"2023-11-19T13:44:43","date_gmt":"2023-11-19T12:44:43","guid":{"rendered":"https:\/\/imalanc.ro\/w\/?p=29994"},"modified":"2023-11-26T13:45:19","modified_gmt":"2023-11-26T12:45:19","slug":"vessetek-ki-a-kulso-sotetsegre","status":"publish","type":"post","link":"https:\/\/imalanc.ro\/w\/vessetek-ki-a-kulso-sotetsegre\/","title":{"rendered":"Vess\u00e9tek ki a k\u00fcls\u0151 s\u00f6t\u00e9ts\u00e9gre!"},"content":{"rendered":"<p style=\"text-align: justify;\"><em>\u00a0Abban az id\u0151ben J\u00e9zus a k\u00f6vetkez\u0151 p\u00e9ldabesz\u00e9det mondta tan\u00edtv\u00e1nyainak:<\/em><br \/>\n<!--more--><a href=\"https:\/\/imalanc.ro\/w\/wp-content\/uploads\/Urad-orome.jpg\"><img loading=\"lazy\" decoding=\"async\" class=\"aligncenter wp-image-29996 size-full\" src=\"https:\/\/imalanc.ro\/w\/wp-content\/uploads\/Urad-orome.jpg\" alt=\"Minthogy a kev\u00e9sben h\u0171 volt\u00e1l, sokat b\u00edzok r\u00e1d: menj be urad \u00f6r\u00f6m\u00e9be! \" width=\"580\" height=\"462\" srcset=\"https:\/\/imalanc.ro\/w\/wp-content\/uploads\/Urad-orome.jpg 580w, https:\/\/imalanc.ro\/w\/wp-content\/uploads\/Urad-orome-300x239.jpg 300w\" sizes=\"auto, (max-width: 580px) 100vw, 580px\" \/><\/a><\/p>\n<p style=\"text-align: justify;\"><em>\u00a0 \u00a0Egy ember egyszer idegenbe k\u00e9sz\u00fclt, ez\u00e9rt \u00f6sszeh\u00edvta szolg\u00e1it, \u00e9s r\u00e1juk b\u00edzta vagyon\u00e1t. Az egyiknek \u00f6t talentumot adott, a m\u00e1siknak kett\u0151t, a harmadiknak pedig egyet, kinek-kinek r\u00e1termetts\u00e9ge szerint, azt\u00e1n \u00fatra kelt. Aki \u00f6t talentumot kapott, menten elkezdett vele kereskedni, \u00e9s m\u00e1sik \u00f6t\u00f6t nyert rajta. Ugyan\u00edgy az is, aki kett\u0151t kapott, m\u00e1sik kett\u0151t szerzett. Az pedig, aki csak egyet kapott, elment, \u00e1sott egy g\u00f6dr\u00f6t, \u00e9s elrejtette a f\u00f6ldbe ur\u00e1nak ez\u00fcstj\u00e9t.<\/em><\/p>\n<p style=\"text-align: justify;\"><em>\u00a0 \u00a0Hossz\u00fa id\u0151 eltelt\u00e9vel megj\u00f6tt a szolg\u00e1k ura, \u00e9s sz\u00e1mad\u00e1st tartott vel\u00fck. J\u00f6tt az, aki \u00f6t talentumot kapott: hozott m\u00e1sik \u00f6t\u00f6t is, \u00e9s \u00edgy sz\u00f3lt: \u201eUram, \u00f6t talentumot adt\u00e1l nekem, n\u00e9zd, m\u00e1sik \u00f6t\u00f6t nyertem rajta.\u201d Az \u00far \u00edgy v\u00e1laszolt: \u201eJ\u00f3l van, te der\u00e9k \u00e9s h\u0171s\u00e9ges szolga! A kev\u00e9sben h\u0171 volt\u00e1l, sokat b\u00edzok r\u00e1d: Menj be urad \u00f6r\u00f6m\u00e9be!\u201d J\u00f6tt az is, aki k\u00e9t talentumot kapott, \u00e9s \u00edgy sz\u00f3lt: \u201eUram, k\u00e9t talentumot adt\u00e1l nekem, n\u00e9zd, m\u00e1sik kett\u0151t nyertem rajta.\u201d Az \u00far \u00edgy v\u00e1laszolt: \u201eJ\u00f3l van, te der\u00e9k \u00e9s h\u0171s\u00e9ges szolga! A kev\u00e9sben h\u0171 volt\u00e1l, sokat b\u00edzok r\u00e1d: Menj be urad \u00f6r\u00f6m\u00e9be!\u201d<\/em><\/p>\n<p style=\"text-align: justify;\"><em>\u00a0 \u00a0V\u00e9g\u00fcl j\u00f6tt az is, aki csak egy talentumot kapott. \u00cdgy sz\u00f3lt: \u201eUram! Tudtam, hogy kem\u00e9ny ember vagy, ott is aratsz, ahov\u00e1 nem vetett\u00e9l, \u00e9s onnan is sz\u00fcretelsz, ahov\u00e1 nem \u00fcltett\u00e9l. F\u00e9lelmemben elmentem h\u00e1t \u00e9s el\u00e1stam a f\u00f6ldbe a talentumodat. N\u00e9zd, ami a tied, visszaadom neked!\u201d V\u00e1laszul az \u00far ezt mondta neki: \u201eTe gonosz \u00e9s lusta szolga! Ha tudtad, hogy aratok ott is, ahov\u00e1 nem vetettem, \u00e9s sz\u00fcretelek onnan is, ahov\u00e1 nem \u00fcltettem, ez\u00fcstjeimet a p\u00e9nzv\u00e1lt\u00f3knak kellett volna adnod, hogy ha megj\u00f6v\u00f6k, kamatostul kapjam vissza! Vegy\u00e9tek csak el t\u0151le a talentumot \u00e9s adj\u00e1tok oda annak, akinek t\u00edz talentuma van! Mert akinek van, annak m\u00e9g adnak, hogy b\u0151velkedj\u00e9k: \u00e9s akinek nincs, att\u00f3l m\u00e9g azt is elveszik, amije van! Ezt a hasznavehetetlen szolg\u00e1t pedig vess\u00e9tek ki a k\u00fcls\u0151 s\u00f6t\u00e9ts\u00e9gre! Ott s\u00edr\u00e1s lesz \u00e9s fogcsikorgat\u00e1s!\u201d<\/em><\/p>\n<p style=\"text-align: justify;\"><em>\u00a0 \u00a0 \u00a0 \u00a0 \u00a0 \u00a0 \u00a0 \u00a0 \u00a0 \u00a0 \u00a0 \u00a0 \u00a0 \u00a0 \u00a0 \u00a0 \u00a0 \u00a0 \u00a0 \u00a0 \u00a0 \u00a0 \u00a0 \u00a0 \u00a0 \u00a0 \u00a0 \u00a0 \u00a0 \u00a0 \u00a0 \u00a0 \u00a0 \u00a0<strong> M\u00e1t\u00e9 Evang\u00e9liuma 25, 14-30<\/strong><\/em><\/p>\n<p style=\"text-align: justify;\">\u00a0 \u00a0A talentumot az \u00f3korban t\u00f6meg- \u00e9s p\u00e9nzegys\u00e9gk\u00e9nt haszn\u00e1lt\u00e1k. Izraelben a tanlentum megegyezett a sz\u00edriai \u00e9s t\u00fcr\u00f6szi talentumokkal. J\u00e9zus p\u00e9ldabesz\u00e9d\u00e9ben azonban m\u00e1s jelent\u00e9se is van. Az evang\u00e9liumban szerepl\u0151 talentum ebben az esetben az Istent\u0151l kapott kegyelmi aj\u00e1nd\u00e9kokat jelenti. Isten mindenkinek kedve szerint osztogatja a talentumokat. Hasonl\u00edt picit ez a sz\u0151l\u0151munk\u00e1sokr\u00f3l sz\u00f3l\u00f3 p\u00e9ldabesz\u00e9dhez (<strong>Lk 20, 1-16<\/strong>). A k\u00fclf\u00f6ldre k\u00e9sz\u00fcl\u0151 ember tulajdonk\u00e9pen Isten megszem\u00e9lyes\u00edt\u0151je. A munk\u00e1sok pedig az embereket jelk\u00e9pezik.<\/p>\n<p style=\"text-align: justify;\">\u00a0 \u00a0A p\u00e9ldabesz\u00e9d igazi mondanival\u00f3ja az, hogy nem sz\u00e1m\u00edt Isten kinek mennyi talentumot adott, hiszen senkit\u0151l sem k\u00e9r sz\u00e1mon t\u00f6bbet ann\u00e1l, mint amit adott. Az ar\u00e1ny egy az egyhez. Mindenkit\u0151l a kapott kegyelemnek a dupl\u00e1j\u00e1t k\u00f6veteli. Ha figyelembe vessz\u00fck azt a t\u00e9nyt is, hogy egyes emberek milyen sikeresen tudt\u00e1k kamatoztatni talentumaikat, akkor ar\u00e1nylag Isten keveset k\u00e9r sz\u00e1mon. Ebben az elj\u00e1r\u00e1sban nem Isten b\u00fcntet\u00e9s\u00e9nek a kihangs\u00falyoz\u00e1s\u00e1t l\u00e1tom. Nem akarta megb\u00fcntetni azt, aki elherd\u00e1lta a talentum\u00e1t, de nem volt m\u00e1s lehet\u0151s\u00e9ge. A kapott kegyelemnek csak akkor lesz igazi \u00e9rt\u00e9ke, ha felhaszn\u00e1ljuk, kamatoztatjuk, befektetj\u00fck. Isten azonban nem b\u00e1nja meg kegyelmi adom\u00e1nyait (<strong>R\u00f3m 11, 29<\/strong>). Az\u00e9rt adja \u0151ket, hogy a hasznunkra v\u00e1ljanak.<\/p>\n<p style=\"text-align: justify;\">\u00a0 \u00a0Az egyik gondolkod\u00f3 szerint, ha valaki tehets\u00e9get kapott \u00e9sz n\u00e9lk\u00fcl, az m\u00e1r mehet a temet\u0151be. Nem az a fontos, hogy ki mennyit kapott Istent\u0151l, nem a mi dolgunk meg\u00edt\u00e9lni Isten akarat\u00e1t. A l\u00e9nyeg az, hogy \u00e9rtelemszer\u0171en, \u00fcdv\u00f6ss\u00e9g\u00fcnk szempontj\u00e1b\u00f3l kedvez\u0151en haszn\u00e1ltuk-e fel a kegyelmeket, vagy sem.<\/p>\n<p style=\"text-align: justify;\">\u00a0 \u00a0Nem v\u00e9letlen az a j\u00e9zusi meg\u00e1llap\u00edt\u00e1s sem, hogy sokan meg vannak h\u00edva Isten orsz\u00e1g\u00e1ba, de csak kevesen jutnak be. Mindenki megh\u00edvott, de kiv\u00e1lasztott a felhaszn\u00e1lt kegyelmek \u00e1ltal lesz valaki. (<strong>Mt 22, 14<\/strong>) Pontosan ez\u00e9rt haszn\u00e1ljuk fel teljesen adotts\u00e1gainkat, hogy majd mi is az \u00dart\u00f3l a k\u00f6vetkez\u0151ket hallhassuk: \u201c<em>J\u00f3l van, te h\u0171s\u00e9ges, der\u00e9k szolga \u2013 mondta neki ura. \u2013 Minthogy a kev\u00e9sben h\u0171 volt\u00e1l, sokat b\u00edzok r\u00e1d: menj be urad \u00f6r\u00f6m\u00e9be!<\/em>\u201d (<strong>Mt 25, 21<\/strong>)<\/p>\n<p style=\"text-align: right;\"><strong><em>Ft. R\u00e1duly Istv\u00e1n Zsolt, Torda<\/em><\/strong><\/p>\n","protected":false},"excerpt":{"rendered":"\u00a0Abban az id\u0151ben J\u00e9zus a k\u00f6vetkez\u0151 p\u00e9ldabesz\u00e9det mondta tan\u00edtv\u00e1nyainak:","protected":false},"author":2,"featured_media":29995,"comment_status":"closed","ping_status":"closed","sticky":false,"template":"","format":"standard","meta":{"footnotes":""},"categories":[6],"tags":[],"class_list":["post-29994","post","type-post","status-publish","format-standard","has-post-thumbnail","hentry","category-igehirdetesek"],"_links":{"self":[{"href":"https:\/\/imalanc.ro\/w\/wp-json\/wp\/v2\/posts\/29994","targetHints":{"allow":["GET"]}}],"collection":[{"href":"https:\/\/imalanc.ro\/w\/wp-json\/wp\/v2\/posts"}],"about":[{"href":"https:\/\/imalanc.ro\/w\/wp-json\/wp\/v2\/types\/post"}],"author":[{"embeddable":true,"href":"https:\/\/imalanc.ro\/w\/wp-json\/wp\/v2\/users\/2"}],"replies":[{"embeddable":true,"href":"https:\/\/imalanc.ro\/w\/wp-json\/wp\/v2\/comments?post=29994"}],"version-history":[{"count":2,"href":"https:\/\/imalanc.ro\/w\/wp-json\/wp\/v2\/posts\/29994\/revisions"}],"predecessor-version":[{"id":29998,"href":"https:\/\/imalanc.ro\/w\/wp-json\/wp\/v2\/posts\/29994\/revisions\/29998"}],"wp:featuredmedia":[{"embeddable":true,"href":"https:\/\/imalanc.ro\/w\/wp-json\/wp\/v2\/media\/29995"}],"wp:attachment":[{"href":"https:\/\/imalanc.ro\/w\/wp-json\/wp\/v2\/media?parent=29994"}],"wp:term":[{"taxonomy":"category","embeddable":true,"href":"https:\/\/imalanc.ro\/w\/wp-json\/wp\/v2\/categories?post=29994"},{"taxonomy":"post_tag","embeddable":true,"href":"https:\/\/imalanc.ro\/w\/wp-json\/wp\/v2\/tags?post=29994"}],"curies":[{"name":"wp","href":"https:\/\/api.w.org\/{rel}","templated":true}]}}