{"id":29990,"date":"2023-11-18T22:40:11","date_gmt":"2023-11-18T21:40:11","guid":{"rendered":"https:\/\/imalanc.ro\/w\/?p=29990"},"modified":"2023-11-27T16:22:22","modified_gmt":"2023-11-27T15:22:22","slug":"amikor-az-emberfia-eljon-talal-e-hitet-a-foldon","status":"publish","type":"post","link":"https:\/\/imalanc.ro\/w\/amikor-az-emberfia-eljon-talal-e-hitet-a-foldon\/","title":{"rendered":"Amikor az Emberfia elj\u00f6n, tal\u00e1l-e hitet a f\u00f6ld\u00f6n?"},"content":{"rendered":"<p><em>Abban az id\u0151ben: J\u00e9zus p\u00e9ldabesz\u00e9det mondott arr\u00f3l, hogy sz\u00fcntelen\u00fcl kell im\u00e1dkoznunk \u00e9s nem szabad belef\u00e1radnunk. <\/em><!--more--><a href=\"https:\/\/imalanc.ro\/w\/wp-content\/uploads\/A-szentmise-az-Egyhaz-nyilvanos-istentisztelete.jpg\"><img loading=\"lazy\" decoding=\"async\" class=\"aligncenter wp-image-10771 size-full\" src=\"https:\/\/imalanc.ro\/w\/wp-content\/uploads\/A-szentmise-az-Egyhaz-nyilvanos-istentisztelete.jpg\" alt=\"Aki im\u00e1ds\u00e1gos lelk\u00fclettel k\u00f6zeledik embert\u00e1rsaihoz, annak biztos\u00edtva van Isten seg\u00edts\u00e9ge.\" width=\"580\" height=\"259\" srcset=\"https:\/\/imalanc.ro\/w\/wp-content\/uploads\/A-szentmise-az-Egyhaz-nyilvanos-istentisztelete.jpg 580w, https:\/\/imalanc.ro\/w\/wp-content\/uploads\/A-szentmise-az-Egyhaz-nyilvanos-istentisztelete-300x134.jpg 300w\" sizes=\"auto, (max-width: 580px) 100vw, 580px\" \/><\/a><\/p>\n<p><em>\u00cdgy sz\u00f3lt: \u201eAz egyik v\u00e1rosban \u00e9lt egy b\u00edr\u00f3, aki Istent\u0151l nem f\u00e9lt \u00e9s embert\u0151l nem tartott. \u00c9lt abban a v\u00e1rosban egy \u00f6zvegyasszony is. <\/em><\/p>\n<p><em>Ez elment hozz\u00e1, \u00e9s k\u00e9rte: \u00bbSzolg\u00e1ltass nekem igazs\u00e1got ellenfelemmel szemben.\u00ab A b\u00edr\u00f3 egy ideig vonakodott, azt\u00e1n m\u00e9gis \u00edgy sz\u00f3lt mag\u00e1ban: \u00bbNoha Istent\u0151l nem f\u00e9lek, embert\u0151l nem tartok, de ez az \u00f6zvegy annyira terhemre van, hogy igazs\u00e1got szolg\u00e1ltatok neki, mert a v\u00e9g\u00e9n m\u00e9g nekem j\u00f6n \u00e9s megver.\u00ab\u201d <\/em><\/p>\n<p><em>Az \u00dar \u00edgy sz\u00f3lt: \u201eHallott\u00e1tok, hogy mit mond az igazs\u00e1gtalan b\u00edr\u00f3. <\/em><em>Vajon Isten nem szolg\u00e1ltat igazs\u00e1got v\u00e1lasztottjainak, akik \u00e9jjel-nappal hozz\u00e1 folyamodnak? Tal\u00e1n megv\u00e1rakoztatja \u0151ket? Mondom nektek, hamarosan igazs\u00e1got szolg\u00e1ltat nekik. Csak az a k\u00e9rd\u00e9s, hogy amikor az Emberfia elj\u00f6n, tal\u00e1l-e hitet a f\u00f6ld\u00f6n?\u201d<\/em><\/p>\n<p style=\"text-align: center;\"><strong><em>Luk\u00e1cs Evang\u00e9liuma <\/em><\/strong><strong><em>18,1-8<\/em><\/strong><\/p>\n<p>J\u00e9zus egy k\u00fcl\u00f6n\u00f6s helyzetet haszn\u00e1l fel arra, hogy megmagyar\u00e1zza az im\u00e1ds\u00e1g fontoss\u00e1g\u00e1t. Egy \u00f6zvegyasszony \u00fcgy\u00e9r\u0151l van sz\u00f3, akit az igazs\u00e1gtalan b\u00edr\u00f3 gyakran mell\u0151z\u0151tt. Az asszony r\u00e1tartis\u00e1ga, kitart\u00e1sa azonban megl\u00e1gy\u00edtja az am\u00fagy kem\u00e9ny sz\u00edv\u0171 b\u00edr\u00f3t. Nem tudja kiker\u00fclni az igazs\u00e1gszolg\u00e1ltat\u00e1st. V\u00e1llalnia kell az \u00fcggyel kapcsolatos konfront\u00e1ci\u00f3kat, neh\u00e9zs\u00e9geket. Az \u00f6zvegyasszony kitart\u00e1sa pozit\u00edv hat\u00e1st gyakorol a b\u00edr\u00f3 \u00e9let\u00e9re. Kimozd\u00edtja a belet\u00f6r\u0151d\u00f6tts\u00e9g, a lanyhul\u00e1s \u00e1llapot\u00e1b\u00f3l. Ugyan\u00edgy m\u00e1sok ima\u00e9lete is pozit\u00edv hat\u00e1ssal van a t\u00e1rsadalomra. Aki im\u00e1ds\u00e1gos lelk\u00fclettel k\u00f6zeledik embert\u00e1rsaihoz, annak biztos\u00edtva van Isten seg\u00edts\u00e9ge.<br \/>\nAz ima els\u0151sorban egy olyan p\u00e1rbesz\u00e9d Istennel, amely seg\u00edti az embert, hogy letegye f\u00f6l\u00f6sleges terheit, kimondja mag\u00e1b\u00f3l azokat a fesz\u00fclts\u00e9geket, amelyeket \u00f6nk\u00e9ntelen\u00fcl is \u00f6sszeszed a t\u00e1rsadalomb\u00f3l, az \u00e9lete folyam\u00e1n.<\/p>\n<p>Ma a hit v\u00e1ls\u00e1g\u00e1t \u00f6ssze lehetne k\u00f6tni az ima\u00e9let v\u00e1ls\u00e1g\u00e1val. Sokan nem tudnak im\u00e1dkozni, bizalmatlanok Istennel szemben. \u00dagy \u00e9rzik, hogy kor\u00e1bbi k\u00e9r\u00e9seik s\u00fcket f\u00fclekre tal\u00e1ltak. Ett\u0151l a negat\u00edv tapasztalatt\u00f3l nehezen tudnak elszakadni. Tal\u00e1n nem \u00e9rtett\u00e9k meg, hogy az ima nem csak bizonyos sz\u00f6vegekenek az ism\u00e9tl\u00e9s\u00e9b\u0151l \u00e1ll, hanem \u00e9let\u00fcnk bizalmas megoszt\u00e1sa Istennel. Nem juttak el tov\u00e1bb a megtanult im\u00e1k szintj\u00e9r\u0151l. J\u00e9zus nem helyhez k\u00f6ti az igazi im\u00e1ds\u00e1got, hanem L\u00e9lekkel t\u00f6lti meg. Nem a sok im\u00e1ds\u00e1g a fontos, hanem egy\u00e1ltal\u00e1n, hogy im\u00e1dkozik az ember.<\/p>\n<p>Az ima \u00f6nk\u00e9telen\u00fcl is megv\u00e1ltoztatja az ember \u00e9let\u00e9t. Az ima min\u0151s\u00e9gi id\u0151v\u00e9 alakul, a leg\u00e9rt\u00e9kesebb id\u0151t\u00f6lt\u00e9se az embernek. Csak a tart\u00f3s ima hozza meg a v\u00e1rt eredem\u00e9nyt. Nem mi besz\u00e9lget\u00fcnk Istennel, hanem \u0150 sz\u00f3l\u00edt meg benn\u00fcnket. Az igazi im\u00e1ban meghallgatom Istent, k\u00edv\u00e1ncsi vagyok az \u0150 v\u00e9lem\u00e9ny\u00e9re, terv\u00e9re. Ez\u00e9rt nem monol\u00f3g, hanem dial\u00f3gus. A p\u00e1rbesz\u00e9dben az egyik f\u00e9l figyelmesen hallgatja, amit a m\u00e1sik k\u00f6z\u00f6lni akar vele. Im\u00e1ds\u00e1gunk akkor lesz hat\u00e9kony, ha nemcsak szavainkkal, hanem tetteinkkel is gyakoroljuk az embert\u00e1rsaink ir\u00e1nti szeretetet, tiszteletet.<\/p>\n<p style=\"text-align: right;\"><strong><em>Ft. R\u00e1duly Istv\u00e1n Zsolt, Torda<\/em><\/strong><\/p>\n","protected":false},"excerpt":{"rendered":"Abban az id\u0151ben: J\u00e9zus p\u00e9ldabesz\u00e9det mondott arr\u00f3l, hogy sz\u00fcntelen\u00fcl kell im\u00e1dkoznunk \u00e9s nem szabad belef\u00e1radnunk.","protected":false},"author":2,"featured_media":19687,"comment_status":"closed","ping_status":"closed","sticky":false,"template":"","format":"standard","meta":{"footnotes":""},"categories":[6],"tags":[],"class_list":["post-29990","post","type-post","status-publish","format-standard","has-post-thumbnail","hentry","category-igehirdetesek"],"_links":{"self":[{"href":"https:\/\/imalanc.ro\/w\/wp-json\/wp\/v2\/posts\/29990","targetHints":{"allow":["GET"]}}],"collection":[{"href":"https:\/\/imalanc.ro\/w\/wp-json\/wp\/v2\/posts"}],"about":[{"href":"https:\/\/imalanc.ro\/w\/wp-json\/wp\/v2\/types\/post"}],"author":[{"embeddable":true,"href":"https:\/\/imalanc.ro\/w\/wp-json\/wp\/v2\/users\/2"}],"replies":[{"embeddable":true,"href":"https:\/\/imalanc.ro\/w\/wp-json\/wp\/v2\/comments?post=29990"}],"version-history":[{"count":1,"href":"https:\/\/imalanc.ro\/w\/wp-json\/wp\/v2\/posts\/29990\/revisions"}],"predecessor-version":[{"id":29992,"href":"https:\/\/imalanc.ro\/w\/wp-json\/wp\/v2\/posts\/29990\/revisions\/29992"}],"wp:featuredmedia":[{"embeddable":true,"href":"https:\/\/imalanc.ro\/w\/wp-json\/wp\/v2\/media\/19687"}],"wp:attachment":[{"href":"https:\/\/imalanc.ro\/w\/wp-json\/wp\/v2\/media?parent=29990"}],"wp:term":[{"taxonomy":"category","embeddable":true,"href":"https:\/\/imalanc.ro\/w\/wp-json\/wp\/v2\/categories?post=29990"},{"taxonomy":"post_tag","embeddable":true,"href":"https:\/\/imalanc.ro\/w\/wp-json\/wp\/v2\/tags?post=29990"}],"curies":[{"name":"wp","href":"https:\/\/api.w.org\/{rel}","templated":true}]}}