{"id":29988,"date":"2023-11-17T20:44:56","date_gmt":"2023-11-17T19:44:56","guid":{"rendered":"https:\/\/imalanc.ro\/w\/?p=29988"},"modified":"2023-11-27T16:22:01","modified_gmt":"2023-11-27T15:22:01","slug":"aki-a-mezon-lesz-haza-ne-jojjon","status":"publish","type":"post","link":"https:\/\/imalanc.ro\/w\/aki-a-mezon-lesz-haza-ne-jojjon\/","title":{"rendered":"Aki a mez\u0151n lesz, haza ne j\u00f6jj\u00f6n!"},"content":{"rendered":"<p><em>J\u00e9zus \u00edgy besz\u00e9lt tan\u00edtv\u00e1nyaihoz m\u00e1sodik elj\u00f6vetel\u00e9r\u0151l: <\/em><!--more--><a href=\"https:\/\/imalanc.ro\/w\/wp-content\/uploads\/Aki-Isten-kezeben-van-az-nem-vesz-el-1.jpg\"><img loading=\"lazy\" decoding=\"async\" class=\"aligncenter wp-image-20898 size-full\" src=\"https:\/\/imalanc.ro\/w\/wp-content\/uploads\/Aki-Isten-kezeben-van-az-nem-vesz-el-1.jpg\" alt=\"Isten mindenkit mag\u00e1hoz akar vonzani, de senkit\u0151l sem veszi el a d\u00f6nt\u00e9s szabads\u00e1g\u00e1t.\" width=\"580\" height=\"343\" srcset=\"https:\/\/imalanc.ro\/w\/wp-content\/uploads\/Aki-Isten-kezeben-van-az-nem-vesz-el-1.jpg 580w, https:\/\/imalanc.ro\/w\/wp-content\/uploads\/Aki-Isten-kezeben-van-az-nem-vesz-el-1-300x177.jpg 300w\" sizes=\"auto, (max-width: 580px) 100vw, 580px\" \/><\/a><\/p>\n<p><em>\u201eMint ahogy No\u00e9 kor\u00e1ban t\u00f6rt\u00e9nt, \u00fagy lesz az Emberfia napjaiban is. <\/em><em>Ettek, ittak, h\u00e1zasodtak, f\u00e9rjhez mentek addig a napig, am\u00edg No\u00e9 be nem sz\u00e1llt a b\u00e1rk\u00e1ba. Akkor j\u00f6tt a v\u00edz\u00f6z\u00f6n, \u00e9s elpuszt\u00edtotta valamennyit. Ugyan\u00edgy t\u00f6rt\u00e9nt L\u00f3t napjaiban is. Ettek \u00e9s ittak, adtak \u00e9s vettek, \u00fcltettek \u00e9s \u00e9p\u00edtettek. <\/em><\/p>\n<p><em>De amelyik napon L\u00f3t elhagyta Szodom\u00e1t, k\u00e9nk\u00f6ves t\u0171zes\u0151 hullott az \u00e9gb\u0151l, \u00e9s elpuszt\u00edtotta valamennyit. Ugyan\u00edgy lesz azon a napon is, amikor az Emberfia megjelenik. Aki abban az \u00f3r\u00e1ban a h\u00e1ztet\u0151n tart\u00f3zkodik, \u00e9s holmija van lenn a h\u00e1zban, le ne j\u00f6jj\u00f6n \u00e9rte, hogy elvigye! Aki a mez\u0151n lesz, haza ne j\u00f6jj\u00f6n! Eml\u00e9kezzetek L\u00f3t feles\u00e9g\u00e9re! Aki meg akarja menteni \u00e9let\u00e9t, elvesz\u00edti azt; aki pedig elvesz\u00edti, megmenti azt az (\u00f6r\u00f6k) \u00e9letre. <\/em><\/p>\n<p><em>Mondom nektek; azon az \u00e9jszak\u00e1n ketten lesznek egy fekv\u0151helyen; az egyiket felveszik, a m\u00e1sikat otthagyj\u00e1k. K\u00e9t asszony egy\u00fctt \u0151r\u00f6l; az egyiket felveszik, a m\u00e1sikat otthagyj\u00e1k. Ketten lesznek a mez\u0151n; az egyiket felveszik, a m\u00e1sikat otthagyj\u00e1k.\u201d <\/em><\/p>\n<p><em>A tan\u00edtv\u00e1nyok megk\u00e9rdezt\u00e9k: \u201eHol lesz ez, Uram?\u201d Azt felelte: \u201eAhol a holttest van, odagy\u0171lnek a sasok.\u201d<\/em><\/p>\n<p style=\"text-align: center;\"><strong><em>Luk\u00e1cs Evang\u00e9liuma <\/em><\/strong><strong><em>17, 26-37<\/em><\/strong><\/p>\n<p>J\u00e9zus a t\u00f6rt\u00e9nelmi misszi\u00f3ra akarta felk\u00e9sz\u00edteni k\u00f6vet\u0151it. Az evang\u00e9liumot nem mindenki fogadja be sz\u00edvesen, sz\u00e1molni kell a vil\u00e1g szellem\u00e9vel.<\/p>\n<p>A kereszt\u00e9nyek a vil\u00e1gban \u00e9lnek, de nem a vil\u00e1gnak. Saj\u00e1tos misszi\u00f3juk van, mert a k\u00fcldet\u00e9st J\u00e9zust\u00f3l kapt\u00e1k. Az elutas\u00edt\u00e1s nem adhat okot a misszi\u00f3s munka elakad\u00e1s\u00e1ra, hanem \u00faj lend\u00fcletet kell biztos\u00edtson sz\u00e1m\u00e1ra.<\/p>\n<p>A kor\u00e1bbi \u00e9let\u00e9re visszatekint\u0151 ember anal\u00f3gi\u00e1ja L\u00f3t feles\u00e9ge, aki nem tudott elszakadni kor\u00e1bbi \u00e9let\u00e9t\u0151l, hanem felem\u00e1san t\u00e1volodott el a pusztul\u00e1s hely\u00e9r\u0151l, Szodom\u00e1r\u00f3l. Nem tudta feldolgozni, hogy Isten\u00e9rt el kell hagynia otthon\u00e1t, bar\u00e1tait, ismer\u0151seit. Ez okozta a hal\u00e1l\u00e1t.<\/p>\n<p>A tan\u00edtv\u00e1ny b\u00e1tran szembe kell n\u00e9znie a kor szellem\u00e9vel, \u00e9s nem szabad sz\u00e1rnyszegetten j\u00e1rnia, hanem fel kell v\u00e1llalnia a saj\u00e1t keresztj\u00e9t \u00e9s azokat a kih\u00edv\u00e1sokat, amelyeket gyakran Isten \u00e9breszt fel \u00e9let\u00e9ben.<\/p>\n<p>Isten mindenkit mag\u00e1hoz akar vonzani, de senkit\u0151l sem veszi el a d\u00f6nt\u00e9s szabads\u00e1g\u00e1t.<\/p>\n<p style=\"text-align: right;\"><strong><em>Ft. R\u00e1duly Istv\u00e1n Zsolt, Torda<\/em><\/strong><\/p>\n","protected":false},"excerpt":{"rendered":"J\u00e9zus \u00edgy besz\u00e9lt tan\u00edtv\u00e1nyaihoz m\u00e1sodik elj\u00f6vetel\u00e9r\u0151l:","protected":false},"author":2,"featured_media":8243,"comment_status":"closed","ping_status":"closed","sticky":false,"template":"","format":"standard","meta":{"footnotes":""},"categories":[6],"tags":[],"class_list":["post-29988","post","type-post","status-publish","format-standard","has-post-thumbnail","hentry","category-igehirdetesek"],"_links":{"self":[{"href":"https:\/\/imalanc.ro\/w\/wp-json\/wp\/v2\/posts\/29988","targetHints":{"allow":["GET"]}}],"collection":[{"href":"https:\/\/imalanc.ro\/w\/wp-json\/wp\/v2\/posts"}],"about":[{"href":"https:\/\/imalanc.ro\/w\/wp-json\/wp\/v2\/types\/post"}],"author":[{"embeddable":true,"href":"https:\/\/imalanc.ro\/w\/wp-json\/wp\/v2\/users\/2"}],"replies":[{"embeddable":true,"href":"https:\/\/imalanc.ro\/w\/wp-json\/wp\/v2\/comments?post=29988"}],"version-history":[{"count":1,"href":"https:\/\/imalanc.ro\/w\/wp-json\/wp\/v2\/posts\/29988\/revisions"}],"predecessor-version":[{"id":29989,"href":"https:\/\/imalanc.ro\/w\/wp-json\/wp\/v2\/posts\/29988\/revisions\/29989"}],"wp:featuredmedia":[{"embeddable":true,"href":"https:\/\/imalanc.ro\/w\/wp-json\/wp\/v2\/media\/8243"}],"wp:attachment":[{"href":"https:\/\/imalanc.ro\/w\/wp-json\/wp\/v2\/media?parent=29988"}],"wp:term":[{"taxonomy":"category","embeddable":true,"href":"https:\/\/imalanc.ro\/w\/wp-json\/wp\/v2\/categories?post=29988"},{"taxonomy":"post_tag","embeddable":true,"href":"https:\/\/imalanc.ro\/w\/wp-json\/wp\/v2\/tags?post=29988"}],"curies":[{"name":"wp","href":"https:\/\/api.w.org\/{rel}","templated":true}]}}