{"id":29986,"date":"2023-11-16T20:40:38","date_gmt":"2023-11-16T19:40:38","guid":{"rendered":"https:\/\/imalanc.ro\/w\/?p=29986"},"modified":"2023-11-26T23:42:26","modified_gmt":"2023-11-26T22:42:26","slug":"az-isten-orszaga-koztetek-van","status":"publish","type":"post","link":"https:\/\/imalanc.ro\/w\/az-isten-orszaga-koztetek-van\/","title":{"rendered":"Az Isten orsz\u00e1ga k\u00f6ztetek van"},"content":{"rendered":"<p style=\"text-align: justify;\"><em>\u00a0 Amikor a farizeusok megk\u00e9rdezt\u00e9k t\u0151le, hogy mikor j\u00f6n el az Isten orsz\u00e1ga, ezt v\u00e1laszolta nekik: ,,Az Isten orsz\u00e1ga nem j\u00f6n el szembet\u0171n\u0151 m\u00f3don. Nem fogj\u00e1k azt mondani: \u00cdme itt van, vagy amott. Mert az Isten orsz\u00e1ga k\u00f6ztetek van.\u2019\u2019 <\/em><!--more--><\/p>\n<p style=\"text-align: justify;\"><em><a href=\"https:\/\/imalanc.ro\/w\/wp-content\/uploads\/Jonnek-napok-amikor-szeretnetek-latni.jpg\"><img loading=\"lazy\" decoding=\"async\" class=\"aligncenter wp-image-8533 size-full\" title=\"J\u00f6nnek napok, amikor szeretn\u00e9tek l\u00e1tni az Emberfi\u00e1nak egyetlen napj\u00e1t, \u00e9s nem fogj\u00e1tok l\u00e1tni. Ha azt mondj\u00e1k majd nektek: \u00cdme, itt van, \u00edme, ott van; ne menjetek el \u00e9s ne fussatok oda. \" src=\"https:\/\/imalanc.ro\/w\/wp-content\/uploads\/Jonnek-napok-amikor-szeretnetek-latni.jpg\" alt=\"J\u00f6nnek napok, amikor szeretn\u00e9tek l\u00e1tni az Emberfi\u00e1nak egyetlen napj\u00e1t, \u00e9s nem fogj\u00e1tok l\u00e1tni. Ha azt mondj\u00e1k majd nektek: \u00cdme, itt van, \u00edme, ott van; ne menjetek el \u00e9s ne fussatok oda. \" width=\"580\" height=\"326\" srcset=\"https:\/\/imalanc.ro\/w\/wp-content\/uploads\/Jonnek-napok-amikor-szeretnetek-latni.jpg 580w, https:\/\/imalanc.ro\/w\/wp-content\/uploads\/Jonnek-napok-amikor-szeretnetek-latni-300x169.jpg 300w\" sizes=\"auto, (max-width: 580px) 100vw, 580px\" \/><\/a><\/em><\/p>\n<p style=\"text-align: justify;\"><em>\u00a0 A tan\u00edtv\u00e1nyoknak pedig ezt mondta: ,,J\u00f6nnek napok, amikor szeretn\u00e9tek l\u00e1tni az Emberfi\u00e1nak egyetlen napj\u00e1t, \u00e9s nem fogj\u00e1tok l\u00e1tni. Ha azt mondj\u00e1k majd nektek: \u00cdme, itt van, \u00edme, ott van; ne menjetek el \u00e9s ne fussatok oda. <\/em><\/p>\n<p style=\"text-align: justify;\"><em>\u00a0\u00a0 Mert mint ahogy a cik\u00e1z\u00f3 vill\u00e1m az \u00e9g egyik v\u00e9g\u00e9t\u0151l a m\u00e1sikig l\u00e1tszik, olyan lesz az Emberfia is az \u0151 napj\u00e1n. De el\u0151bb m\u00e9g sokat kell szenvednie, \u00e9s el kell, hogy vesse ez a nemzed\u00e9k.\u2019\u2019<\/em><\/p>\n<p style=\"text-align: justify;\"><em>\u00a0\u00a0\u00a0\u00a0\u00a0\u00a0\u00a0\u00a0\u00a0\u00a0\u00a0\u00a0\u00a0\u00a0\u00a0\u00a0\u00a0\u00a0\u00a0\u00a0\u00a0\u00a0\u00a0\u00a0\u00a0\u00a0\u00a0\u00a0\u00a0\u00a0\u00a0\u00a0\u00a0\u00a0\u00a0\u00a0\u00a0\u00a0\u00a0\u00a0\u00a0\u00a0\u00a0\u00a0\u00a0\u00a0\u00a0\u00a0\u00a0\u00a0\u00a0\u00a0\u00a0\u00a0\u00a0\u00a0\u00a0\u00a0\u00a0\u00a0\u00a0\u00a0\u00a0\u00a0 <strong>Luk\u00e1cs Evang\u00e9liuma 17,20-25<\/strong><\/em><\/p>\n<p style=\"text-align: justify;\">\u00a0\u00a0 Amikor \u00e9let\u00fcnk vid\u00e1m \u00e9s felh\u0151tlen, akkor nem okoz gondot az Emberfia \u00e9rkez\u00e9s\u00e9nek a k\u00e9sleked\u00e9se. A farizeusok azokat a kereszt\u00e9nyeket k\u00e9pviselik, akik m\u00e9g nem ismert\u00e9k fel J\u00e9zus jelenl\u00e9t\u00e9t az Egyh\u00e1zban, a szeg\u00e9nyekben, az irgalmass\u00e1got gyakorl\u00f3 kerszt\u00e9nyekben. A k\u00e9sedelmes sz\u00edv\u0171 emberekhez hasonl\u00edtanak, akik \u00fagy tev\u00e9kenykednek a h\u00e9tk\u00f6znapjaikban, mintha Istennek semmi k\u00f6ze sem lenne hozz\u00e1juk.<\/p>\n<p style=\"text-align: justify;\">\u00a0\u00a0 J\u00e9zus dics\u0151s\u00e9g\u00e9nek a megnyilv\u00e1nul\u00e1sa nem a hagyom\u00e1nyosan elfogadott messi\u00e1si elk\u00e9pzel\u00e9sek szerint val\u00f3sult meg. J\u00e9zus a szenved\u00e9sein kereszt\u00fcl ment be az Atya dics\u0151s\u00e9g\u00e9be. A tan\u00edtv\u00e1nyok sem szabad elfelejts\u00e9k, hogy az \u00fcld\u00f6z\u00e9st, a szenved\u00e9st nem lehet kik\u00fcsz\u00f6b\u00f6lni a krisztusi \u00e9letb\u0151l.<\/p>\n<p style=\"text-align: justify;\">\u00a0\u00a0 Isten orsz\u00e1ga m\u00e1r elkezd\u0151d\u00f6tt, de sokan nem ismerik fel. Lelki szemeiket sokminden eltakarja ett\u0151l a felismer\u00e9st\u0151l. A k\u00eds\u00e9rt\u00e9sek, a pr\u00f3bat\u00e9telek, sebek nem sz\u0171nek meg, de tudatos\u00edtani kell az isteni irgalmass\u00e1got. Isten vel\u00fcnk akar lenni minden gondunkban.<\/p>\n<p style=\"text-align: justify;\">\u00a0\u00a0 Nemcsak az \u00fcnnepek der\u0171s pillanataiban, hanem a sz\u00fcrke h\u00e9tk\u00f6znapok kih\u00edv\u00e1saiban. Sz\u00e1m\u00e1ra nem idegen az emberi szenved\u00e9s, hiszen Fi\u00e1ban megj\u00e1rta a poklok legm\u00e9ly\u00e9t, hogy minden embert kiszabad\u00edtson a b\u0171n \u00e9s a hal\u00e1l k\u00f6letl\u00e9keib\u0151l.<\/p>\n<p style=\"text-align: left;\">Isten irgalmass\u00e1got akar cselekedni veled is.<br \/>\nMeg tudsz-e bocs\u00e1tani \u00f6nmagadnak?<br \/>\nEl tudod-e v\u00e1lasztani a hi\u00e1nyos\u00e1gaidat a hib\u00e1idt\u00f3l, b\u0171neidt\u0151l?<\/p>\n<p style=\"text-align: justify;\">\u00a0\u00a0 A hi\u00e1nyoss\u00e1g nem felt\u00e9tlen\u00fcl b\u0171n, hanem emberi l\u00e9nyeg\u00fcknek szerves r\u00e9sze. Ez\u00e9rt nem lehet ellene k\u00fczdeni, hanem vele egy\u00fctt kell \u00e9lni, be\u00e9p\u00edteni \u00e9let\u00fcnkbe. Az isteni irgalmass\u00e1g \u00e9s a j\u00f3cselekedeteink sok b\u0171neinkre f\u00e1tylat helyez. Meg tudom-e l\u00e1tni megv\u00e1ltozott \u00f6nmagamat?<\/p>\n<p style=\"text-align: right;\"><strong><em>Ft. R\u00e1duly Istv\u00e1n Zsolt, Torda<\/em><\/strong><\/p>\n","protected":false},"excerpt":{"rendered":"\u00a0 Amikor a farizeusok megk\u00e9rdezt\u00e9k t\u0151le, hogy mikor j\u00f6n el az Isten orsz\u00e1ga, ezt v\u00e1laszolta nekik: ,,Az Isten orsz\u00e1ga nem&#8230;","protected":false},"author":2,"featured_media":17807,"comment_status":"closed","ping_status":"closed","sticky":false,"template":"","format":"standard","meta":{"footnotes":""},"categories":[6],"tags":[],"class_list":["post-29986","post","type-post","status-publish","format-standard","has-post-thumbnail","hentry","category-igehirdetesek"],"_links":{"self":[{"href":"https:\/\/imalanc.ro\/w\/wp-json\/wp\/v2\/posts\/29986","targetHints":{"allow":["GET"]}}],"collection":[{"href":"https:\/\/imalanc.ro\/w\/wp-json\/wp\/v2\/posts"}],"about":[{"href":"https:\/\/imalanc.ro\/w\/wp-json\/wp\/v2\/types\/post"}],"author":[{"embeddable":true,"href":"https:\/\/imalanc.ro\/w\/wp-json\/wp\/v2\/users\/2"}],"replies":[{"embeddable":true,"href":"https:\/\/imalanc.ro\/w\/wp-json\/wp\/v2\/comments?post=29986"}],"version-history":[{"count":1,"href":"https:\/\/imalanc.ro\/w\/wp-json\/wp\/v2\/posts\/29986\/revisions"}],"predecessor-version":[{"id":29987,"href":"https:\/\/imalanc.ro\/w\/wp-json\/wp\/v2\/posts\/29986\/revisions\/29987"}],"wp:featuredmedia":[{"embeddable":true,"href":"https:\/\/imalanc.ro\/w\/wp-json\/wp\/v2\/media\/17807"}],"wp:attachment":[{"href":"https:\/\/imalanc.ro\/w\/wp-json\/wp\/v2\/media?parent=29986"}],"wp:term":[{"taxonomy":"category","embeddable":true,"href":"https:\/\/imalanc.ro\/w\/wp-json\/wp\/v2\/categories?post=29986"},{"taxonomy":"post_tag","embeddable":true,"href":"https:\/\/imalanc.ro\/w\/wp-json\/wp\/v2\/tags?post=29986"}],"curies":[{"name":"wp","href":"https:\/\/api.w.org\/{rel}","templated":true}]}}