{"id":29978,"date":"2023-11-15T11:46:52","date_gmt":"2023-11-15T10:46:52","guid":{"rendered":"https:\/\/imalanc.ro\/w\/?p=29978"},"modified":"2023-11-26T23:42:04","modified_gmt":"2023-11-26T22:42:04","slug":"nem-akadt-mas-aki-visszajott-volna","status":"publish","type":"post","link":"https:\/\/imalanc.ro\/w\/nem-akadt-mas-aki-visszajott-volna\/","title":{"rendered":"Nem akadt m\u00e1s, aki visszaj\u00f6tt volna"},"content":{"rendered":"<p><em>J\u00e9zus egyszer \u00fatban Jeruzs\u00e1lem fel\u00e9 \u00e1thaladt Szamaria \u00e9s Galilea hat\u00e1rvid\u00e9k\u00e9n. Amikor bet\u00e9rt az egyik faluba, t\u00edz lepr\u00e1s f\u00e9rfi j\u00f6tt vele szembe. <\/em><!--more--><a href=\"https:\/\/imalanc.ro\/w\/wp-content\/uploads\/Hittel-kert-ima-meghallgatasra-talal.jpg\"><img loading=\"lazy\" decoding=\"async\" class=\"aligncenter wp-image-29748 size-full\" src=\"https:\/\/imalanc.ro\/w\/wp-content\/uploads\/Hittel-kert-ima-meghallgatasra-talal.jpg\" alt=\"Istennek mindenben h\u00e1l\u00e1sak kellene legy\u00fcnk, mi azonban ritk\u00e1n tudatos\u00edtjuk \u00f6nmagunkban, hogy \u00e1ldottak, megv\u00e1ltottak vagyunk.\" width=\"580\" height=\"435\" srcset=\"https:\/\/imalanc.ro\/w\/wp-content\/uploads\/Hittel-kert-ima-meghallgatasra-talal.jpg 580w, https:\/\/imalanc.ro\/w\/wp-content\/uploads\/Hittel-kert-ima-meghallgatasra-talal-300x225.jpg 300w\" sizes=\"auto, (max-width: 580px) 100vw, 580px\" \/><\/a><\/p>\n<p><em>M\u00e9g messze voltak, amikor meg\u00e1lltak, \u00e9s hangosan \u00edgy ki\u00e1ltottak: \u201eJ\u00e9zus, Mester! K\u00f6ny\u00f6r\u00fclj rajtunk!\u201d \u0150 r\u00e1juk tekintett, \u00e9s \u00edgy sz\u00f3lt hozz\u00e1juk: \u201eMenjetek \u00e9s mutass\u00e1tok meg magatokat a papoknak.\u201d \u00datk\u00f6zben megtisztultak. <\/em><\/p>\n<p><em>Az egyik, amikor \u00e9szrevette, hogy meggy\u00f3gyult, visszament, hangos sz\u00f3val dics\u0151\u00edtette Istent, arcra borult J\u00e9zus l\u00e1ba el\u0151tt, \u00e9s h\u00e1l\u00e1t adott neki. \u00c9s ez az ember szamarit\u00e1nus volt. J\u00e9zus megk\u00e9rdezte: \u201eNemde t\u00edzen tisztultak meg? Hol maradt a t\u00f6bbi kilenc? Nem akadt m\u00e1s, aki visszaj\u00f6tt volna, hogy h\u00e1l\u00e1t adjon Istennek, csak ez az idegen?\u201d Azt\u00e1n hozz\u00e1 fordult: \u201eKelj fel \u00e9s menj! Hited meggy\u00f3gy\u00edtott t\u00e9ged.\u201d<\/em><\/p>\n<p style=\"text-align: center;\"><strong><em>Luk\u00e1cs Evang\u00e9liuma <\/em><\/strong><strong><em>17, 11-19<\/em><\/strong><\/p>\n<p>A gy\u00f3gyul\u00e1s az ember \u00e9let\u00e9ben a l\u00e9lekb\u0151l indul ki \u00e9s a testben val\u00f3sul meg. Gy\u00f3gy\u00edt\u00e1saiban J\u00e9zus mindig az eg\u00e9sz ember \u00e9ps\u00e9g\u00e9t, eg\u00e9szs\u00e9g\u00e9t c\u00e9lozta meg. A t\u00edz lepr\u00e1s a t\u00e1rsadalomt\u00f3l elszigetelve \u00e9lt.<\/p>\n<p>Nemcsak az eg\u00e9szs\u00e9g\u00fck volt fontos, hanem a t\u00e1rsadalomba val\u00f3 visszailleszt\u00e9s\u00fck is. \u00c9rdekes, hogy J\u00e9zus nem v\u00e9gez semmilyen gy\u00f3gy\u00edt\u00e1si szertart\u00e1st, hanem a papokkal akarja igazoltatni annak a t\u00e9ny\u00e9t. A t\u00edz k\u00f6z\u00fcl csak az egyik t\u00e9r vissza, hogy kifejezze h\u00e1l\u00e1j\u00e1t.<\/p>\n<p>Az \u00e9let sokszor ugyanezt igazolja, csak n\u00e9h\u00e1nyan k\u00e9pesek ut\u00f3lag kifejezni h\u00e1l\u00e1jukat, k\u00f6sz\u00f6net\u00fcket a vel\u00fck t\u00f6rt\u00e9nt sz\u00edvess\u00e9gek\u00e9rt. A h\u00e1l\u00e1tlans\u00e1g a legcs\u00fafabb magatart\u00e1s, mert ilyenkor nem ismerj\u00fck el a m\u00e1sik seg\u00edts\u00e9g\u00e9t, j\u00f3tett\u00e9t.<\/p>\n<p>Istennek mindenben h\u00e1l\u00e1sak kellene legy\u00fcnk, mi azonban ritk\u00e1n tudatos\u00edtjuk \u00f6nmagunkban, hogy \u00e1ldottak, megv\u00e1ltottak vagyunk. A tizedik lepr\u00e1s meg\u00e9rtette, hogy az \u00e9lethez nem el\u00e9g a testi eg\u00e9szs\u00e9g, ann\u00e1l t\u00f6bbre van sz\u00fcks\u00e9g\u00fcnk ahhoz, hogy teljes legyen az \u00e9let\u00fcnk.<\/p>\n<p style=\"text-align: right;\"><strong><em>Ft. R\u00e1duly Istv\u00e1n Zsolt, Torda<\/em><\/strong><\/p>\n","protected":false},"excerpt":{"rendered":"J\u00e9zus egyszer \u00fatban Jeruzs\u00e1lem fel\u00e9 \u00e1thaladt Szamaria \u00e9s Galilea hat\u00e1rvid\u00e9k\u00e9n. Amikor bet\u00e9rt az egyik faluba, t\u00edz lepr\u00e1s f\u00e9rfi j\u00f6tt vele&#8230;","protected":false},"author":2,"featured_media":26998,"comment_status":"closed","ping_status":"closed","sticky":false,"template":"","format":"standard","meta":{"footnotes":""},"categories":[6],"tags":[],"class_list":["post-29978","post","type-post","status-publish","format-standard","has-post-thumbnail","hentry","category-igehirdetesek"],"_links":{"self":[{"href":"https:\/\/imalanc.ro\/w\/wp-json\/wp\/v2\/posts\/29978","targetHints":{"allow":["GET"]}}],"collection":[{"href":"https:\/\/imalanc.ro\/w\/wp-json\/wp\/v2\/posts"}],"about":[{"href":"https:\/\/imalanc.ro\/w\/wp-json\/wp\/v2\/types\/post"}],"author":[{"embeddable":true,"href":"https:\/\/imalanc.ro\/w\/wp-json\/wp\/v2\/users\/2"}],"replies":[{"embeddable":true,"href":"https:\/\/imalanc.ro\/w\/wp-json\/wp\/v2\/comments?post=29978"}],"version-history":[{"count":1,"href":"https:\/\/imalanc.ro\/w\/wp-json\/wp\/v2\/posts\/29978\/revisions"}],"predecessor-version":[{"id":29979,"href":"https:\/\/imalanc.ro\/w\/wp-json\/wp\/v2\/posts\/29978\/revisions\/29979"}],"wp:featuredmedia":[{"embeddable":true,"href":"https:\/\/imalanc.ro\/w\/wp-json\/wp\/v2\/media\/26998"}],"wp:attachment":[{"href":"https:\/\/imalanc.ro\/w\/wp-json\/wp\/v2\/media?parent=29978"}],"wp:term":[{"taxonomy":"category","embeddable":true,"href":"https:\/\/imalanc.ro\/w\/wp-json\/wp\/v2\/categories?post=29978"},{"taxonomy":"post_tag","embeddable":true,"href":"https:\/\/imalanc.ro\/w\/wp-json\/wp\/v2\/tags?post=29978"}],"curies":[{"name":"wp","href":"https:\/\/api.w.org\/{rel}","templated":true}]}}