{"id":29976,"date":"2023-11-14T10:59:22","date_gmt":"2023-11-14T09:59:22","guid":{"rendered":"https:\/\/imalanc.ro\/w\/?p=29976"},"modified":"2023-11-22T23:38:59","modified_gmt":"2023-11-22T22:38:59","slug":"haszontalan-szolgak-vagyunk-hiszen-csak-azt-tettuk-ami-a-kotelessegunk-volt","status":"publish","type":"post","link":"https:\/\/imalanc.ro\/w\/haszontalan-szolgak-vagyunk-hiszen-csak-azt-tettuk-ami-a-kotelessegunk-volt\/","title":{"rendered":"Haszontalan szolg\u00e1k vagyunk, hiszen csak azt tett\u00fck, ami a k\u00f6teless\u00e9g\u00fcnk volt"},"content":{"rendered":"<p><em>Abban az id\u0151ben J\u00e9zus \u00edgy sz\u00f3lt tan\u00edtv\u00e1nyaihoz:<\/em><br \/>\n<!--more--><a href=\"https:\/\/imalanc.ro\/w\/wp-content\/uploads\/Az-Ur-nem-szemelyvalogato.jpg\"><img loading=\"lazy\" decoding=\"async\" class=\"aligncenter wp-image-6182 size-full\" src=\"https:\/\/imalanc.ro\/w\/wp-content\/uploads\/Az-Ur-nem-szemelyvalogato.jpg\" alt=\"Isten, az Atya nem szolgai lelk\u00fclet\u0171 szem\u00e9lyeket akar maga k\u00f6r\u00e9 gy\u0171jteni, hanem fiakat, akik v\u00e1rj\u00e1k Urukat, akik szeretetb\u0151l teljes\u00edtik akarat\u00e1t.\" width=\"580\" height=\"288\" srcset=\"https:\/\/imalanc.ro\/w\/wp-content\/uploads\/Az-Ur-nem-szemelyvalogato.jpg 580w, https:\/\/imalanc.ro\/w\/wp-content\/uploads\/Az-Ur-nem-szemelyvalogato-300x148.jpg 300w\" sizes=\"auto, (max-width: 580px) 100vw, 580px\" \/><\/a><\/p>\n<p><em>Melyiktek mondja b\u00e9res\u00e9nek vagy bojt\u00e1rj\u00e1nak, amikor a mez\u0151r\u0151l hazaj\u00f6n: \u201eGyere ide t\u00fcst\u00e9nt, \u00e9s \u00fclj asztalhoz.\u201d <\/em><\/p>\n<p><em>Nem ezt mondja-e ink\u00e1bb: \u201eK\u00e9sz\u00edts nekem vacsor\u00e1t, \u00f6vezd fel magadat, \u00e9s szolg\u00e1lj ki, am\u00edg eszem \u00e9s iszom! Azt\u00e1n majd ehetsz \u00e9s ihatsz te is?\u201d <\/em><\/p>\n<p><em>S tal\u00e1n megk\u00f6sz\u00f6ni a szolg\u00e1nak, hogy teljes\u00edtette parancsait? \u00cdgy ti is, amikor megteszitek, amit parancsoltak nektek, mondj\u00e1tok: haszontalan szolg\u00e1k vagyunk, hiszen csak azt tett\u00fck, ami a k\u00f6teless\u00e9g\u00fcnk volt.<\/em><\/p>\n<p style=\"text-align: center;\"><strong><em>Luk\u00e1cs Evang\u00e9liuma 17, 7-10<\/em><\/strong><\/p>\n<p>Mai p\u00e9ldabesz\u00e9d\u00e9ben J\u00e9zus abb\u00f3l az alapgondolatb\u00f3l indul ki, hogy a szolga a feud\u00e1lis rendszerben saj\u00e1tos m\u00f3don le van k\u00f6telezve ur\u00e1nak. Nem \u00e9breszthet fel\u00e9je k\u00f6vetelm\u00e9nyeket, hiszen \u00e9let\u00e1llapot\u00e1nak saj\u00e1tos helyzete ezt nem teszi sz\u00e1m\u00e1ra lehet\u0151v\u00e9.<\/p>\n<p>J\u00e9zus azonban a tan\u00edtv\u00e1nyaival, apostolaival nem \u00fark\u00e9nt viselkedik, hanem bar\u00e1tk\u00e9nt, hiszen nem haszn\u00e1lja ki \u0151ket a saj\u00e1t k\u00e9nye-kedv\u00e9re, hanem megmutatja nekik, hogyan kell egym\u00e1snak szolg\u00e1ljanak. Nem \u00fark\u00e9nt van jelen k\u00f6zt\u00fck, hanem szolg\u00e1l\u00f3 bar\u00e1tk\u00e9nt.<\/p>\n<p>A menyegz\u0151, lakoma p\u00e9ldabesz\u00e9deiben gyakran megism\u00e9tl\u0151dik. Itt egy h\u00e9tk\u00f6znapi \u00e9tkez\u00e9sr\u0151l besz\u00e9l, amely megmutatja a gazda \u00e9s az szolga k\u00f6zti er\u0151viszonyokat. Nem ragad enn\u00e9l a fel-, \u00e9s al\u00e1rendelt k\u00e9pben, hanem tov\u00e1bbfejleszti, saj\u00e1t \u00e9letp\u00e9ld\u00e1j\u00e1val egy magasabb szintre emeli.<\/p>\n<p>Isten, az Atya nem szolgai lelk\u00fclet\u0171 szem\u00e9lyeket akar maga k\u00f6r\u00e9 gy\u0171jteni, hanem fiakat, akik v\u00e1rj\u00e1k Urukat, akik szeretetb\u0151l teljes\u00edtik akarat\u00e1t. Nem a hatalmi viszonyok d\u00f6ntik el a kapcsolatuk milyens\u00e9g\u00e9t, hanem a k\u00f6zt\u00fck l\u00e9trej\u00f6tt szem\u00e9lyes kapcsolat.<\/p>\n<p style=\"text-align: right;\"><strong><em>Ft. R\u00e1duly Istv\u00e1n Zsolt, Torda<\/em><\/strong><\/p>\n","protected":false},"excerpt":{"rendered":"Abban az id\u0151ben J\u00e9zus \u00edgy sz\u00f3lt tan\u00edtv\u00e1nyaihoz:","protected":false},"author":2,"featured_media":10005,"comment_status":"closed","ping_status":"closed","sticky":false,"template":"","format":"standard","meta":{"footnotes":""},"categories":[6],"tags":[],"class_list":["post-29976","post","type-post","status-publish","format-standard","has-post-thumbnail","hentry","category-igehirdetesek"],"_links":{"self":[{"href":"https:\/\/imalanc.ro\/w\/wp-json\/wp\/v2\/posts\/29976","targetHints":{"allow":["GET"]}}],"collection":[{"href":"https:\/\/imalanc.ro\/w\/wp-json\/wp\/v2\/posts"}],"about":[{"href":"https:\/\/imalanc.ro\/w\/wp-json\/wp\/v2\/types\/post"}],"author":[{"embeddable":true,"href":"https:\/\/imalanc.ro\/w\/wp-json\/wp\/v2\/users\/2"}],"replies":[{"embeddable":true,"href":"https:\/\/imalanc.ro\/w\/wp-json\/wp\/v2\/comments?post=29976"}],"version-history":[{"count":1,"href":"https:\/\/imalanc.ro\/w\/wp-json\/wp\/v2\/posts\/29976\/revisions"}],"predecessor-version":[{"id":29977,"href":"https:\/\/imalanc.ro\/w\/wp-json\/wp\/v2\/posts\/29976\/revisions\/29977"}],"wp:featuredmedia":[{"embeddable":true,"href":"https:\/\/imalanc.ro\/w\/wp-json\/wp\/v2\/media\/10005"}],"wp:attachment":[{"href":"https:\/\/imalanc.ro\/w\/wp-json\/wp\/v2\/media?parent=29976"}],"wp:term":[{"taxonomy":"category","embeddable":true,"href":"https:\/\/imalanc.ro\/w\/wp-json\/wp\/v2\/categories?post=29976"},{"taxonomy":"post_tag","embeddable":true,"href":"https:\/\/imalanc.ro\/w\/wp-json\/wp\/v2\/tags?post=29976"}],"curies":[{"name":"wp","href":"https:\/\/api.w.org\/{rel}","templated":true}]}}