{"id":29972,"date":"2023-11-09T22:45:02","date_gmt":"2023-11-09T21:45:02","guid":{"rendered":"https:\/\/imalanc.ro\/w\/?p=29972"},"modified":"2023-11-13T22:47:38","modified_gmt":"2023-11-13T21:47:38","slug":"29972-2","status":"publish","type":"post","link":"https:\/\/imalanc.ro\/w\/29972-2\/","title":{"rendered":"Hittek az \u00edr\u00e1snak \u00e9s J\u00e9zus szavainak"},"content":{"rendered":"<p style=\"text-align: justify;\"><em> \u00a0Abban az id\u0151ben mivel k\u00f6zel volt a zsid\u00f3k h\u00fasv\u00e9tja, J\u00e9zus f\u00f6lment Jeruzs\u00e1lembe. A templomban \u00e1rusokat tal\u00e1lt, akik \u00f6kr\u00f6t, juhot \u00e9s galambot \u00e1rultak, valamint p\u00e9nzv\u00e1lt\u00f3kat, akik ott \u00fcltek. <\/em><!--more--><a href=\"https:\/\/imalanc.ro\/w\/wp-content\/uploads\/Milenniumi-evzaro-Gyulafehervar-2009-szeptember-29.jpg\"><img loading=\"lazy\" decoding=\"async\" class=\"aligncenter wp-image-1594 size-full\" src=\"https:\/\/imalanc.ro\/w\/wp-content\/uploads\/Milenniumi-evzaro-Gyulafehervar-2009-szeptember-29.jpg\" alt=\"Fontos lenne, hogy azok, akik a templomba bet\u00e9rnek az atyai h\u00e1zra ismerjenek, ahol mindig lehet Istennel tal\u00e1lkozni.\" width=\"570\" height=\"280\" srcset=\"https:\/\/imalanc.ro\/w\/wp-content\/uploads\/Milenniumi-evzaro-Gyulafehervar-2009-szeptember-29.jpg 570w, https:\/\/imalanc.ro\/w\/wp-content\/uploads\/Milenniumi-evzaro-Gyulafehervar-2009-szeptember-29-300x147.jpg 300w\" sizes=\"auto, (max-width: 570px) 100vw, 570px\" \/><\/a><\/p>\n<p style=\"text-align: justify;\"><em>Ekkor k\u00f6telekb\u0151l ostort font, \u00e9s kikergette mindny\u00e1jukat a templomb\u00f3l, ugyan\u00edgy a juhokat \u00e9s az \u00f6kr\u00f6ket is, a p\u00e9nzv\u00e1lt\u00f3k p\u00e9nz\u00e9t pedig sz\u00e9tsz\u00f3rta. Az asztalokat felforgatta, a galamb\u00e1rusoknak meg azt mondta: \u201eVigy\u00e9tek inn\u00e9t ezeket, ne tegy\u00e9tek Aty\u00e1m h\u00e1z\u00e1t v\u00e1s\u00e1rcsarnokk\u00e1!\u201d Tan\u00edtv\u00e1nyainak esz\u00e9be jutott, hogy \u00edrva van: \u201eEm\u00e9szt a h\u00e1zad\u00e9rt val\u00f3 buzg\u00f3s\u00e1g.\u201d<\/em><\/p>\n<p style=\"text-align: justify;\"><em>\u00a0 \u00a0A zsid\u00f3k erre \u00edgy sz\u00f3ltak: \u201eMif\u00e9le csodajelet mutatsz, hogy ezeket teszed?\u201d<\/em><\/p>\n<p style=\"text-align: justify;\"><em>\u00a0 \u00a0J\u00e9zus azt v\u00e1laszolta: \u201eRombolj\u00e1tok le ezt a templomot, \u00e9s \u00e9n h\u00e1rom nap alatt f\u00f6l\u00e9p\u00edtem!\u201d<\/em><\/p>\n<p style=\"text-align: justify;\"><em>\u00a0 \u00a0A zsid\u00f3k azt felelt\u00e9k: \u201eNegyvenhat esztendeig \u00e9p\u00fclt ez a templom, \u00e9s te h\u00e1rom nap alatt f\u00f6l\u00e9p\u00edted azt?\u201d<\/em><\/p>\n<p style=\"text-align: justify;\"><em>\u00a0 \u00a0\u0150 azonban test\u00e9nek templom\u00e1r\u00f3l besz\u00e9lt. Amikor felt\u00e1madt a hal\u00e1lb\u00f3l, tan\u00edtv\u00e1nyainak esz\u00e9be jutott, hogy ezt mondta, s hittek az \u00edr\u00e1snak \u00e9s J\u00e9zus szavainak.<\/em><\/p>\n<p style=\"text-align: justify;\"><strong><em>\u00a0 \u00a0 \u00a0 \u00a0 \u00a0 \u00a0 \u00a0 \u00a0 \u00a0 \u00a0 \u00a0 \u00a0 \u00a0 \u00a0 \u00a0 \u00a0 \u00a0 \u00a0 \u00a0 \u00a0 \u00a0 \u00a0 \u00a0 \u00a0 \u00a0 \u00a0 \u00a0 \u00a0 \u00a0 \u00a0 \u00a0 J\u00e1nos Evang\u00e9liuma 2, 13-22<\/em><\/strong><\/p>\n<p style=\"text-align: justify;\">\u00a0 \u00a0A szent dolgokat kivonj\u00e1k a k\u00f6z\u00f6ns\u00e9ges haszn\u00e1latb\u00f3l. A Templom Izrael legszentebb szent\u00e9lye volt. J\u00e9zus megbotr\u00e1nkozik a Templom el\u0151csarnok\u00e1ban t\u00f6rt\u00e9n\u0151 keresked\u00e9s miatt. Megszentelt helyen nem szabadna helyet adni a kereskedelemnek. Isten h\u00e1z\u00e1nak meg kell adni a szent jelleget. Izraelben a szent\u00e9sgt\u00f6r\u0151ket hal\u00e1lb\u0171ntet\u00e9ssel s\u00fajtott\u00e1k.<\/p>\n<p style=\"text-align: justify;\">\u00a0 \u00a0 J\u00e9zus dics\u0151s\u00e9ges felt\u00e1mad\u00e1s\u00e1r\u00f3l j\u00f6vend\u00f6l. Hallgat\u00f3i azt hitt\u00e9k, hogy a Templom lerombol\u00e1s\u00e1r\u00f3l besz\u00e9l. \u00c9rdekes, hogy besz\u00e9d\u00e9hez nem f\u0171z\u00f6tt semmilyen komment\u00e1rt. B\u00e1r tudta, hogy nem \u00e9rtik szavait, m\u00e9gsem magyar\u00e1zkodik senkinek. Val\u00f3sz\u00edn\u0171 az esem\u00e9ny meg\u00edr\u00e1s\u00e1nak az id\u0151szak\u00e1ban a felt\u00e1mad\u00e1st m\u00e1r k\u00e9sz t\u00e9nyk\u00e9nt kezeli a szent \u00edr\u00f3.<\/p>\n<p style=\"text-align: justify;\">\u00a0 \u00a0A templom ma is szent hely. Bizonyos dolgokat nem szabadna ma sem elk\u00f6vetni benne. Az emberek \u00e1ltal\u00e1ban elcsendesed\u00e9st keresnek Isten h\u00e1z\u00e1ban, pontosan ez\u00e9rt olyan nagyon zavar\u00f3, amikor valakik hangosan besz\u00e9lnek, vagy vigyorognak ott. Szent Ter\u00e9z kor\u00e1ban volt egy ap\u00e1ca, aki \u00e1lland\u00f3an k\u00f6h\u00f6g\u00f6tt a templomban \u00e9s zavarta a t\u00f6bbieket. Ez j\u00f3 iskol\u00e1nak bizonyult arra, hogy a z\u00e1rd\u00e1n bel\u00fcl megtanulj\u00e1k az elfogad\u00e1st \u00e9s m\u00e1sok bogarainak az elfogad\u00e1s\u00e1t.<\/p>\n<p style=\"text-align: justify;\">\u00a0 \u00a0Isten h\u00e1za mindenki sz\u00e1m\u00e1ra nyitva \u00e1ll. Senkit sem szoktak kizavarni bel\u0151le, addig ameddig nem kezd el rendetlenkedni. Ma igen kevesen j\u00e1rnak a templomokba, mert nem \u00e9rzik maguk\u00e9nak a templomot. \u0150seik sok \u00e1ldozatot v\u00e1llaltak, hogy fel\u00e9p\u00edts\u00e9k ezeket a szent\u00e9lyeket, de ut\u00f3daik m\u00e1r nem tudj\u00e1k \u00e9rt\u00e9kelni ezt az \u00e1ldozatot. Fontos lenne, hogy azok, akik a templomba bet\u00e9rnek az atyai h\u00e1zra ismerjenek, ahol mindig lehet Istennel tal\u00e1lkozni. Hiszen nem az\u00e9rt \u00e9p\u00fcltek, hogy csak a hit b\u00e1sty\u00e1i maradjanak, hanem az\u00e9rt, hogy megteljenek lelk\u00fclettel, igazi im\u00e1d\u00f3kkal, szeret\u0151 k\u00f6z\u00f6ss\u00e9ggel.<\/p>\n<p style=\"text-align: right;\"><strong><em>Ft. R\u00e1duly Istv\u00e1n Zsolt, Torda<\/em><\/strong><\/p>\n","protected":false},"excerpt":{"rendered":"\u00a0Abban az id\u0151ben mivel k\u00f6zel volt a zsid\u00f3k h\u00fasv\u00e9tja, J\u00e9zus f\u00f6lment Jeruzs\u00e1lembe. A templomban \u00e1rusokat tal\u00e1lt, akik \u00f6kr\u00f6t, juhot \u00e9s&#8230;","protected":false},"author":2,"featured_media":29071,"comment_status":"closed","ping_status":"closed","sticky":false,"template":"","format":"standard","meta":{"footnotes":""},"categories":[6],"tags":[],"class_list":["post-29972","post","type-post","status-publish","format-standard","has-post-thumbnail","hentry","category-igehirdetesek"],"_links":{"self":[{"href":"https:\/\/imalanc.ro\/w\/wp-json\/wp\/v2\/posts\/29972","targetHints":{"allow":["GET"]}}],"collection":[{"href":"https:\/\/imalanc.ro\/w\/wp-json\/wp\/v2\/posts"}],"about":[{"href":"https:\/\/imalanc.ro\/w\/wp-json\/wp\/v2\/types\/post"}],"author":[{"embeddable":true,"href":"https:\/\/imalanc.ro\/w\/wp-json\/wp\/v2\/users\/2"}],"replies":[{"embeddable":true,"href":"https:\/\/imalanc.ro\/w\/wp-json\/wp\/v2\/comments?post=29972"}],"version-history":[{"count":3,"href":"https:\/\/imalanc.ro\/w\/wp-json\/wp\/v2\/posts\/29972\/revisions"}],"predecessor-version":[{"id":29975,"href":"https:\/\/imalanc.ro\/w\/wp-json\/wp\/v2\/posts\/29972\/revisions\/29975"}],"wp:featuredmedia":[{"embeddable":true,"href":"https:\/\/imalanc.ro\/w\/wp-json\/wp\/v2\/media\/29071"}],"wp:attachment":[{"href":"https:\/\/imalanc.ro\/w\/wp-json\/wp\/v2\/media?parent=29972"}],"wp:term":[{"taxonomy":"category","embeddable":true,"href":"https:\/\/imalanc.ro\/w\/wp-json\/wp\/v2\/categories?post=29972"},{"taxonomy":"post_tag","embeddable":true,"href":"https:\/\/imalanc.ro\/w\/wp-json\/wp\/v2\/tags?post=29972"}],"curies":[{"name":"wp","href":"https:\/\/api.w.org\/{rel}","templated":true}]}}