{"id":29969,"date":"2023-11-13T22:11:35","date_gmt":"2023-11-13T21:11:35","guid":{"rendered":"https:\/\/imalanc.ro\/w\/?p=29969"},"modified":"2023-11-22T23:38:40","modified_gmt":"2023-11-22T22:38:40","slug":"noveld-bennunk-a-hitet","status":"publish","type":"post","link":"https:\/\/imalanc.ro\/w\/noveld-bennunk-a-hitet\/","title":{"rendered":"N\u00f6veld benn\u00fcnk a hitet!"},"content":{"rendered":"<p><em>Egy alkalommal J\u00e9zus \u00edgy besz\u00e9lt tan\u00edtv\u00e1nyaihoz:<\/em><br \/>\n<!--more--><a href=\"https:\/\/imalanc.ro\/w\/wp-content\/uploads\/Isten-ajandekai-a-Fiunak.jpg\"><img loading=\"lazy\" decoding=\"async\" class=\"aligncenter wp-image-15129 size-full\" src=\"https:\/\/imalanc.ro\/w\/wp-content\/uploads\/Isten-ajandekai-a-Fiunak.jpg\" alt=\"A hit Isten aj\u00e1nd\u00e9ka, \u00e9s hit n\u00e9lk\u00fcl senki sem tud tetszeni Istennek.\" width=\"580\" height=\"280\" srcset=\"https:\/\/imalanc.ro\/w\/wp-content\/uploads\/Isten-ajandekai-a-Fiunak.jpg 580w, https:\/\/imalanc.ro\/w\/wp-content\/uploads\/Isten-ajandekai-a-Fiunak-300x145.jpg 300w\" sizes=\"auto, (max-width: 580px) 100vw, 580px\" \/><\/a><\/p>\n<p><em>\u201eLehetetlen, hogy botr\u00e1nyok ne forduljanak el\u0151; de jaj annak, aki azokat okozza! Jobb lenne, ha malomk\u00f6vet k\u00f6tn\u00e9nek a nyak\u00e1ra, \u00e9s a tengerbe dobn\u00e1k, mint hogy egyet is megbotr\u00e1nkoztasson ezek k\u00f6z\u00fcl a kicsinyek k\u00f6z\u00fcl. Vigy\u00e1zzatok magatokra!<\/em><\/p>\n<p><em>Ha v\u00e9t ellened testv\u00e9red, fedd meg! De ha megb\u00e1nja, bocs\u00e1ss meg neki! M\u00e9g ha napj\u00e1ban h\u00e9tszer v\u00e9t is ellened, de h\u00e9tszer fordul hozz\u00e1d, \u00e9s azt mondja: Megb\u00e1ntam, \u2013 bocs\u00e1ss meg neki!\u201d<\/em><\/p>\n<p><em>Az apostolok k\u00e9rt\u00e9k az Urat: \u201eN\u00f6veld benn\u00fcnk a hitet!\u201d<\/em><\/p>\n<p><em>Az \u00dar \u00edgy v\u00e1laszolt: \u201eHa csak akkora hitetek lesz is, mint a must\u00e1rmag, \u00e9s azt mondj\u00e1tok ennek a szederf\u00e1nak: Szakadj ki t\u00f6vest\u0151l, \u00e9s verj gy\u00f6keret a tengerben! \u2013 engedelmeskedik nektek.\u201d<\/em><\/p>\n<p style=\"text-align: center;\"><strong><em>Luk\u00e1cs Evang\u00e9liuma <\/em><\/strong><strong><em>17, 1-6<\/em><\/strong><\/p>\n<p>A mai evang\u00e9lium h\u00e1rom t\u00e9m\u00e1t taglal mag\u00e1ba, az els\u0151ben J\u00e9zus a botr\u00e1nyokr\u00f3l besz\u00e9l. Besz\u00e9d\u00e9nek m\u00e1r az elej\u00e9n lesz\u00f6gezi, hogy a botr\u00e1nyokat nem lehet teljesen kik\u00fcsz\u00f6b\u00f6lni sem a vil\u00e1gb\u00f3l, sem a kereszt\u00e9ny k\u00f6z\u00f6ss\u00e9gekb\u0151l.<\/p>\n<p>A mai kort lehetne a botr\u00e1nyok korszak\u00e1nak is nevezni, mert egyes emberek szeretik \u00e9s keresik a botr\u00e1nyokat. Ha nem tudnak el\u0151rehaladni, a rangl\u00e9tr\u00e1n emelkedni, akkor m\u00e1sok h\u00edrnev\u00e9nek bepiszk\u00edt\u00e1s\u00e1val, vagy becs\u00fclet\u00fck lej\u00e1rat\u00e1s\u00e1val fogalalkoznak. Viszont ez\u00e1ltal nem lesznek sem boldogabbak, sem \u00fcgyesebbek m\u00e1sok szem\u00e9ben. Egy m\u00e1sik csoportja az emberis\u00e9gnek egyenesen keresi a megbotr\u00e1nkoztat\u00e1s lehet\u0151s\u00e9g\u00e9t. Gyermekkorukban nem kaptak el\u00e9g figyelmet, elfogad\u00e1st, dics\u00e9retet, ez\u00e9rt felt\u0171n\u00e9si viszketegs\u00e9gben szenvednek. Ha rendes \u00faton nem tudnak \u00e9rv\u00e9nyes\u00fclni, akkor azzal pr\u00f3b\u00e1lj\u00e1k magukra felh\u00edvni a figyelmet, hogy olyat tesznek, ami m\u00e1sokat felh\u00e1bor\u00edt, egyenesen megs\u00e9rt. Alig v\u00e1rj\u00e1k, hogy valaki sz\u00e1mba vegye \u0151ket, hogy vitatkozhassanak egy j\u00f3t.<\/p>\n<p>J\u00e9zus az evang\u00e9liumi szakasz m\u00e1sodik fel\u00e9ben a megbocs\u00e1t\u00e1sr\u00f3l tan\u00edt. A megbocs\u00e1t\u00e1s saj\u00e1tosan kereszt\u00e9ny cselekedet. A v\u00e9tkezni ige itt mag\u00e1ba foglalja az Isten \u00e9s embert\u00e1rs ellen elk\u00f6vetett valamennyi b\u0171n\u00f6ket. Itt ink\u00e1bb a k\u00f6z\u00f6ss\u00e9gben elk\u00f6vetett mulaszt\u00e1sokr\u00f3l, felel\u0151tlens\u00e9gekr\u0151l van sz\u00f3. M\u00e1t\u00e9t\u00f3l elt\u00e9r\u0151en itt naponta h\u00e9tszer kell megbocs\u00e1tani a b\u0171n\u00f6snek: a l\u00e9nyeg ugyanaz, mindig meg kell bocs\u00e1tani. Az igazi megbocs\u00e1t\u00e1s azt jelenti, hogy elfelejt\u00fcnk minden ellen\u00e9rz\u00e9st, gy\u0171l\u00f6letet, bossz\u00fav\u00e1gyat \u00e9s jogot.<br \/>\nA harmadik szakasz a hitr\u0151l tan\u00edt minket. A hitnek nem a nagys\u00e1ga a l\u00e9nyege, hanem annak a l\u00e9tez\u00e9se. Egy kis hittel az ember nagy dolgokat tud m\u0171velni. A hit Isten aj\u00e1nd\u00e9ka, \u00e9s hit n\u00e9lk\u00fcl senki sem tud tetszeni Istennek.<\/p>\n<p>A tan\u00edtv\u00e1nyok a saj\u00e1t b\u0151r\u00fck\u00f6n tapasztalt\u00e1k meg a hit t\u00f6r\u00e9keny, kicsiny volt\u00e1t.<\/p>\n<p style=\"text-align: right;\"><strong><em>Ft. R\u00e1duly Istv\u00e1n Zsolt, Torda<\/em><\/strong><\/p>\n","protected":false},"excerpt":{"rendered":"Egy alkalommal J\u00e9zus \u00edgy besz\u00e9lt tan\u00edtv\u00e1nyaihoz:","protected":false},"author":2,"featured_media":16677,"comment_status":"closed","ping_status":"closed","sticky":false,"template":"","format":"standard","meta":{"footnotes":""},"categories":[6],"tags":[],"class_list":["post-29969","post","type-post","status-publish","format-standard","has-post-thumbnail","hentry","category-igehirdetesek"],"_links":{"self":[{"href":"https:\/\/imalanc.ro\/w\/wp-json\/wp\/v2\/posts\/29969","targetHints":{"allow":["GET"]}}],"collection":[{"href":"https:\/\/imalanc.ro\/w\/wp-json\/wp\/v2\/posts"}],"about":[{"href":"https:\/\/imalanc.ro\/w\/wp-json\/wp\/v2\/types\/post"}],"author":[{"embeddable":true,"href":"https:\/\/imalanc.ro\/w\/wp-json\/wp\/v2\/users\/2"}],"replies":[{"embeddable":true,"href":"https:\/\/imalanc.ro\/w\/wp-json\/wp\/v2\/comments?post=29969"}],"version-history":[{"count":1,"href":"https:\/\/imalanc.ro\/w\/wp-json\/wp\/v2\/posts\/29969\/revisions"}],"predecessor-version":[{"id":29970,"href":"https:\/\/imalanc.ro\/w\/wp-json\/wp\/v2\/posts\/29969\/revisions\/29970"}],"wp:featuredmedia":[{"embeddable":true,"href":"https:\/\/imalanc.ro\/w\/wp-json\/wp\/v2\/media\/16677"}],"wp:attachment":[{"href":"https:\/\/imalanc.ro\/w\/wp-json\/wp\/v2\/media?parent=29969"}],"wp:term":[{"taxonomy":"category","embeddable":true,"href":"https:\/\/imalanc.ro\/w\/wp-json\/wp\/v2\/categories?post=29969"},{"taxonomy":"post_tag","embeddable":true,"href":"https:\/\/imalanc.ro\/w\/wp-json\/wp\/v2\/tags?post=29969"}],"curies":[{"name":"wp","href":"https:\/\/api.w.org\/{rel}","templated":true}]}}